{"id":960072,"date":"2026-04-20T16:03:41","date_gmt":"2026-04-20T16:03:41","guid":{"rendered":"https:\/\/www.europesays.com\/de\/960072\/"},"modified":"2026-04-20T16:03:41","modified_gmt":"2026-04-20T16:03:41","slug":"foerdermittel-fuer-kreative-schulprojekte-bis-25-mai-abgeben","status":"publish","type":"post","link":"https:\/\/www.europesays.com\/de\/960072\/","title":{"rendered":"F\u00f6rdermittel f\u00fcr kreative Schulprojekte bis 25. Mai abgeben"},"content":{"rendered":"<p>F\u00f6rdermittel schaffen an Wiesbadener Schulen Raum f\u00fcr  Tanz-, Musik- und Theaterprojekte. Kreative Ideen und die Zusammenarbeit mit Kulturpartnern stehen im Fokus.<\/p>\n<p>Wie im Herbst bekannt gegeben, f\u00f6rdert Wiesbaden auch 2026 Projekte, die Schulen in enger Zusammenarbeit mit Kultureinrichtungen, Kulturvereinen oder freien K\u00fcnstlern umsetzen. Das Spektrum der m\u00f6glichen Ideen  reicht von Tanz-, Musik- und Medienformate bis hin zu Theater- und Kunstwerkst\u00e4tten. Auch Kombinationen aus diesen Sparten oder andere kreative und k\u00fcnstlerische Ideen sind denkbar. Dabei gilt es zu beachten, dass keine fertigen Formate von den Schulen eingekauft werden, sondern Schule und Kulturpartner die Projektidee mit der Sch\u00fclerschaft gemeinsam abstimmen. <\/p>\n<p>Ab sofort k\u00f6nnen sich Schulen mit Projektideen \u00fcber das st\u00e4dtische Antragsportal \u201eFundgarden\u201c <a href=\"http:\/\/kulturfoerderantraege-wiesbaden.fund.garden\/ b\" rel=\"nofollow noopener\" target=\"_blank\"><strong>kulturfoerderantraege-wiesbaden.fund.garden\/ <\/strong>b<\/a>ewerben. Antragsfrist ist Montag, 25. Mai. Eine Fachjury entscheidet im Juni 2026 \u00fcber die Vergabe.<\/p>\n<p>Antr\u00e4ge f\u00fcr kleinere Projekte mit einem finanziellen Rahmen bis zu 800 Euro k\u00f6nnen jederzeit \u00fcber das zugeh\u00f6rige Antragsformular des digitalen Antragsportals eingereicht werden.<\/p>\n<p>Jetzt bewerben, f\u00fcr F\u00f6rdermittel f\u00fcr kreative Schulprojekte<\/p>\n<p>Die Landeshauptstadt Wiesbaden vergibt wieder F\u00f6rdermittel. Schulen haben bietet sich jetzt die Gelegenheit, Projektideen f\u00fcr das zweite Schulhalbjahr 2025\/2026 einzureichen. \u00dcber das st\u00e4dtische Antragsportal \u201eFundgarden\u201c k\u00f6nnen Lehrkr\u00e4fte ab sofort ihre Konzepte hochladen. <strong>Die Bewerbungsfrist endet am Sonntag, 23. November.<\/strong> Eine fachkundige Jury entscheidet im Dezember \u00fcber die Vergabe der Mittel.<\/p>\n<p><strong>Kooperationen stehen im Mittelpunkt<\/strong><\/p>\n<p>Gef\u00f6rdert werden Projekte, die Schulen in enger Zusammenarbeit mit Kultureinrichtungen, Kulturvereinen oder freien K\u00fcnstlern entwickeln. Ziel ist nicht, fertige Programme einzukaufen, sondern gemeinsam mit der Sch\u00fclerschaft neue Formate zu gestalten. <strong>Die Bandbreite reicht von Tanz-, Musik- und Medienprojekten bis hin zu Theater- und Kunstwerkst\u00e4tten<\/strong> \u2013 oder spannenden Mischformen.<\/p>\n<p><strong>Innovative Ideen gefragt<\/strong><\/p>\n<p>Die Projekte sollen aktiv, kreativ und teilhabend sein. Sie k\u00f6nnen im regul\u00e4ren Unterricht oder dar\u00fcber hinaus stattfinden, als Workshops, Projektwochen, AGs oder Exkursionen. <strong>Ob kurz-, mittel- oder langfristig \u2013 alle Vorhaben m\u00fcssen Sch\u00fcler in die Gestaltung einbinden<\/strong>. Die Stadt bietet dar\u00fcber hinaus die M\u00f6glichkeit einer Anschlussf\u00f6rderung, um erfolgreiche Konzepte fortzuf\u00fchren.<\/p>\n<p><strong>Warum sich eine Bewerbung lohnt<\/strong><\/p>\n<p>F\u00f6rdermittel erm\u00f6glichen Schulen, kulturelle Bildung lebendig zu gestalten und Sch\u00fcler echte Mitbestimmung zu geben. Projekte bieten Chancen, k\u00fcnstlerische F\u00e4higkeiten zu entdecken, Teamarbeit zu st\u00e4rken und neue Ausdrucksformen zu erproben. Die Initiative unterst\u00fctzt nicht nur einzelne Schulen, sondern tr\u00e4gt dazu bei, Wiesbaden als Stadt der kulturellen Vielfalt sichtbar zu machen. Alle Details, F\u00f6rderrichtlinien und die Online-Bewerbung finden Interessierte unter dem Link am Ende der Seite.<\/p>\n<p>Symbolfoto \u00a92023 Wiesbaden lebt!<\/p>\n<p>Weitere Nachrichten aus dem <strong>Ortsbezirk Mitte<\/strong> <a href=\"http:\/\/wiesbaden-lebt.de\/tag\/mitte\" rel=\"nofollow noopener\" target=\"_blank\">lesen Sie hier.<\/a><\/p>\n<p>Mehr zum F\u00f6rderprogramm <strong><a href=\"https:\/\/www.wiesbaden.de\/kultur\/kultur-machen\/kulturfoerderung-stadt\/kulturelle-bildung-an-schulen\" rel=\"nofollow noopener\" target=\"_blank\">Kulturelle Bildung an Schulen<\/a><\/strong>.<\/p>\n<p><img loading=\"lazy\" decoding=\"async\" id=\"metis-img-pixel\" src=\"https:\/\/www.europesays.com\/de\/wp-content\/uploads\/2026\/04\/a91a8db7512349579d4d30dc571d8955.gif\" width=\"1\" height=\"1\" alt=\"\"\/>\t\t\t\t\t\t<\/p>\n","protected":false},"excerpt":{"rendered":"F\u00f6rdermittel schaffen an Wiesbadener Schulen Raum f\u00fcr Tanz-, Musik- und Theaterprojekte. Kreative Ideen und die Zusammenarbeit mit Kulturpartnern&hellip;\n","protected":false},"author":2,"featured_media":960073,"comment_status":"","ping_status":"","sticky":false,"template":"","format":"standard","meta":{"footnotes":"","_share_on_mastodon":"0"},"categories":[1847],"tags":[4568,56420,3364,29,548,663,3934,37215,30,13,2052,79868,14,15,12,4544],"class_list":["post-960072","post","type-post","status-publish","format-standard","has-post-thumbnail","category-wiesbaden","tag-schulen","tag-schulamt","tag-de","tag-deutschland","tag-eu","tag-europa","tag-europe","tag-foerdermittel","tag-germany","tag-headlines","tag-hessen","tag-kulturamt","tag-nachrichten","tag-news","tag-schlagzeilen","tag-wiesbaden"],"share_on_mastodon":{"url":"https:\/\/pubeurope.com\/@de\/116437884935517556","error":""},"_links":{"self":[{"href":"https:\/\/www.europesays.com\/de\/wp-json\/wp\/v2\/posts\/960072","targetHints":{"allow":["GET"]}}],"collection":[{"href":"https:\/\/www.europesays.com\/de\/wp-json\/wp\/v2\/posts"}],"about":[{"href":"https:\/\/www.europesays.com\/de\/wp-json\/wp\/v2\/types\/post"}],"author":[{"embeddable":true,"href":"https:\/\/www.europesays.com\/de\/wp-json\/wp\/v2\/users\/2"}],"replies":[{"embeddable":true,"href":"https:\/\/www.europesays.com\/de\/wp-json\/wp\/v2\/comments?post=960072"}],"version-history":[{"count":0,"href":"https:\/\/www.europesays.com\/de\/wp-json\/wp\/v2\/posts\/960072\/revisions"}],"wp:featuredmedia":[{"embeddable":true,"href":"https:\/\/www.europesays.com\/de\/wp-json\/wp\/v2\/media\/960073"}],"wp:attachment":[{"href":"https:\/\/www.europesays.com\/de\/wp-json\/wp\/v2\/media?parent=960072"}],"wp:term":[{"taxonomy":"category","embeddable":true,"href":"https:\/\/www.europesays.com\/de\/wp-json\/wp\/v2\/categories?post=960072"},{"taxonomy":"post_tag","embeddable":true,"href":"https:\/\/www.europesays.com\/de\/wp-json\/wp\/v2\/tags?post=960072"}],"curies":[{"name":"wp","href":"https:\/\/api.w.org\/{rel}","templated":true}]}}