{"id":960240,"date":"2026-04-20T17:52:01","date_gmt":"2026-04-20T17:52:01","guid":{"rendered":"https:\/\/www.europesays.com\/de\/960240\/"},"modified":"2026-04-20T17:52:01","modified_gmt":"2026-04-20T17:52:01","slug":"neunter-trinkwasserbrunnen-der-stadt-wuppertal-eingeweiht","status":"publish","type":"post","link":"https:\/\/www.europesays.com\/de\/960240\/","title":{"rendered":"Neunter Trinkwasserbrunnen der Stadt Wuppertal eingeweiht"},"content":{"rendered":"<p class=\"text_ohne_einzug richtext text-em-55 !leading-serif mx-6 desktop:mx-0\">Der neunte \u00f6ffentliche Trinkwasserbrunnen im Stadtgebiet kann genutzt werden: Der st\u00e4dtische Eigenbetrieb Wasser und Abwasser Wuppertal lud am Montag zur feierlichen Einweihung des neuen Erfrischungsbrunnens im Nordpark ein. Um 14 Uhr floss das erste k\u00fchle Nass und Vertreter der Stadt und der Partner stie\u00dfen schr\u00e4g gegen\u00fcber dem Damwildgehege nahe dem Geb\u00e4ude Mallack 1 mit einem Glas Wasser an. Der neue Treffpunkt im Gr\u00fcnen entstand, weil sich der Nordst\u00e4dter B\u00fcrgerverein leidenschaftlich f\u00fcr das Projekt eingesetzt hat.<\/p>\n<p class=\"richtext text-em-55 !leading-serif mx-6 desktop:mx-0\">\u201eWir sind sehr erfreut, dass ein weiterer Trinkwasserbrunnen in Wuppertal eingeweiht werden konnte\u201c, so die stellvertretende Barmer Bezirksb\u00fcrgermeisterin Franziska Truse (B\u00fcndnis 90\/Die Gr\u00fcnen). Bereits im August 2022 hatte ihre Fraktion in einem Antrag mehr Trinkwasserbrunnen f\u00fcr Barmen angeregt und unter anderem auch den Brunnen im Nordpark vorgeschlagen. Seitdem hat Rainer Widmann, der gr\u00fcne Fraktionssprecher in der BV, das Thema immer wieder auf die Tagesordnung gesetzt. \u201eZwar verz\u00f6gert sich die Aufstellung des f\u00fcr den Werth geplanten Trinkwasserbrunnens, aber nun wurde erfreulicherweise der von uns angeregte Brunnen im Nordpark kurzfristig rechtzeitig vor der warmen Jahreszeit in Betrieb genommen. Wir bedanken uns ausdr\u00fccklich daf\u00fcr, dass sich der Nordst\u00e4dter B\u00fcrgerverein als Pate f\u00fcr den Brunnen bereit erkl\u00e4rt hat, denn nur so konnte der Standort erm\u00f6glicht werden\u201c, sagte Widmann bei der Einweihung. \u201eDa hier im Sommer sehr viele Menschen unterwegs sind, sei der Standort vonseiten des Eigenbetriebs Wasser und Abwasser und der WSW optimal gew\u00e4hlt und die von der Bezirksvertretung bereitgestellten Mittel sehr sinnvoll eingesetzt. Am 17. Juni 2025 hatte die BV die Verwendung von Mitteln nach Gemeinde-Finanzierungs-Gesetz in H\u00f6he von 16 000 Euro f\u00fcr die Errichtung von Trinkwasserbrunnen beschlossen. Sie reichten f\u00fcr den neuen Brunnen aus. Bei immer hei\u00dfer werdenden Sommertagen sei eine gute Versorgung mit kostenlosem Trinkwasser f\u00fcr die B\u00fcrger notwendiger denn je.  HBA<\/p>\n","protected":false},"excerpt":{"rendered":"Der neunte \u00f6ffentliche Trinkwasserbrunnen im Stadtgebiet kann genutzt werden: Der st\u00e4dtische Eigenbetrieb Wasser und Abwasser Wuppertal lud am&hellip;\n","protected":false},"author":2,"featured_media":960241,"comment_status":"","ping_status":"","sticky":false,"template":"","format":"standard","meta":{"footnotes":"","_share_on_mastodon":"0"},"categories":[1840],"tags":[2500,11235,17463,50765,12612,68422,3364,29,208806,30,208805,46120,1209,208804,17016,6423,8236,4106,4418],"class_list":["post-960240","post","type-post","status-publish","format-standard","has-post-thumbnail","category-wuppertal","tag-brunnen","tag-abwasser","tag-barmen","tag-bezirksbuergermeisterin","tag-buerger","tag-buergerverein","tag-de","tag-deutschland","tag-erfrischungsbrunnens","tag-germany","tag-leidenschaftlich","tag-nordpark","tag-nordrhein-westfalen","tag-nordstaedter","tag-standort","tag-trinkwasser","tag-trinkwasserbrunnen","tag-wasser","tag-wuppertal"],"share_on_mastodon":{"url":"https:\/\/pubeurope.com\/@de\/116438312285155734","error":""},"_links":{"self":[{"href":"https:\/\/www.europesays.com\/de\/wp-json\/wp\/v2\/posts\/960240","targetHints":{"allow":["GET"]}}],"collection":[{"href":"https:\/\/www.europesays.com\/de\/wp-json\/wp\/v2\/posts"}],"about":[{"href":"https:\/\/www.europesays.com\/de\/wp-json\/wp\/v2\/types\/post"}],"author":[{"embeddable":true,"href":"https:\/\/www.europesays.com\/de\/wp-json\/wp\/v2\/users\/2"}],"replies":[{"embeddable":true,"href":"https:\/\/www.europesays.com\/de\/wp-json\/wp\/v2\/comments?post=960240"}],"version-history":[{"count":0,"href":"https:\/\/www.europesays.com\/de\/wp-json\/wp\/v2\/posts\/960240\/revisions"}],"wp:featuredmedia":[{"embeddable":true,"href":"https:\/\/www.europesays.com\/de\/wp-json\/wp\/v2\/media\/960241"}],"wp:attachment":[{"href":"https:\/\/www.europesays.com\/de\/wp-json\/wp\/v2\/media?parent=960240"}],"wp:term":[{"taxonomy":"category","embeddable":true,"href":"https:\/\/www.europesays.com\/de\/wp-json\/wp\/v2\/categories?post=960240"},{"taxonomy":"post_tag","embeddable":true,"href":"https:\/\/www.europesays.com\/de\/wp-json\/wp\/v2\/tags?post=960240"}],"curies":[{"name":"wp","href":"https:\/\/api.w.org\/{rel}","templated":true}]}}