{"id":960696,"date":"2026-04-20T22:37:14","date_gmt":"2026-04-20T22:37:14","guid":{"rendered":"https:\/\/www.europesays.com\/de\/960696\/"},"modified":"2026-04-20T22:37:14","modified_gmt":"2026-04-20T22:37:14","slug":"beth-orton-hat-eine-uk-tour-fuer-ende-dieses-jahres-angekuendigt-und-sie-wird-in-einem-londoner-theater-auftreten","status":"publish","type":"post","link":"https:\/\/www.europesays.com\/de\/960696\/","title":{"rendered":"Beth Orton hat eine UK-Tour f\u00fcr Ende dieses Jahres angek\u00fcndigt \u2013 und sie wird in einem Londoner Theater auftreten"},"content":{"rendered":"<p>\t\t\t\t\t\t\t<img loading=\"lazy\" decoding=\"async\" src=\"data:image\/svg+xml,%3Csvg%20xmlns=\" http:=\"\" class=\"wp-block-post-featured-image\" alt=\"Beth Orton bei einem Live-Auftritt im Jahr 2015\" width=\"1024\" height=\"692\" data-lazy-src=\"https:\/\/www.europesays.com\/de\/wp-content\/uploads\/2026\/04\/Beth-Orton-1024x692.jpg\"\/><\/p>\n<p>\t\t\t\t\t\t\t\t\tFoto von Kevin Winter\/Getty Images<\/p>\n<p>\t\t\t<a data-force-follow=\"\" href=\"https:\/\/secretldn.com\/de\/author\/jack-saddler\/\" rel=\"follow nofollow noopener\" target=\"_blank\"><img loading=\"lazy\" decoding=\"async\" alt=\"\" src=\"data:image\/svg+xml,%3Csvg%20xmlns=\" http:=\"\" data-lazy- class=\"avatar avatar-40 photo\" height=\"40\" width=\"40\" data-lazy-src=\"https:\/\/www.europesays.com\/de\/wp-content\/uploads\/2026\/04\/1776724634_152_6f5c7baa7e6a495b134dc4931fc95ed13814ff1b13319deed787393a12b2dd54.png\"\/><\/a><\/p>\n<p>\n\t\t\t\t\u00a0\u2013\u00a0<br \/>\n\t\t\t\tSenior Staff Writer\n\t\t\t<\/p>\n<p>\t\t\t\u00a0\u00b7\u00a0<br \/>\n\t\t\t20 April, 2026<\/p>\n<p><strong>Beth Orton<\/strong> hat gerade eine Reihe von Konzerten in ganz Gro\u00dfbritannien f\u00fcr sp\u00e4ter in diesem Jahr angek\u00fcndigt, darunter einen Auftritt im <strong>Londoner Alexandra Palace Theatre am Donnerstag, den 22. Oktober<\/strong>. <\/p>\n<p>Neben dem Auftritt in der Hauptstadt wird <strong>Beth Orton<\/strong> Konzerte in Brighton, Manchester, Nottingham, Leeds, Glasgow, Bristol und Norwich geben, die alle auf eine Reihe von Konzerten in den USA im September folgen. <\/p>\n<p>Die Konzerte finden kurz nach Beth Ortons letzten Auftritten in Gro\u00dfbritannien statt, wobei ihr j\u00fcngster Auftritt in <strong>der St. Pancras Old Church in London<\/strong> war. <\/p>\n<p><strong>Beth Orton<\/strong> ver\u00f6ffentlicht au\u00dferdem am 26. Juni ihr neuntes Studioalbum \u201eThe Ground Above\u201c, wobei die erste Single \u201eWaiting\u201c heute (20. April) erscheint. Es folgt auf ihr letztes Album \u201eWeather Alive\u201c, das 2022 erschien. <\/p>\n<p>So bekommst du Tickets f\u00fcr Beth Orton in London<\/p>\n<p>Tickets f\u00fcr <strong>die Beth-Orton-Konzerte<\/strong> gehen sp\u00e4ter in dieser Woche, am Freitag, dem 24. April, um 10 Uhr in den allgemeinen Verkauf, und du kannst sie <a href=\"https:\/\/link.dice.fm\/J82193d6e924\" rel=\"nofollow noopener\" target=\"_blank\" class=\"shortcode-outbound-link\" data-has-ga=\"true\" data-ga-type=\"click\" data-label=\"https:\/\/link.dice.fm\/J82193d6e924\" data-action=\"text_cta_0\" data-category=\"click_non_sales\">hier<\/a> buchen. Es gibt au\u00dferdem einen Vorverkauf f\u00fcr die jeweiligen Veranstaltungsorte, der am <strong>Donnerstag, dem 23. April,<\/strong> zur gleichen Zeit beginnt; die Details findest du <a href=\"https:\/\/www.alexandrapalace.com\/whats-on\/beth-orton\/\" rel=\"nofollow noopener\" target=\"_blank\" class=\"shortcode-outbound-link\" data-has-ga=\"true\" data-ga-type=\"click\" data-label=\"https:\/\/www.alexandrapalace.com\/whats-on\/beth-orton\/\" data-action=\"text_cta_1\" data-category=\"click_non_sales\">hier<\/a>. <\/p>\n<p>Beth Orton Tour \u201926 \u2013 Termine in Gro\u00dfbritannien<\/p>\n<p>12. Oktober \u2013 Brighton, Concorde 2<br \/>13. Oktober \u2013 Manchester, Stoller Hall<br \/>14. Oktober \u2013 Nottingham, Rescue Rooms<br \/>16. Oktober \u2013 Leeds, Howard Assembly Rooms<br \/>17. Oktober \u2013 Glasgow, St. Lukes<br \/>19. Oktober \u2013 Bristol, Trinity Centre<br \/>21. Oktober \u2013 Norwich, Arts Centre<br \/><strong>22. Oktober \u2013 London, Alexandra Palace Theatre<\/strong><\/p>\n<p> <a href=\"https:\/\/link.dice.fm\/J82193d6e924\" rel=\"nofollow noopener\" target=\"_blank\" class=\"shortcode-outbound-link\" data-has-ga=\"true\" data-ga-type=\"click\" data-label=\"https:\/\/link.dice.fm\/J82193d6e924\" data-action=\"text_cta_2\" data-category=\"click_non_sales\">Hier<\/a> kannst du dir eine Erinnerung einrichten, sobald der Ticketverkauf f\u00fcr Beth Ortons London-Konzert startet. <\/p>\n","protected":false},"excerpt":{"rendered":"Foto von Kevin Winter\/Getty Images \u00a0\u2013\u00a0 Senior Staff Writer \u00a0\u00b7\u00a0 20 April, 2026 Beth Orton hat gerade eine&hellip;\n","protected":false},"author":2,"featured_media":960697,"comment_status":"","ping_status":"","sticky":false,"template":"","format":"standard","meta":{"footnotes":"","_share_on_mastodon":"0"},"categories":[3976],"tags":[331,332,18864,30978,13,1779,14,15,12,3992,3993,3994,3995,3996,3997],"class_list":["post-960696","post","type-post","status-publish","format-standard","has-post-thumbnail","category-vereinigtes-koenigreich","tag-aktuelle-nachrichten","tag-aktuelle-news","tag-autumn","tag-concert","tag-headlines","tag-music","tag-nachrichten","tag-news","tag-schlagzeilen","tag-uk","tag-united-kingdom","tag-united-kingdom-of-great-britain-and-northern-ireland","tag-vereinigtes-koenigreich","tag-vereinigtes-koenigreich-grossbritannien-und-nordirland","tag-vereinigtes-koenigreich-von-grossbritannien-und-nordirland"],"share_on_mastodon":{"url":"https:\/\/pubeurope.com\/@de\/116439433069085303","error":""},"_links":{"self":[{"href":"https:\/\/www.europesays.com\/de\/wp-json\/wp\/v2\/posts\/960696","targetHints":{"allow":["GET"]}}],"collection":[{"href":"https:\/\/www.europesays.com\/de\/wp-json\/wp\/v2\/posts"}],"about":[{"href":"https:\/\/www.europesays.com\/de\/wp-json\/wp\/v2\/types\/post"}],"author":[{"embeddable":true,"href":"https:\/\/www.europesays.com\/de\/wp-json\/wp\/v2\/users\/2"}],"replies":[{"embeddable":true,"href":"https:\/\/www.europesays.com\/de\/wp-json\/wp\/v2\/comments?post=960696"}],"version-history":[{"count":0,"href":"https:\/\/www.europesays.com\/de\/wp-json\/wp\/v2\/posts\/960696\/revisions"}],"wp:featuredmedia":[{"embeddable":true,"href":"https:\/\/www.europesays.com\/de\/wp-json\/wp\/v2\/media\/960697"}],"wp:attachment":[{"href":"https:\/\/www.europesays.com\/de\/wp-json\/wp\/v2\/media?parent=960696"}],"wp:term":[{"taxonomy":"category","embeddable":true,"href":"https:\/\/www.europesays.com\/de\/wp-json\/wp\/v2\/categories?post=960696"},{"taxonomy":"post_tag","embeddable":true,"href":"https:\/\/www.europesays.com\/de\/wp-json\/wp\/v2\/tags?post=960696"}],"curies":[{"name":"wp","href":"https:\/\/api.w.org\/{rel}","templated":true}]}}