{"id":960881,"date":"2026-04-21T00:22:19","date_gmt":"2026-04-21T00:22:19","guid":{"rendered":"https:\/\/www.europesays.com\/de\/960881\/"},"modified":"2026-04-21T00:22:19","modified_gmt":"2026-04-21T00:22:19","slug":"bvb-dortmund-ist-nicht-die-schoenste-stadt-aber-loredana-klartext-ueber-adeyemi-zukunft-sport","status":"publish","type":"post","link":"https:\/\/www.europesays.com\/de\/960881\/","title":{"rendered":"BVB: \u201eDortmund ist nicht die sch\u00f6nste Stadt, aber&#8230;\u201c: Loredana-Klartext \u00fcber Adeyemi-Zukunft! | Sport"},"content":{"rendered":"<p><a class=\"skip-content skip-content--link\" href=\"#in-content-skip-link-target-v-0-0\">TTS-Player \u00fcberspringen\u21b5<\/a><a id=\"in-content-skip-link-target-v-0-0\" class=\"skip-content--target-link-hidden skip-content skip-content--target-link\" href=\"#in-content-skip-link-target-v-0-0\">Artikel weiterlesen<\/a><\/p>\n<p><b>Wie geht es mit Karim Adeyemi (24) bei <\/b><a href=\"https:\/\/www.bild.de\/sport\/fussball\/borussia-dortmund\/startseite-bvb-31074434.bild.html\" class=\"text-link\" rel=\"nofollow noopener\" target=\"_blank\"><b>Borussia Dortmund<\/b><\/a><b> weiter?<\/b><\/p>\n<p>Diese Frage besch\u00e4ftigt die BVB-Fans seit Monaten. Der Vertrag des Offensiv-Stars l\u00e4uft noch bis 2027, zuletzt stockten Gespr\u00e4che \u00fcber eine m\u00f6gliche Verl\u00e4ngerung. Sportlich stand Adeyemi unter Trainer Niko Kova\u010d zuletzt nicht mehr regelm\u00e4\u00dfig in der Startelf.<\/p>\n<p>Jetzt gibt es neue Einblicke \u2013 von seiner Ehefrau Loredana (30). Die Rapperin sprach am Montagabend in einem Twitch-Stream, in dem auch Adeyemi zu Gast war, offen \u00fcber seine Situation, seine Gedanken und seine Zukunft.<\/p>\n<p>Loredana-Klartext \u00fcber Adeyemi-Zukunft!<\/p>\n<p>Offenbar gab es bereits Wechsel-Chancen. Loredana sagt: \u201eEr hatte viele M\u00f6glichkeiten, zu wechseln. Aber Karim ist einfach ein loyaler Mensch.\u201c Und weiter: \u201eDortmund ist nicht die sch\u00f6nste Stadt, da m\u00fcssen wir jetzt niemanden anl\u00fcgen und sagen, es ist mega hier zu leben. Klar, es gibt sch\u00f6nere Orte. Aber f\u00fcr mich spielt das gar keine Rolle. Wichtig ist doch, dass der Verein dich unterst\u00fctzt und der Trainer hinter dir steht. Und bis jetzt hat eigentlich alles gut geklappt. Er sagt immer: Wenn ich irgendwann von Dortmund gehe, dann mit Dankbarkeit. Er will das Gef\u00fchl haben, dass er wirklich alles f\u00fcr diese Mannschaft gegeben hat.\u201c<\/p>\n<p><img decoding=\"async\" width=\"992\" height=\"661\" alt=\"BVB-Star Karim Adeyemi (24)\" src=\"https:\/\/www.europesays.com\/de\/wp-content\/uploads\/2026\/04\/72f8a02deb86923b3021a4d32d9e5648,fcc87c57.jpeg\"   class=\"dynamic\" loading=\"lazy\"\/><\/p>\n<p class=\"fig__caption__text\">BVB-Star Karim Adeyemi (24)<\/p>\n<p>Foto: picture alliance\/firo Sportphoto<\/p>\n<p>Auch eine Erkl\u00e4rung f\u00fcr seine enge Verbindung zum BVB liefert sie direkt mit: \u201eIch glaube, sein Idol ist auch Marco Reus. Wenn man sieht, was Marco bei Dortmund gemacht hat, kann man das total verstehen. Er ist eine Legende.\u201c Zur aktuellen sportlichen Lage sagt Loredana: \u201eKlar, viele sagen manchmal, dass er nicht mehr so oft in der Startelf steht. Aber da m\u00fcssen wir jetzt durch. Auch wenn Dinge im ersten Moment negativ wirken oder vielleicht unverdient erscheinen, ist es am Ende oft f\u00fcr etwas gut. Egal, was passiert \u2013 es wird dir helfen.\u201c<\/p>\n<p>Besonders hebt sie Adeyemis Umgang mit schwierigen Phasen hervor: \u201eEr kommt nach Hause und ich frage: Hast du mit dem Trainer gesprochen? Dann sagt er: Was soll ich machen? Er ist der Chef, er entscheidet.\u201c Und weiter: \u201eEs gibt Spieler, die w\u00fcnschen sich sogar, dass die Mannschaft verliert, wenn sie selbst nicht spielen. Bei Karim ist das komplett anders.\u201c<\/p>\n<p>Sein gro\u00dfes Ziel beim BVB sei klar: \u201eSein Traum ist es, mit Dortmund Meister zu werden. Er will das unbedingt.\u201c<\/p>\n<p>VfB-Trainer Hoene\u00df erkl\u00e4rt es: Warum Adeyemi-Jubel f\u00fcr einen Fan-Eklat sorgte<a class=\"anchor video-teaser__anchor\" href=\"https:\/\/www.bild.de\/sport\/fussball\/vfb-trainer-hoeness-erklaert-es-warum-dieser-adeyemi-jubel-fuer-einen-fan-eklat-sorgte-69d36dc99eef8b3f946158fe\" rel=\"nofollow noopener\" target=\"_blank\"><img decoding=\"async\" width=\"992\" height=\"558\" alt=\"\" src=\"https:\/\/www.europesays.com\/de\/wp-content\/uploads\/2026\/04\/52a0c6197592f774a4b9c499bfd39a8b,cac23e2a.jpeg\"   class=\"landscape teaser__image\" loading=\"lazy\"\/><\/a><\/p>\n<p>Quelle: BILD07.04.2026<\/p>\n<p>F\u00fcr Adeyemi selbst z\u00e4hlt aktuell aber vor allem ein anderes Ziel: die WM in den USA, Kanada und Mexiko. Er sagt: \u201eAm Ende entscheidet der Bundestrainer. Jetzt die paar Wochen habe ich noch, um mich zu beweisen, dass ich dabei sein kann. Amerika, M\u00e9xico und Kanada \u2013 das ist schon krank geil. Ich h\u00e4tte lieber gar keinen Urlaub und w\u00e4re bei der WM dabei.\u201c<\/p>\n<p>Zu seiner Zukunft sagt er: \u201eMan schaut immer von Spiel zu Spiel. Man wei\u00df nie, wo man hinkommt, was passiert. Es kann sich alles \u00e4ndern. Aber ich sage auch: Ich f\u00fchle mich da wohl, wo ich gerade bin.\u201c<\/p>\n","protected":false},"excerpt":{"rendered":"TTS-Player \u00fcberspringen\u21b5Artikel weiterlesen Wie geht es mit Karim Adeyemi (24) bei Borussia Dortmund weiter? Diese Frage besch\u00e4ftigt die&hellip;\n","protected":false},"author":2,"featured_media":960882,"comment_status":"","ping_status":"","sticky":false,"template":"","format":"standard","meta":{"footnotes":"","_share_on_mastodon":"0"},"categories":[1833],"tags":[104891,888,3364,29,217,538,30,66506,1209,803,819,45],"class_list":["post-960881","post","type-post","status-publish","format-standard","has-post-thumbnail","category-dortmund","tag-adeyemi-karim","tag-borussia-dortmund","tag-de","tag-deutschland","tag-dortmund","tag-erste-bundesliga","tag-germany","tag-loredana","tag-nordrhein-westfalen","tag-spielertransfer","tag-sport-leuchtturm-essen","tag-texttospeech"],"share_on_mastodon":{"url":"https:\/\/pubeurope.com\/@de\/116439846038708768","error":""},"_links":{"self":[{"href":"https:\/\/www.europesays.com\/de\/wp-json\/wp\/v2\/posts\/960881","targetHints":{"allow":["GET"]}}],"collection":[{"href":"https:\/\/www.europesays.com\/de\/wp-json\/wp\/v2\/posts"}],"about":[{"href":"https:\/\/www.europesays.com\/de\/wp-json\/wp\/v2\/types\/post"}],"author":[{"embeddable":true,"href":"https:\/\/www.europesays.com\/de\/wp-json\/wp\/v2\/users\/2"}],"replies":[{"embeddable":true,"href":"https:\/\/www.europesays.com\/de\/wp-json\/wp\/v2\/comments?post=960881"}],"version-history":[{"count":0,"href":"https:\/\/www.europesays.com\/de\/wp-json\/wp\/v2\/posts\/960881\/revisions"}],"wp:featuredmedia":[{"embeddable":true,"href":"https:\/\/www.europesays.com\/de\/wp-json\/wp\/v2\/media\/960882"}],"wp:attachment":[{"href":"https:\/\/www.europesays.com\/de\/wp-json\/wp\/v2\/media?parent=960881"}],"wp:term":[{"taxonomy":"category","embeddable":true,"href":"https:\/\/www.europesays.com\/de\/wp-json\/wp\/v2\/categories?post=960881"},{"taxonomy":"post_tag","embeddable":true,"href":"https:\/\/www.europesays.com\/de\/wp-json\/wp\/v2\/tags?post=960881"}],"curies":[{"name":"wp","href":"https:\/\/api.w.org\/{rel}","templated":true}]}}