{"id":961024,"date":"2026-04-21T01:46:30","date_gmt":"2026-04-21T01:46:30","guid":{"rendered":"https:\/\/www.europesays.com\/de\/961024\/"},"modified":"2026-04-21T01:46:30","modified_gmt":"2026-04-21T01:46:30","slug":"montag-der-20-april-2026-polizei-auf-raeuber-jagd-gruenauer-party-plan-hcl-pflichtsieg-vor-schicksalsspielen-%c2%b7-leipziger-zeitung","status":"publish","type":"post","link":"https:\/\/www.europesays.com\/de\/961024\/","title":{"rendered":"Montag, der 20. April 2026: Polizei auf R\u00e4uber-Jagd, Gr\u00fcnauer Party-Plan, HCL-Pflichtsieg vor Schicksalsspielen \u00b7 Leipziger Zeitung"},"content":{"rendered":"<p>Mit 50 Jahren kann man schon mal auf ein bewegtes Leben zur\u00fcckblicken. Das gilt insbesondere auch f\u00fcr den Stadtteil Gr\u00fcnau. Denn der feiert Rundes! F\u00fcr die kommenden Monate steht daher so einiges auf dem Geburtstagszettel. Feiern wollen auch die Handballerinnen des HC Leipzig, den Aufstieg n\u00e4mlich. Doch daf\u00fcr m\u00fcssen die Blau-Gelben noch sechs Spiele lang stabil bleiben. Als Spielverderber hingegen zeigten sich einige Grobiane, die die Polizei jetzt mit Hilfe der Bev\u00f6lkerung schnappen will. Die LZ fasst zusammen, was am Montag, dem 20. April 2026, in Leipzig, Sachsen und dar\u00fcber hinaus wichtig war.<\/p>\n<p>Polizei auf R\u00e4uber-Jagd<\/p>\n<p>Gleich zwei Raubstraftaten halten die Polizei in Atem. Zu beiden hat die <a href=\"https:\/\/www.medienservice.sachsen.de\/medien\/news\/1096554\" target=\"_blank\" rel=\"noopener nofollow\">Polizeidirektion Leipzig heute Zeugenaufrufe ver\u00f6ffentlicht<\/a>. Das erste Delikt hatte sich am Freitagnachmittag gegen 14 Uhr im \u201eKees\u00b4schen Park\u201c an der Koburger Stra\u00dfe in Markkleeberg ereignet. Dort forderte ein etwa 25- bis 30-j\u00e4hriger Mann mit kurzen schwarzen Haaren von einem 46-J\u00e4hrigen Bargeld und hielt dabei einen gef\u00e4hrlichen Gegenstand vor. Der Bedrohte konnte fl\u00fcchten, lie\u00df dabei aber Wertgegenst\u00e4nde sowie Kleidung zur\u00fcck. Diese riss sich nun der T\u00e4ter unter den Nagel und floh.<img decoding=\"async\" src=\"https:\/\/www.europesays.com\/de\/wp-content\/uploads\/2026\/04\/92b51f58a7314e6aab2c5a726b571cfe.gif\" alt=\"\" width=\"https:\/\/www.l-iz.de\/der-tag\/2026\/04\/1\" height=\"https:\/\/www.l-iz.de\/der-tag\/2026\/04\/1\"\/><\/p>\n<p>Die zweite Tat fand am Samstagnachmittag gegen 16:20 Uhr in der Leipziger S\u00fcdvorstadt statt. Hier wurde ein 21-j\u00e4hriger junger Mann zum Opfer einer r\u00e4uberischen Erpressung. Zun\u00e4chst hatte er auf einer Parkbank in der Karl-Liebknecht-Stra\u00dfe gesessen, wo er von einer ihm unbekannten Person angesprochen wurde. Als der 21-J\u00e4hrige daraufhin aufstand und ging, wurde er von insgesamt f\u00fcnf Jugendlichen im Alter zwischen 15 und 18 Jahren verfolgt \u2013 darunter auch die Person, die ihn vorher angesprochen hatte. In der Hardenbergstra\u00dfe fiel die Gruppe dann \u00fcber den jungen Mann her, schlugen ihn zu Boden und raubten seine Geldb\u00f6rse. Dabei wurde er leicht verletzt.<\/p>\n<p>Gr\u00fcnauer Party-Plan<\/p>\n<p>Sachsens gr\u00f6\u00dfte Plattenbausiedlung feiert Jubil\u00e4um! Die Rede ist nat\u00fcrlich von Leipzig-Gr\u00fcnau, das in wenigen Wochen offiziell 50 Jahre alt wird. Am 1. Juni 1976 war vom damaligen Oberb\u00fcrgermeister Dr. Karl-Heinz M\u00fcller der Grundstein f\u00fcr das neue, gro\u00dfe Wohngebiet gelegt worden. Klar, dass dieser runde Meilenstein im Viertel ausf\u00fchrlich begangen wird. <a href=\"https:\/\/www.leipzig.de\/mein-stadtteil\/stadtbezirk-west\/gruenau-und-lausen\/50-jahre-gruenau\" target=\"_blank\" rel=\"noopener nofollow\">\u00dcber 50 Programmpunkte stehen auf dem Zettel<\/a>. Es wird gefeiert, zur\u00fcckgeblickt, aber vor allem auch nach vorne geschaut.<\/p>\n<p>\u201eWir wollen das Jubil\u00e4umsjahr dazu nutzen, bei den politisch Entscheidenden die Handlungsbedarfe aufzuzeigen\u201c, sagte Leipzigs Baub\u00fcrgermeister Thomas Dienberg (Gr\u00fcne) beim heutigen Pressetermin im Stadtb\u00fcro. Die Entwicklung Gr\u00fcnaus sei eine komplexe und vielf\u00e4ltige Daueraufgabe, unterstrich Dienberg, die nicht einfach dadurch bew\u00e4ltigt werden k\u00f6nne, dass man ein einzelnes Programm abarbeite. Daher bleibt Gr\u00fcnau auch ein Schwerpunkt der Stadterneuerung, auf Grundlage des Integrierten Stadtteilentwicklungskonzeptes (STEK).<\/p>\n<p>Eines der darin enthaltenen Kernvorhaben ist die St\u00e4rkung des Zentrums im WK 7, also rund um den sogenannten Jupiterplatz. Genau dort wird am 9. Mai, anl\u00e4sslich des Tages der St\u00e4dtebauf\u00f6rderung, ab 14 Uhr der <a href=\"https:\/\/www.leipzig.de\/kultur-und-freizeit\/veranstaltungen\/eventsingle\/event\/auftakt-zu-50-jahre-gruenau-tag-der-staedtebaufoerderung-2026\" target=\"_blank\" rel=\"noopener nofollow\">Auftakt zum Gr\u00fcnauer Jubil\u00e4umsjahr gefeiert<\/a>. Unter dem Thema Natur und Klima werden auf dem Platz beispielsweise neue Pop-Up-Sitzm\u00f6bel eingeweiht und eine Pflanzaktion durchgef\u00fchrt. Es gibt viele Mitmachaktionen. Auch Wohnraumberatungen und Besichtigungen in der Uranusstra\u00dfe z\u00e4hlen zum Programm des Tages.<\/p>\n<p>Am 1. Juni, wenn sich der <a href=\"https:\/\/www.leipzig.de\/kultur-und-freizeit\/veranstaltungen\/eventsingle\/event\/50-jahre-gruenau-tag-der-grundsteinlegung\" target=\"_blank\" rel=\"noopener nofollow\">Tag der Grundsteinlegung zum 50. mal j\u00e4hrt<\/a>, findet am PEP-Center in der Stuttgarter Allee der offizielle Festakt des Gr\u00fcnau-Jubil\u00e4ums statt. Oberb\u00fcrgermeister Burkhard Jung (SPD) und Staatsministerin Regina Kraushaar (CDU) halten Festreden, die Musikalischen Kom\u00f6die sorgt f\u00fcr die musikalische Umrahmung. Und: Es gibt Eis und Gl\u00fccksrad!<\/p>\n<p>In den beiden darauffolgenden Tagen gibt es im OFT \u201eV\u00f6lkerfreundschaft\u201c unter dem Titel \u201e50 Jahre Gr\u00fcnau \u2013 Von hier aus weiter\u201c eine Fachkonferenz (2. Juni) mit Vortr\u00e4gen und Podiumsdiskussionen, sowie eine Planungswerkstatt (3. Juni), die unter anderem zum Auftakt einen thematischen Stadtteil-Spaziergang durch die WKs 2 und 3 beinhaltet. Die Teilnahme an Konferenz und Planungswerkstatt ist kostenlos, <a href=\"https:\/\/www.leipzig.de\/kultur-und-freizeit\/veranstaltungen\/eventsingle\/event\/50-jahre-gruenau-von-hier-aus-weiter-20260602\" target=\"_blank\" rel=\"noopener nofollow\">allerdings muss man sich daf\u00fcr anmelden<\/a>, da die zur Verf\u00fcgung stehenden Pl\u00e4tze limitiert sind.<\/p>\n<p>HCL-Pflichtsieg vor Schicksalsspielen<\/p>\n<p>Jetzt wird\u2019s ernst. K\u00f6nnen die Zweitliga-Handballerinnen des HC Leipzig ihren Platz an der Tabellen-Sonne bis zum Ende der Saison verteidigen und damit den angepeilten Bundesliga-Aufstieg feiern? Am gestrigen sp\u00e4ten Nachmittag konnte das Team von Trainer Erik T\u00f6pfer diese Ambitionen zun\u00e4chst untermauern. Gegen die abstiegsbedrohte <a href=\"https:\/\/hc-leipzig.de\/2026\/04\/20\/20-saisonsieg-hcl-gewinnt-2216-gegen-die-sg-09-kirchhof\/\" target=\"_blank\" rel=\"noopener nofollow\">SG 09 Kirchhof gab es in der Br\u00fcderhalle einen 22:16-Erfolg<\/a>. Ein sogenannter \u201ePflichtsieg\u201c, bei dem allerdings auch viele Torchancen liegengelassen wurden.<\/p>\n<ul class=\"swiper-wrapper kf-gallery-photos\">\n<li class=\"swiper-slide\"><img decoding=\"async\" width=\"698\" height=\"465\" src=\"https:\/\/www.europesays.com\/de\/wp-content\/uploads\/2026\/04\/HCL-v-Kirchhof-Jan_Kaefer-00000596-698x465.jpg\" class=\"attachment-large size-large\" alt=\"\" loading=\"lazy\"  \/>Dana Kr\u00f6mer (73, SG 09 Kirchhof) packt gegen Emely Theilig (10, HC Leipzig) zu. Foto: Jan Kaefer<\/li>\n<li class=\"swiper-slide\"><img decoding=\"async\" width=\"698\" height=\"465\" src=\"https:\/\/www.europesays.com\/de\/wp-content\/uploads\/2026\/04\/HCL-v-Kirchhof-Jan_Kaefer-00000506-698x465.jpg\" class=\"attachment-large size-large\" alt=\"\" loading=\"lazy\"  \/>Hanna Ferber-Rahnh\u00f6fer (14, HC Leipzig) fliegt zum Wurf. Foto: Jan Kaefer<\/li>\n<li class=\"swiper-slide\"><img decoding=\"async\" width=\"698\" height=\"465\" src=\"https:\/\/www.europesays.com\/de\/wp-content\/uploads\/2026\/04\/HCL-v-Kirchhof-Jan_Kaefer-00000532-698x465.jpg\" class=\"attachment-large size-large\" alt=\"\" loading=\"lazy\"  \/>Emely Theilig (10, HC Leipzig) wirft. Foto: Jan Kaefer<\/li>\n<li class=\"swiper-slide\"><img decoding=\"async\" width=\"698\" height=\"465\" src=\"https:\/\/www.europesays.com\/de\/wp-content\/uploads\/2026\/04\/HCL-v-Kirchhof-Jan_Kaefer-00000466-698x465.jpg\" class=\"attachment-large size-large\" alt=\"\" loading=\"lazy\"  \/>Jubel auf der Bank des HC Leipzig. Foto: Jan Kaefer<\/li>\n<li class=\"swiper-slide\"><img decoding=\"async\" width=\"698\" height=\"465\" src=\"https:\/\/www.europesays.com\/de\/wp-content\/uploads\/2026\/04\/HCL-v-Kirchhof-Jan_Kaefer-00000295-698x465.jpg\" class=\"attachment-large size-large\" alt=\"\" loading=\"lazy\"  \/>Lara Seidel (3, HC Leipzig) beim Wurf unter Bedr\u00e4ngnis. Foto: Jan Kaefer<\/li>\n<li class=\"swiper-slide\"><img decoding=\"async\" width=\"698\" height=\"465\" src=\"https:\/\/www.europesays.com\/de\/wp-content\/uploads\/2026\/04\/HCL-v-Kirchhof-Jan_Kaefer-00000608-698x465.jpg\" class=\"attachment-large size-large\" alt=\"\" loading=\"lazy\"  \/>Vanessa Ulrich (48, SG 09 Kirchhof) wirft gegen die gesamte HCL-Abwehrmauer. Foto: Jan Kaefer<\/li>\n<li class=\"swiper-slide\"><img decoding=\"async\" width=\"698\" height=\"465\" src=\"https:\/\/www.europesays.com\/de\/wp-content\/uploads\/2026\/04\/HCL-v-Kirchhof-Jan_Kaefer-00000321-698x465.jpg\" class=\"attachment-large size-large\" alt=\"\" loading=\"lazy\"  \/>Lara Tauchmann (28, HC Leipzig) wird von Marie Sauerwald (8, SG 09 Kirchhof) und Juliana Wagner (15, SG 09 Kirchhof) ausgebremst. Foto: Jan Kaefer<\/li>\n<li class=\"swiper-slide\"><img decoding=\"async\" width=\"698\" height=\"465\" src=\"https:\/\/www.europesays.com\/de\/wp-content\/uploads\/2026\/04\/HCL-v-Kirchhof-Jan_Kaefer-00000371-698x465.jpg\" class=\"attachment-large size-large\" alt=\"\" loading=\"lazy\"  \/>Jana Walther (4, HC Leipzig) wirft einen Siebenmeter. Foto: Jan Kaefer<\/li>\n<li class=\"swiper-slide\"><img decoding=\"async\" width=\"698\" height=\"465\" src=\"https:\/\/www.europesays.com\/de\/wp-content\/uploads\/2026\/04\/HCL-v-Kirchhof-Jan_Kaefer-00000453-698x465.jpg\" class=\"attachment-large size-large\" alt=\"\" loading=\"lazy\"  \/>Lara Seidel (3, HC Leipzig) beim Wurf. Foto: Jan Kaefer<\/li>\n<li class=\"swiper-slide\"><img decoding=\"async\" width=\"698\" height=\"465\" src=\"https:\/\/www.europesays.com\/de\/wp-content\/uploads\/2026\/04\/HCL-v-Kirchhof-Jan_Kaefer-00001026-698x465.jpg\" class=\"attachment-large size-large\" alt=\"\" loading=\"lazy\"  \/>Jubel beim Team des HC Leipzig. Foto: Jan Kaefer<\/li>\n<\/ul>\n<p>Diesbez\u00fcglich sollten die Leipzigerinnen, die aus den bisherigen 24 Spielen immerhin 43 von 48 m\u00f6glichen Punkten erk\u00e4mpften, in den ausstehenden sechs Partien konsequenter sein. Denn jetzt stehen Schicksalsspiele gegen die beiden hartn\u00e4ckigsten Verfolgerinnen auf dem Programm. Schon am Samstag (25. April) reisen die Blau-Gelben zur TG N\u00fcrtingen, welche aktuell mit f\u00fcnf Punkten R\u00fcckstand Dritter ist.<\/p>\n<p>Dort Z\u00e4hlbares zur\u00fcck nach Leipzig nehmen zu k\u00f6nnen w\u00e4re vor allem auch deshalb wichtig, um das Team der F\u00fcchse Berlin auf Distanz zu halten. Die haben bisher nur drei Punkte weniger als der HCL \u2013 und am 9. Mai kommt es zum direkten Aufeinandertreffen beider Rivalen in Charlottenburg. Wie auch immer die Saison ausgehen mag, Fakt ist: Wer am Ende auf dem 1. Platz steht, steigt direkt auf, wer Zweiter wird, muss erst noch in die Relegation.<\/p>\n<p><strong>Wor\u00fcber die LZ heute berichtet hat:<\/strong><\/p>\n<p><a href=\"https:\/\/www.l-iz.de\/leben\/gesellschaft\/2026\/04\/berichte-uber-aggressionen-penetranz-und-ubergriffe-problem-kippe-verkaufer-leipzig-654266\" target=\"_blank\" rel=\"noopener nofollow\">Berichte \u00fcber Aggressionen, Penetranz und \u00dcbergriffe: Wie gro\u00df ist das Problem mit Kippe-Verk\u00e4ufern in Leipzig?<\/a><\/p>\n<p><a href=\"https:\/\/www.l-iz.de\/der-tag\/2026\/04\/hallo-leipzig-so-startet-montag-der-20-april-2026-653608\" target=\"_blank\" rel=\"noopener nofollow\">Hallo Leipzig: So startet Montag, der 20. April 2026<\/a><\/p>\n<p><a href=\"https:\/\/www.l-iz.de\/politik\/kassensturz\/2026\/04\/abwanderung-aus-leipzig-suburbanisierungswelle-2024-knick-654320\" target=\"_blank\" rel=\"noopener nofollow\">Abwanderung aus Leipzig: Suburbanisierungswelle bekam 2024 einen Knick<\/a><\/p>\n<p><a href=\"https:\/\/www.l-iz.de\/politik\/kassensturz\/2026\/04\/temperaturentwicklung-in-holzhausen-2025-und-2026-warming-stripes-zeigen-leipzig-immer-warmer-654311\" target=\"_blank\" rel=\"noopener nofollow\">Temperaturentwicklung in Holzhausen 2025 und 2026: Die Warming Stripes zeigen, wie es auch in Leipzig immer w\u00e4rmer wird<\/a><\/p>\n<p><a href=\"https:\/\/www.l-iz.de\/politik\/leipzig\/2026\/04\/entlastung-furs-carsharing-uberarbeitete-sondernutzungssatzung-stadtrat-654286\" target=\"_blank\" rel=\"noopener nofollow\">Entlastung f\u00fcrs Carsharing: \u00dcberarbeitete Sondernutzungssatzung kommt endlich in den Stadtrat<\/a><\/p>\n<p><a href=\"https:\/\/www.l-iz.de\/bildung\/buecher\/2026\/04\/der-kapitalismus-und-seine-kritiker-300-jahre-kapitalismus-kritik-straflichst-missachtete-politische-okonomie-654278\" target=\"_blank\" rel=\"noopener nofollow\">Der Kapitalismus und seine Kritiker: 300 Jahre Kapitalismus-Kritik und die str\u00e4flichst missachtete Politische \u00d6konomie<\/a><\/p>\n<p><strong>Was sonst noch wichtig war:<\/strong><\/p>\n<p>Timmy schwimmt! Nachdem der Buckelwal fast drei Wochen vor der Ostseek\u00fcste feststeckte, hat er sich <a href=\"https:\/\/www.zdfheute.de\/panorama\/wal-timmy-ostsee-liveblog-100.html\" target=\"_blank\" rel=\"noopener nofollow\">am Morgen freischwimmen k\u00f6nnen<\/a>. Ob er es nun tats\u00e4chlich schafft, den Weg zum Atlantik zu finden, bleibt dennoch ungewiss.<\/p>\n<p>Ein Erdbeben der St\u00e4rke 7,7 hat <a href=\"https:\/\/www.tagesschau.de\/ausland\/asien\/japan-erdbeben-154.html\" target=\"_blank\" rel=\"noopener nofollow\">den Norden Japans ersch\u00fcttert<\/a>. Im Anschluss sei vor einem Tsunami mit bis zu drei Meter hohen Wellen gewarnt worden. Diese Bef\u00fcrchtungen best\u00e4tigten sich nicht. Jedoch seien weitere starke Beben m\u00f6glich.<\/p>\n<p>\u00dcber 1,4 Millionen Menschen haben in 17 St\u00e4dten Nordrhein-Westfalens \u00fcber deren Beteiligung an einer <a href=\"https:\/\/www1.wdr.de\/nachrichten\/olympia-abstimmung-nrw-koeln-rhein-ruhr-entscheidung-100.html\" target=\"_blank\" rel=\"noopener nofollow\">Olympia-Kandidatur der Region \u201eK\u00f6lnRheinRuhr\u201c<\/a> abgestimmt. Das Ergebnis war ein klares \u201eJa!\u201c. Die Region ist neben Berlin (plus Leipzig), M\u00fcnchen und Hamburg einer von vier Konkurrenten, die offizieller deutscher Olympia-Kandidat werden wollen.<\/p>\n<p>Die Zahl der Straftaten in Deutschland ist um 5,6 Prozent gesunken. Das geht aus der <a href=\"https:\/\/www.tagesschau.de\/inland\/gesellschaft\/pks-vorstellung-102.html\" target=\"_blank\" rel=\"noopener nofollow\">heute vorgestellten Polizeilichen Kriminalstatistik<\/a> hervor. Insgesamt habe es 5,5 Millionen registrierte Straftaten gegeben. Allerdings gab es einen Anstieg bei Vergewaltigung sowie Mord und Totschlag.<\/p>\n","protected":false},"excerpt":{"rendered":"Mit 50 Jahren kann man schon mal auf ein bewegtes Leben zur\u00fcckblicken. Das gilt insbesondere auch f\u00fcr den&hellip;\n","protected":false},"author":2,"featured_media":961025,"comment_status":"","ping_status":"","sticky":false,"template":"","format":"standard","meta":{"footnotes":"","_share_on_mastodon":"0"},"categories":[1832],"tags":[3364,2409,29,30,16112,1391,101179,71,121,859,8926,4578],"class_list":["post-961024","post","type-post","status-publish","format-standard","has-post-thumbnail","category-leipzig","tag-de","tag-der-tag","tag-deutschland","tag-germany","tag-gruenau","tag-handball","tag-hcl","tag-leipzig","tag-polizei","tag-sachsen","tag-stadtentwicklung","tag-zeugenaufruf"],"share_on_mastodon":{"url":"https:\/\/pubeurope.com\/@de\/116440176960028673","error":""},"_links":{"self":[{"href":"https:\/\/www.europesays.com\/de\/wp-json\/wp\/v2\/posts\/961024","targetHints":{"allow":["GET"]}}],"collection":[{"href":"https:\/\/www.europesays.com\/de\/wp-json\/wp\/v2\/posts"}],"about":[{"href":"https:\/\/www.europesays.com\/de\/wp-json\/wp\/v2\/types\/post"}],"author":[{"embeddable":true,"href":"https:\/\/www.europesays.com\/de\/wp-json\/wp\/v2\/users\/2"}],"replies":[{"embeddable":true,"href":"https:\/\/www.europesays.com\/de\/wp-json\/wp\/v2\/comments?post=961024"}],"version-history":[{"count":0,"href":"https:\/\/www.europesays.com\/de\/wp-json\/wp\/v2\/posts\/961024\/revisions"}],"wp:featuredmedia":[{"embeddable":true,"href":"https:\/\/www.europesays.com\/de\/wp-json\/wp\/v2\/media\/961025"}],"wp:attachment":[{"href":"https:\/\/www.europesays.com\/de\/wp-json\/wp\/v2\/media?parent=961024"}],"wp:term":[{"taxonomy":"category","embeddable":true,"href":"https:\/\/www.europesays.com\/de\/wp-json\/wp\/v2\/categories?post=961024"},{"taxonomy":"post_tag","embeddable":true,"href":"https:\/\/www.europesays.com\/de\/wp-json\/wp\/v2\/tags?post=961024"}],"curies":[{"name":"wp","href":"https:\/\/api.w.org\/{rel}","templated":true}]}}