{"id":961107,"date":"2026-04-21T02:34:43","date_gmt":"2026-04-21T02:34:43","guid":{"rendered":"https:\/\/www.europesays.com\/de\/961107\/"},"modified":"2026-04-21T02:34:43","modified_gmt":"2026-04-21T02:34:43","slug":"guetersloh-ersetzt-beschaedigte-stolpersteine-nach-vandalismus","status":"publish","type":"post","link":"https:\/\/www.europesays.com\/de\/961107\/","title":{"rendered":"G\u00fctersloh ersetzt besch\u00e4digte Stolpersteine nach Vandalismus"},"content":{"rendered":"<p>In G\u00fctersloh wurden sechs besch\u00e4digte Stolpersteine am Veerhoffhaus ersetzt und nun an ihrem urspr\u00fcnglichen Standort verlegt. Die Stadtverwaltung berichtet, dass die Erneuerung nach einer l\u00e4ngeren Herstellungszeit durchgef\u00fchrt wurde. Nun sind diese wichtigen Erinnerungszeichen wieder unversehrt im Stadtbild zu sehen.<\/p>\n<p>B\u00fcrgermeister verurteilt Vandalismus<\/p>\n<p>B\u00fcrgermeister Matthias Trepper \u00e4u\u00dferte sich besorgt \u00fcber den Vorfall. Er betonte die Bedeutung der Stolpersteine als sichtbare Zeichen des Gedenkens und verurteilte den Vandalismus scharf. Antisemitismus solle in G\u00fctersloh keinen Platz haben, sagte er.<\/p>\n<p>Pionierprojekt zur Erinnerung an den Holocaust<\/p>\n<p>Die betroffenen Stolpersteine erinnern an j\u00fcdische B\u00fcrgerinnen und B\u00fcrger aus G\u00fctersloh, die Opfer des Holocaust wurden. Im Stadtgebiet sind insgesamt 44 dieser Gedenksteine verlegt. Die Deportationen der betroffenen Menschen begannen laut der Stadtverwaltung 1941.<\/p>\n<p>Engagement des K\u00fcnstlers und der Stadt<\/p>\n<p>Der K\u00f6lner K\u00fcnstler Gunter Demnig initiierte 2005 die Verlegung der Stolpersteine in G\u00fctersloh. Heute gibt es 16 Standorte mit Stolpersteinen in der Stadt. Er setzte sich gemeinsam mit der Stiftung \u201eSpuren \u2013 Gunter Demnig\u201c f\u00fcr den Ersatz der Steine ein. Die Fertigung in Handarbeit erkl\u00e4rte die Verz\u00f6gerung der Ersatzlieferung.<\/p>\n<p>Weitere Informationen<\/p>\n<p>Mehr Details zur j\u00fcdischen Geschichte in G\u00fctersloh und zu den Stolpersteinen bietet die Brosch\u00fcre \u201eIhr Name lebt weiter\u201c. Diese und weitere Informationen sind auf der Website der Stadt G\u00fctersloh unter <a href=\"http:\/\/www.stolpersteine.guetersloh.de\" target=\"_blank\" rel=\"noreferrer nofollow noopener\">www.stolpersteine.guetersloh.de<\/a> verf\u00fcgbar.<\/p>\n","protected":false},"excerpt":{"rendered":"In G\u00fctersloh wurden sechs besch\u00e4digte Stolpersteine am Veerhoffhaus ersetzt und nun an ihrem urspr\u00fcnglichen Standort verlegt. Die Stadtverwaltung&hellip;\n","protected":false},"author":2,"featured_media":961108,"comment_status":"","ping_status":"","sticky":false,"template":"","format":"standard","meta":{"footnotes":"","_share_on_mastodon":"0"},"categories":[1841],"tags":[712,1605,3364,29,30,25192,23744,1209,14732,9026],"class_list":["post-961107","post","type-post","status-publish","format-standard","has-post-thumbnail","category-bielefeld","tag-antisemitismus","tag-bielefeld","tag-de","tag-deutschland","tag-germany","tag-gunter-demnig","tag-guetersloh","tag-nordrhein-westfalen","tag-stolpersteine","tag-vandalismus"],"share_on_mastodon":{"url":"https:\/\/pubeurope.com\/@de\/116440364720438168","error":""},"_links":{"self":[{"href":"https:\/\/www.europesays.com\/de\/wp-json\/wp\/v2\/posts\/961107","targetHints":{"allow":["GET"]}}],"collection":[{"href":"https:\/\/www.europesays.com\/de\/wp-json\/wp\/v2\/posts"}],"about":[{"href":"https:\/\/www.europesays.com\/de\/wp-json\/wp\/v2\/types\/post"}],"author":[{"embeddable":true,"href":"https:\/\/www.europesays.com\/de\/wp-json\/wp\/v2\/users\/2"}],"replies":[{"embeddable":true,"href":"https:\/\/www.europesays.com\/de\/wp-json\/wp\/v2\/comments?post=961107"}],"version-history":[{"count":0,"href":"https:\/\/www.europesays.com\/de\/wp-json\/wp\/v2\/posts\/961107\/revisions"}],"wp:featuredmedia":[{"embeddable":true,"href":"https:\/\/www.europesays.com\/de\/wp-json\/wp\/v2\/media\/961108"}],"wp:attachment":[{"href":"https:\/\/www.europesays.com\/de\/wp-json\/wp\/v2\/media?parent=961107"}],"wp:term":[{"taxonomy":"category","embeddable":true,"href":"https:\/\/www.europesays.com\/de\/wp-json\/wp\/v2\/categories?post=961107"},{"taxonomy":"post_tag","embeddable":true,"href":"https:\/\/www.europesays.com\/de\/wp-json\/wp\/v2\/tags?post=961107"}],"curies":[{"name":"wp","href":"https:\/\/api.w.org\/{rel}","templated":true}]}}