{"id":961141,"date":"2026-04-21T02:57:16","date_gmt":"2026-04-21T02:57:16","guid":{"rendered":"https:\/\/www.europesays.com\/de\/961141\/"},"modified":"2026-04-21T02:57:16","modified_gmt":"2026-04-21T02:57:16","slug":"nuernberg-blackout-uebung-mit-900-kraeften-und-43-anlaufstellen","status":"publish","type":"post","link":"https:\/\/www.europesays.com\/de\/961141\/","title":{"rendered":"N\u00fcrnberg: Blackout-\u00dcbung mit 900 Kr\u00e4ften und 43 Anlaufstellen"},"content":{"rendered":"<p>Kein Strom, kein Notruf, kein Internet <\/p>\n<p>Stadt in Franken probt Blackout mit 900 Einsatzkr\u00e4fte<\/p>\n<p>21.04.2026 &#8211; 04:05 UhrLesedauer: 1 Min.<\/p>\n<p><a href=\"#focus-0\" class=\"transition-colors duration-200 block text-current relative\" data-sctrack=\"FocusGalleryImage.Reference\"><img fetchpriority=\"high\" data-testid=\"Opener.Image\" style=\"--lqipURL:url('https:\/\/images.t-online.de\/2026\/04\/vw4IZEyoHsmE\/1054x847:1924x1082\/fit-in\/150x0\/filters:blur(25)\/leuchttafel-mit-der-aufschrift-blackout-symbolbild-nuernberg-probt-am-samstag-den-ernstfall.jpg')\"   loading=\"eager\" src=\"https:\/\/www.europesays.com\/de\/wp-content\/uploads\/2026\/04\/leuchttafel-mit-der-aufschrift-blackout-symbolbild-nuernberg-probt-am-samstag-den-ernstfall.jpg\" alt=\"Leuchttafel mit der Aufschrift Blackout (Symbolbild): N\u00fcrnberg probt am Samstag den Ernstfall.\" title=\"Leuchttafel mit der Aufschrift Blackout (Symbolbild): N\u00fcrnberg probt am Samstag den Ernstfall.\" width=\"1924\" height=\"1082\" class=\"bg-[url:var(--lqipURL)] bg-cover bg-center flex h-full w-full max-w-full\" decoding=\"async\"\/><img style=\"--width:32;--height:32\" loading=\"lazy\" src=\"https:\/\/nuernberg.t-online.de\/s\/paper\/_next\/static\/media\/zoom-in.f7dae02f.svg\" alt=\"Vergr\u00f6\u00dfern des Bildes\" title=\"Vergr\u00f6\u00dfern des Bildes\" class=\"block h-[calc(var(--height)_\/_16_*_1rem)] w-[calc(var(--width)_\/_16_*_1rem)] max-w-none absolute bottom-8 right-8 rounded-4 bg-snow p-8\" decoding=\"async\"\/><\/a><\/p>\n<p>Leuchttafel mit der Aufschrift Blackout (Symbolbild): N\u00fcrnberg probt am Samstag den Ernstfall. (Quelle: IMAGO \/ Christian Ohde\/imago)<\/p>\n<p class=\"font-bold text-18 leading-17 user-text-lg:text-22 user-text-xl:text-24\">N\u00fcrnberg probt am Samstag den Blackout \u2013 mit 900 Beteiligten und einem Plan, der selbst Nottrauungen m\u00f6glich macht. Auch der Flughafen ist betroffen.<\/p>\n<p class=\"text-18 leading-17 user-text-lg:text-22 user-text-xl:text-24\">Rund 900 Einsatzkr\u00e4fte werden am Samstag in N\u00fcrnberg den totalen Stromausfall \u00fcben \u2013 von einzelnen ausgefallenen Stadtteilen bis zum kompletten Blackout. Es ist die gr\u00f6\u00dfte \u00dcbung dieser Art seit sechs Jahren, hei\u00dft es in einer Pressemitteilung der Stadt N\u00fcrnberg.<\/p>\n<p class=\"text-18 leading-17 user-text-lg:text-22 user-text-xl:text-24\">Getestet werden soll ein Netz aus 43 Anlaufpunkten, die im echten Fall mit Notstrom betrieben w\u00fcrden. Wer beim Blackout nicht mehr wei\u00df, wohin, soll dort Hilfe holen, einen Notruf absetzen oder erfahren k\u00f6nnen, was gerade passiert. Betrieben werden die Stellen von Feuerwehr, Rettungsdiensten, Hilfsorganisationen und auch f\u00fcnf Kirchengemeinden machen mit. <a class=\"transition-colors duration-200 cursor-pointer text-inherit no-underline text-salemsfur md:hover:text-magenta md:hover:border-magenta md:focus:text-magenta border-current border-b border-solid break-words\" data-tracking=\"{&quot;action&quot;:&quot;click&quot;,&quot;category&quot;:&quot;intextLink&quot;,&quot;label&quot;:&quot;https:\/\/berlin.t-online.de\/region\/berlin\/id_101066150\/berlin-massiver-stromausfall-im-sueden-verdacht-auf-brandstiftung.html&quot;}\" href=\"https:\/\/berlin.t-online.de\/region\/berlin\/id_101066150\/berlin-massiver-stromausfall-im-sueden-verdacht-auf-brandstiftung.html\" data-sctrack=\"BodyAnchor\" rel=\"nofollow noopener\" target=\"_blank\">Stromausf\u00e4lle wie zuletzt in Berlin im Januar 2026<\/a> zeigen, wie relevant dieses Thema sein kann, schreibt die Stadt.<\/p>\n<p class=\"text-18 leading-17 user-text-lg:text-22 user-text-xl:text-24\">Parallel \u00f6ffnen Anlaufstellen der Stadtverwaltung, die auch ohne Strom weiterarbeiten: f\u00fcr Nottrauungen, Todesfallmeldungen oder dringende Fragen zum Kinderschutz. Fachleute f\u00fcr psychologische Ersthilfe sind ebenfalls im Einsatz.<\/p>\n<p class=\"text-18 leading-17 user-text-lg:text-22 user-text-xl:text-24\">Geprobt wird auch die Kommunikation: Wenn Telefon und Funk ausfallen, sollen Digitalfunk und im Notfall Fahrradkuriere die Nachrichten\u00fcbermittlung sichern. Am Flughafen wird zwischen 9.30 und 12.30 Uhr ein Teil der Ankunftshalle f\u00fcr die \u00dcbung genutzt; der Flugbetrieb soll normal weiterlaufen, hei\u00dft es.<\/p>\n<p class=\"text-18 leading-17 user-text-lg:text-22 user-text-xl:text-24\">Am Nachmittag kommen alle Beteiligten mit Innenminister Joachim Herrmann (CSU) und der Stadtspitze in der Bertolt-Brecht-Schule zusammen, um auszuwerten, was funktioniert hat. Und was nicht.<\/p>\n","protected":false},"excerpt":{"rendered":"Kein Strom, kein Notruf, kein Internet Stadt in Franken probt Blackout mit 900 Einsatzkr\u00e4fte 21.04.2026 &#8211; 04:05 UhrLesedauer:&hellip;\n","protected":false},"author":2,"featured_media":961142,"comment_status":"","ping_status":"","sticky":false,"template":"","format":"standard","meta":{"footnotes":"","_share_on_mastodon":"0"},"categories":[1837],"tags":[3176,522,772,6424,3364,29,2540,4348,30,208938,3783],"class_list":["post-961141","post","type-post","status-publish","format-standard","has-post-thumbnail","category-nuernberg","tag-3176","tag-522","tag-bayern","tag-blackout","tag-de","tag-deutschland","tag-einsatzkraft","tag-franken","tag-germany","tag-nottrauung","tag-nuernberg"],"share_on_mastodon":{"url":"https:\/\/pubeurope.com\/@de\/116440455491106265","error":""},"_links":{"self":[{"href":"https:\/\/www.europesays.com\/de\/wp-json\/wp\/v2\/posts\/961141","targetHints":{"allow":["GET"]}}],"collection":[{"href":"https:\/\/www.europesays.com\/de\/wp-json\/wp\/v2\/posts"}],"about":[{"href":"https:\/\/www.europesays.com\/de\/wp-json\/wp\/v2\/types\/post"}],"author":[{"embeddable":true,"href":"https:\/\/www.europesays.com\/de\/wp-json\/wp\/v2\/users\/2"}],"replies":[{"embeddable":true,"href":"https:\/\/www.europesays.com\/de\/wp-json\/wp\/v2\/comments?post=961141"}],"version-history":[{"count":0,"href":"https:\/\/www.europesays.com\/de\/wp-json\/wp\/v2\/posts\/961141\/revisions"}],"wp:featuredmedia":[{"embeddable":true,"href":"https:\/\/www.europesays.com\/de\/wp-json\/wp\/v2\/media\/961142"}],"wp:attachment":[{"href":"https:\/\/www.europesays.com\/de\/wp-json\/wp\/v2\/media?parent=961141"}],"wp:term":[{"taxonomy":"category","embeddable":true,"href":"https:\/\/www.europesays.com\/de\/wp-json\/wp\/v2\/categories?post=961141"},{"taxonomy":"post_tag","embeddable":true,"href":"https:\/\/www.europesays.com\/de\/wp-json\/wp\/v2\/tags?post=961141"}],"curies":[{"name":"wp","href":"https:\/\/api.w.org\/{rel}","templated":true}]}}