{"id":961145,"date":"2026-04-21T02:59:35","date_gmt":"2026-04-21T02:59:35","guid":{"rendered":"https:\/\/www.europesays.com\/de\/961145\/"},"modified":"2026-04-21T02:59:35","modified_gmt":"2026-04-21T02:59:35","slug":"bundeskanzler-merz-europaeische-ki-regulierung-erleichtern","status":"publish","type":"post","link":"https:\/\/www.europesays.com\/de\/961145\/","title":{"rendered":"Bundeskanzler Merz: \u201eEurop\u00e4ische KI-Regulierung erleichtern\u201c"},"content":{"rendered":"<ol class=\"a-toc__list\">\n<li class=\"a-toc__item&#10;          &#10;            a-toc__item--counter&#10;          &#10;            a-toc__item--current\">\n<p>              Bundeskanzler Merz: \u201eEurop\u00e4ische KI-Regulierung erleichtern\u201c<\/p>\n<\/li>\n<\/ol>\n<p>    close notice<\/p>\n<p class=\"notice-banner__text a-u-mb-0\">\n      This article is also available in<br \/>\n        <a href=\"https:\/\/www.heise.de\/en\/news\/Chancellor-Merz-Make-European-AI-regulation-easier-11264952.html\" class=\"notice-banner__link a-u-inline-link\" rel=\"nofollow noopener\" target=\"_blank\">English<\/a>.<\/p>\n<p>      It was translated with technical assistance and editorially reviewed before publication.\n    <\/p>\n<p class=\"notice-banner__link a-u-mb-0\">\n    Don\u2019t show this again.\n<\/p>\n<p>Bundeskanzler Friedrich Merz (CDU) hat sich zum <a href=\"https:\/\/www.heise.de\/news\/Merz-und-Lula-eroeffnen-Hannover-Messe-2026-Zwischen-KI-Zuversicht-und-Reformdruck-11263549.html\" rel=\"nofollow noopener\" target=\"_blank\">Auftakt der Hannover Messe am Sonntagabend<\/a> f\u00fcr eine Lockerung der europ\u00e4ischen Regeln f\u00fcr die industrielle Anwendung von K\u00fcnstlicher Intelligenz (KI) ausgesprochen. Damit kommt der Kanzler Forderungen aus der Industrie entgegen.<\/p>\n<p>        Weiterlesen nach der Anzeige<\/p>\n<p>\u201eGerade bei industriellen Anwendungen spielt KI eben eine sehr wichtige Rolle\u201c, sagte Merz zur Er\u00f6ffnung der weltgr\u00f6\u00dften Industriemesse am Sonntag in Hannover. \u201eIch werde mich daf\u00fcr einsetzen, die europ\u00e4ische KI-Regulierung zu erleichtern und wenn m\u00f6glich, industrielle KI aus dem gegenw\u00e4rtigen, zu engen Korsett der KI-Regulierung der Europ\u00e4ischen Union herauszul\u00f6sen.\u201c<\/p>\n<p>\u201eSo k\u00f6nnen wir es nicht machen\u201c<\/p>\n<p><a href=\"https:\/\/www.heise.de\/hintergrund\/AI-Act-tritt-in-Kraft-Was-Sie-zur-KI-Verordnung-wissen-muessen-9819063.html\" rel=\"nofollow noopener\" target=\"_blank\">Erste Teile des europ\u00e4ischen \u201eAI Act\u201c sind nach dreij\u00e4hrigen Verhandlungen im August 2024 in Kraft getreten<\/a>. Die Verordnung setzt die Leitplanken f\u00fcr Risikobewertung, Sicherheit und Verbraucherschutz bei der Anwendung von KI. <a href=\"https:\/\/www.heise.de\/news\/AI-Act-Bundesregierung-bringt-KI-Gesetz-auf-den-Weg-11173623.html\" rel=\"nofollow noopener\" target=\"_blank\">In Deutschland ist das Umsetzungsgesetz in der Mache<\/a>, das unter anderem die <a href=\"https:\/\/www.heise.de\/news\/KI-Verordnung-Innovation-Deutschland-sucht-die-Super-Aufsichtsbehoerde-9720766.html\" rel=\"nofollow noopener\" target=\"_blank\">Bundesnetzagentur als zust\u00e4ndige Aufsichtsbeh\u00f6rde<\/a> bestimmt.<\/p>\n<p>In den Jahren der Entstehung der Verordnung sei noch gar nicht abzusch\u00e4tzen gewesen, wie KI heute eingesetzt wird, begr\u00fcndet Merz seinen Vorsto\u00df. \u201eSo k\u00f6nnen wir es nicht machen, wie es einmal vor vielen Jahren noch nicht einmal in der Vorahnung der Dimension des Anwendungsbereichs der KI in Br\u00fcssel geplant war\u201c, sagte der Kanzler.<\/p>\n<p>\u201eKI wird zu mehr Effizienz und Produktivit\u00e4t, zu optimiertem Ressourceneinsatz und vor allem zu reduzierten Kosten beitragen\u201c, betonte Merz in Hannover. \u201eEs wird so die Wettbewerbsf\u00e4higkeit industrieller Produktion st\u00e4rken.\u201c<\/p>\n<p>Industrie fordert Reformen<\/p>\n<p>Bei der Industrie rennt der Bundeskanzler damit offene T\u00fcren ein. Der Verband der Elektro- und Digitalindustrie (ZVEI) klagt nicht erst seit gestern \u00fcber b\u00fcrokratische Doppelregulierung und fordert eine Reform des AI Act im Hinblick auf die industrielle Anwendung von KI.<\/p>\n<p>        Weiterlesen nach der Anzeige<\/p>\n<p>\u201eDie KI-Regulatorik im EU AI Act muss industrietauglicher werden\u201c, erkl\u00e4rte ZVEI-Pr\u00e4sident Gunther Kegel im Vorfeld der Hannover Messe. \u201eNur so kann die hiesige Industrie ihre St\u00e4rken im globalen Wettbewerb ausspielen.\u201c<\/p>\n<p>Die Industrieverb\u00e4nde fordern von der Bundesregierung nun entschlossenes Handeln \u2013 auch angesichts der Folgen des Irankriegs f\u00fcr Energieversorgung und Lieferketten. Doch d\u00fcrfe es nicht bei einem akuten Krisenmanagement bleiben, lautet der Tenor.<\/p>\n<p>\u201eEine gute Politik zur St\u00e4rkung der Wettbewerbsf\u00e4higkeit des Standorts muss breitenwirksam angelegt sein\u201c, forderte Bertram Kawlath, Pr\u00e4sident des Verbands Deutscher Maschinen- und Anlagenbau (VDMA). \u201eAn die Stelle von kurzfristigem Krisenmanagement m\u00fcssen durchdachte, strukturelle Reformen treten, die dauerhafte Wachstumsimpulse schaffen.\u201c<\/p>\n<p>\u201eStandort nicht wettbewerbsf\u00e4hig\u201c<\/p>\n<p>Von gravierenden strukturellen Problemen spricht der Bundesverband der Industrie (BDI). \u201eDie Kosten am Standort sind schlicht zu hoch. Wir sind als Standort nicht mehr wettbewerbsf\u00e4hig\u201c, mahnt BDI-Pr\u00e4sident Peter Leibinger. Die Bundesregierung m\u00fcsse sich bis zum Sommer auf ein Reformpaket einigen. \u201eWas bisher verk\u00fcndet wurde, ist entt\u00e4uschend, mutlos und geht am Thema vorbei.\u201c<\/p>\n<p>\u201eEs braucht jetzt einen gro\u00dfen Wurf, keine Flickschusterei\u201c, wiederholte auch ZVEI-Chef Kegel seine Mahnung auf der Er\u00f6ffnungsfeier der Messe. N\u00f6tig seien niedrigere Steuern, ein schlankerer Sozialstaat, Flexibilit\u00e4t auf dem Arbeitsmarkt und endlich ein sp\u00fcrbarer B\u00fcrokratieabbau. Die Unternehmen m\u00fcssten ebenfalls ihren Beitrag leisten, betonte Kegel. \u201eAuch wir, die Unternehmen, stehen im Obligo, unsere Hausaufgaben zu machen.\u201c<\/p>\n<p>(<a class=\"redakteurskuerzel__link\" href=\"https:\/\/www.heise.de\/news\/mailto:vbr@heise.de\" title=\"Volker Briegleb\" rel=\"nofollow noopener\" target=\"_blank\">vbr<\/a>)<\/p>\n<p>\n      Dieser Link ist leider nicht mehr g\u00fcltig.\n    <\/p>\n<p>Links zu verschenkten Artikeln werden ung\u00fcltig,<br \/>\n      wenn diese \u00e4lter als 7\u00a0Tage sind oder zu oft aufgerufen wurden.\n    <\/p>\n<p><strong>Sie ben\u00f6tigen ein heise+ Paket, um diesen Artikel zu lesen. Jetzt eine Woche unverbindlich testen \u2013 ohne Verpflichtung!<\/strong><\/p>\n","protected":false},"excerpt":{"rendered":"Bundeskanzler Merz: \u201eEurop\u00e4ische KI-Regulierung erleichtern\u201c close notice This article is also available in English. It was translated with&hellip;\n","protected":false},"author":2,"featured_media":961146,"comment_status":"","ping_status":"","sticky":false,"template":"","format":"standard","meta":{"footnotes":"","_share_on_mastodon":"0"},"categories":[1836],"tags":[11754,1173,3364,29,30,46,3846,54,196,1256,1411,8943,55],"class_list":["post-961145","post","type-post","status-publish","format-standard","has-post-thumbnail","category-hannover","tag-ai-act","tag-bundesregierung","tag-de","tag-deutschland","tag-germany","tag-hannover","tag-hannover-messe","tag-industrie","tag-it","tag-kuenstliche-intelligenz","tag-niedersachsen","tag-regulierung","tag-wirtschaft"],"share_on_mastodon":{"url":"https:\/\/pubeurope.com\/@de\/116440463239118835","error":""},"_links":{"self":[{"href":"https:\/\/www.europesays.com\/de\/wp-json\/wp\/v2\/posts\/961145","targetHints":{"allow":["GET"]}}],"collection":[{"href":"https:\/\/www.europesays.com\/de\/wp-json\/wp\/v2\/posts"}],"about":[{"href":"https:\/\/www.europesays.com\/de\/wp-json\/wp\/v2\/types\/post"}],"author":[{"embeddable":true,"href":"https:\/\/www.europesays.com\/de\/wp-json\/wp\/v2\/users\/2"}],"replies":[{"embeddable":true,"href":"https:\/\/www.europesays.com\/de\/wp-json\/wp\/v2\/comments?post=961145"}],"version-history":[{"count":0,"href":"https:\/\/www.europesays.com\/de\/wp-json\/wp\/v2\/posts\/961145\/revisions"}],"wp:featuredmedia":[{"embeddable":true,"href":"https:\/\/www.europesays.com\/de\/wp-json\/wp\/v2\/media\/961146"}],"wp:attachment":[{"href":"https:\/\/www.europesays.com\/de\/wp-json\/wp\/v2\/media?parent=961145"}],"wp:term":[{"taxonomy":"category","embeddable":true,"href":"https:\/\/www.europesays.com\/de\/wp-json\/wp\/v2\/categories?post=961145"},{"taxonomy":"post_tag","embeddable":true,"href":"https:\/\/www.europesays.com\/de\/wp-json\/wp\/v2\/tags?post=961145"}],"curies":[{"name":"wp","href":"https:\/\/api.w.org\/{rel}","templated":true}]}}