{"id":961391,"date":"2026-04-21T05:25:16","date_gmt":"2026-04-21T05:25:16","guid":{"rendered":"https:\/\/www.europesays.com\/de\/961391\/"},"modified":"2026-04-21T05:25:16","modified_gmt":"2026-04-21T05:25:16","slug":"nrw-sicherheitsstudie-wuelfrather-sind-zur-teilnahme-aufgerufen","status":"publish","type":"post","link":"https:\/\/www.europesays.com\/de\/961391\/","title":{"rendered":"NRW-Sicherheitsstudie: W\u00fclfrather sind zur Teilnahme aufgerufen"},"content":{"rendered":"<p class=\"text_ohne_einzug richtext text-em-55 !leading-serif mx-6 desktop:mx-0\">  Das Thema Sicherheit kann man zwar mit Zahlen untermauern, aber in erster Linie ist es auch immer etwas sehr Subjektives, ob sich jemand sicher f\u00fchlt oder nicht. Genau mit dieser Frage besch\u00e4ftigt sich eine aktuelle Studie, bei der auch ausgew\u00e4hlte W\u00fclfratherinnen und W\u00fclfrather teilnehmen sollen.<\/p>\n<p class=\"richtext text-em-55 !leading-serif mx-6 desktop:mx-0\">Der Grundsatz: B\u00fcrgerinnen und B\u00fcrger in <a href=\"https:\/\/rp-online.de\/thema\/nordrhein-westfalen\/\" rel=\"nofollow noopener\" target=\"_blank\">Nordrhein-Westfalen<\/a> sollen sich sicher f\u00fchlen. \u201eUnter anderem deswegen ist es wichtig, sich mit der Frage des pers\u00f6nlichen Sicherheitsempfindens auseinanderzusetzen\u201c, erkl\u00e4rt die Stadt <a href=\"https:\/\/rp-online.de\/thema\/wuelfrath\/\" rel=\"nofollow noopener\" target=\"_blank\">W\u00fclfrath<\/a> in einer Mitteilung. Die \u00fcber den Fonds f\u00fcr die Innere Sicherheit der Europ\u00e4ischen Union kofinanzierte Studie zu Sicherheit und <a href=\"https:\/\/rp-online.de\/thema\/kriminalitaet\/\" rel=\"nofollow noopener\" target=\"_blank\">Kriminalit\u00e4t<\/a> (SKiD) in Deutschland mache dies erneut f\u00fcr 20.000 Menschen in Nordrhein-Westfalen m\u00f6glich, darunter auch B\u00fcrgerinnen und B\u00fcrger aus W\u00fclfrath. \u201eSie d\u00fcrfen ihre pers\u00f6nlichen Erfahrungen mit Kriminalit\u00e4t schildern und Angaben zu ihrem Anzeigeverhalten sowie ihrem Sicherheitsgef\u00fchl machen. Zudem besteht auch wieder die M\u00f6glichkeit, die Arbeit der <a href=\"https:\/\/rp-online.de\/thema\/polizei\/\" rel=\"nofollow noopener\" target=\"_blank\">Polizei<\/a> zu bewerten\u201c, erkl\u00e4rt die Verwaltung.<\/p>\n<p class=\"richtext text-em-55 !leading-serif mx-6 desktop:mx-0\">Angeschrieben werden ausgew\u00e4hlte Jugendliche und Erwachsene aus der Stadt. Der Appell zur Teilnahme kommt dabei von prominenter Stelle: <a href=\"https:\/\/rp-online.de\/thema\/herbert-reul\/\" rel=\"nofollow noopener\" target=\"_blank\">Herbert Reul<\/a>, Minister des Innern des Landes Nordrhein-Westfalen, bittet alle angeschriebenen Jugendlichen und Erwachsenen aus W\u00fclfrath um ihre Teilnahme: \u201eWir wollen erneut wissen: Wann und wo f\u00fchlen Sie sich besonders unsicher oder wie sch\u00e4tzen Sie die Arbeit der Polizei ein? Das, was die Menschen umtreibt, l\u00e4sst sich nicht in Statistiken einfangen. Gerade die gef\u00fchlte Sicherheit wirkt sich besonders stark auf den Alltag aus. Deswegen ist es wichtig, Ihrer Stimme Geh\u00f6r zu verschaffen. Das machen Sie dann stellvertretend f\u00fcr alle B\u00fcrgerinnen und B\u00fcrger in Nordrhein-Westfalen. Durch Ihre R\u00fcckmeldung k\u00f6nnen wir Stellschrauben unserer Arbeit auch an den richtigen Stellen nachjustieren. Deswegen: Machen Sie mit und helfen Sie uns, die Sicherheit in unserem Land weiter zu st\u00e4rken!\u201c<\/p>\n<p class=\"richtext text-em-55 !leading-serif mx-6 desktop:mx-0\">Der Startzeitpunkt der aktuellen Erhebungswelle ist am 13. April gewesen. Sie baut auf einer ersten (2020) und zweiten (2024) Befragungswelle auf. Die ersten Ank\u00fcndigungsschreiben zur Befragung sind bereits verschickt. Sie dienen dazu, die ausgew\u00e4hlten B\u00fcrgerinnen und B\u00fcrger \u00fcber die Studie zu informieren. Ab dem 27. April werden die Frageb\u00f6gen sowie ein Begleitschreiben mit Bearbeitungshinweisen \u00fcbermittelt. \u201eSollten Sie ein solches Schreiben erhalten, nehmen Sie sich bitte die Zeit und machen Sie Ihre Angaben. W\u00fclfrath ist die Heimat von rund 22.000 Menschen, in deren Vertretung Sie einen sinnvollen Beitrag leisten k\u00f6nnen. Ich danke Ihnen f\u00fcr Ihre Mithilfe\u201c, sagt B\u00fcrgermeister Sebastian Schorn.<\/p>\n","protected":false},"excerpt":{"rendered":"Das Thema Sicherheit kann man zwar mit Zahlen untermauern, aber in erster Linie ist es auch immer etwas&hellip;\n","protected":false},"author":2,"featured_media":961392,"comment_status":"","ping_status":"","sticky":false,"template":"","format":"standard","meta":{"footnotes":"","_share_on_mastodon":"0"},"categories":[1840],"tags":[208975,12612,29849,8389,3364,29,30,1584,19045,1209,99801,3931,208976,17981,208977,11748,8404,27167,4418],"class_list":["post-961391","post","type-post","status-publish","format-standard","has-post-thumbnail","category-wuppertal","tag-2fskid","tag-buerger","tag-buergerinnen","tag-buergermeister","tag-de","tag-deutschland","tag-germany","tag-kriminalitaet","tag-nordrhein","tag-nordrhein-westfalen","tag-persoenlichen","tag-sicherheit","tag-sicherheitsempfindens","tag-sicherheitsgefuehl","tag-skid","tag-studie","tag-westfalen","tag-wuelfrath","tag-wuppertal"],"share_on_mastodon":{"url":"https:\/\/pubeurope.com\/@de\/116441037384107899","error":""},"_links":{"self":[{"href":"https:\/\/www.europesays.com\/de\/wp-json\/wp\/v2\/posts\/961391","targetHints":{"allow":["GET"]}}],"collection":[{"href":"https:\/\/www.europesays.com\/de\/wp-json\/wp\/v2\/posts"}],"about":[{"href":"https:\/\/www.europesays.com\/de\/wp-json\/wp\/v2\/types\/post"}],"author":[{"embeddable":true,"href":"https:\/\/www.europesays.com\/de\/wp-json\/wp\/v2\/users\/2"}],"replies":[{"embeddable":true,"href":"https:\/\/www.europesays.com\/de\/wp-json\/wp\/v2\/comments?post=961391"}],"version-history":[{"count":0,"href":"https:\/\/www.europesays.com\/de\/wp-json\/wp\/v2\/posts\/961391\/revisions"}],"wp:featuredmedia":[{"embeddable":true,"href":"https:\/\/www.europesays.com\/de\/wp-json\/wp\/v2\/media\/961392"}],"wp:attachment":[{"href":"https:\/\/www.europesays.com\/de\/wp-json\/wp\/v2\/media?parent=961391"}],"wp:term":[{"taxonomy":"category","embeddable":true,"href":"https:\/\/www.europesays.com\/de\/wp-json\/wp\/v2\/categories?post=961391"},{"taxonomy":"post_tag","embeddable":true,"href":"https:\/\/www.europesays.com\/de\/wp-json\/wp\/v2\/tags?post=961391"}],"curies":[{"name":"wp","href":"https:\/\/api.w.org\/{rel}","templated":true}]}}