{"id":961445,"date":"2026-04-21T05:57:14","date_gmt":"2026-04-21T05:57:14","guid":{"rendered":"https:\/\/www.europesays.com\/de\/961445\/"},"modified":"2026-04-21T05:57:14","modified_gmt":"2026-04-21T05:57:14","slug":"50-jahre-gruenau-das-ist-im-festjahr-im-stadtteil-geplant","status":"publish","type":"post","link":"https:\/\/www.europesays.com\/de\/961445\/","title":{"rendered":"50 Jahre Gr\u00fcnau: Das ist im Festjahr im Stadtteil geplant"},"content":{"rendered":"<p><a name=\"sprung1\" class=\"jumpLabel\">Wie soll das Jubil\u00e4um begangen werden?<\/a><\/p>\n<p class=\"text\">\nZum 50. Geburtstag sind \u00fcber das Jahr hinweg verschiedene Veranstaltungen geplant. Dazu geh\u00f6ren unter anderem kulturelle Angebote und Mitmachformate, aber auch Fachkonferenzen. Insgesamt gibt es mehr als 50 Programmpunkte verschiedenster Akteure. Die Gesamtkoordination obliegt dem Dezernat f\u00fcr Stadtentwicklung und Bau.<\/p>\n<p>Zu den zentralen Terminen geh\u00f6ren:<\/p>\n<ul>\n<li>9. Mai: Auftakt &#8222;Nat\u00fcrlich Gr\u00fcnau&#8220; zum Tag der St\u00e4dtebauf\u00f6rderung auf dem Jupiterplatz<\/li>\n<li>1. Juni: Festakt zum Tag der Grundsteinlegung am PEP an der Stuttgarter Allee mit Ministerin Regina Kraushaar (CDU) und Leipzigs Oberb\u00fcrgermeister Burkhard Jung (SPD), au\u00dferdem: Filmpremiere \u00fcber Gr\u00fcnau<\/li>\n<li>13. Juni: Start des Gr\u00fcnauer Kultursommers<\/li>\n<li>13. September: Tag des offenen Denkmals<\/li>\n<\/ul>\n<p class=\"text\">Die gesamte Programm\u00fcbersicht findet sich <a href=\"http:\/\/www.leipzig.de\/50-jahre-gr%C3%BCnau\" title=\"50 Jahre Gr\u00fcnau - Programm\u00fcbersicht\" data-ctrl-link=\"{&#039;id&#039;: &#039;ab2805ad-6f3f-48cf-b91a-65d06fe636fb&#039;,&#039;type&#039;:&#039;external&#039;,&#039;window&#039;:{&#039;type&#039;:&#039;blank&#039;,&#039;config&#039;:{&#039;title&#039;:&#039;50 Jahre Gr\u00fcnau - Programm\u00fcbersicht&#039;,&#039;top&#039;:&#039;0&#039;,&#039;left&#039;:&#039;0&#039;,&#039;width&#039;:&#039;0&#039;,&#039;height&#039;:&#039;0&#039;,&#039;status&#039;:&#039;0&#039;,&#039;menubar&#039;:&#039;0&#039;,&#039;location&#039;:&#039;0&#039;,&#039;scroll&#039;:&#039;0&#039;,&#039;toolbar&#039;:&#039;0&#039;,&#039;resizable&#039;:&#039;0&#039;}}}\" rel=\"nofollow noopener\" target=\"_blank\">auf der Webseite der Stadt Leipzig<\/a>.\n<\/p>\n<p><a name=\"sprung2\" class=\"jumpLabel\">K\u00f6nnen sich die B\u00fcrger am Festjahr beteiligen?<\/a><\/p>\n<p class=\"text\">\nJa, denn die Stadt setzt auf Beteiligung aus dem Stadtteil: Vereine, Initiativen, Schulen und Anwohnerinnen und Anwohner sind eingeladen, sich mit eigenen Ideen, Projekten oder Erinnerungen am Jubil\u00e4umsjahr zu beteiligen. Los geht es beispielsweise am 23. April mit einer Reinigungsaktion: Im Vorfeld des Jubil\u00e4ums l\u00e4dt die Stadtreinigung Leipzig unter dem Motto &#8222;Gr\u00fcnau wird sauber&#8220; ein. B\u00fcrgerinnen und B\u00fcrger k\u00f6nnen ohne Anmeldung gemeinsam M\u00fcll sammeln und so aktiv zu einem sauberen Stadtteil beitragen.\n<\/p>\n<p><a name=\"sprung3\" class=\"jumpLabel\">Wie hat sich Gr\u00fcnau historisch entwickelt?<\/a><\/p>\n<p class=\"text\">\nNach der Grundsteinlegung wurden vor allem Wohnkomplexe im Stadtteil aufgebaut. Die erste Fahrt der Stra\u00dfenbahnlinie 1 bis Endhaltestelle Gr\u00fcnau-S\u00fcd fand beispielsweise im April 1979 statt. Bis 1990 wuchs der Stadtteil stetig (1982 auf rund 50.000 Einwohnerinnen und Einwohner). Danach pr\u00e4gten Bev\u00f6lkerungsr\u00fcckgang, Leerstand und R\u00fcckbau das Bild.<\/p>\n<p>Seit den 2010er\u2011Jahren w\u00e4chst Gr\u00fcnau wieder und es gibt neue Freizeit\u2011 und Wohnangebote. Gr\u00fcnfl\u00e4chen, die N\u00e4he zum Kulkwitzer See und eine Infrastruktur im Ausbau machen den Stadtteil erneut attraktiv, auch wenn die Entwicklung <a href=\"https:\/\/www.mdr.de\/nachrichten\/sachsen\/leipzig\/leipzig-leipzig-land\/ueberfall-gruenau-haltestelle-polizei-100.html\" title=\"Blutiger \u00dcberfall an Stra\u00dfenbahnhaltestelle in Leipzig\" rel=\"nofollow noopener\" target=\"_blank\">weiterhin Herausforderungen mit sich bringt<\/a>.\n<\/p>\n<p><a name=\"sprung4\" class=\"jumpLabel\">Welche Verbesserungen plant die Stadt in Gr\u00fcnau?<\/a><\/p>\n<p class=\"text\">\nLaut Stadt Leipzig bleibt Gr\u00fcnau Schwerpunkt der Stadterneuerung. Neben dem Neubau von Wohnungen sind auch Quartierskonzepte, ein B\u00fcrgerzentrum in Gr\u00fcnaus Mitte, die Wiederbelebung des Robert-Koch-Parks und die Verbesserung des Stadtteil-Images geplant.<\/p>\n","protected":false},"excerpt":{"rendered":"Wie soll das Jubil\u00e4um begangen werden? Zum 50. Geburtstag sind \u00fcber das Jahr hinweg verschiedene Veranstaltungen geplant. Dazu&hellip;\n","protected":false},"author":2,"featured_media":961446,"comment_status":"","ping_status":"","sticky":false,"template":"","format":"standard","meta":{"footnotes":"","_share_on_mastodon":"0"},"categories":[1832],"tags":[25552,19729,3364,29,30,16112,14266,3009,71,81,14,859,3041,6053,5337],"class_list":["post-961445","post","type-post","status-publish","format-standard","has-post-thumbnail","category-leipzig","tag-50-jahre","tag-bauvorhaben","tag-de","tag-deutschland","tag-germany","tag-gruenau","tag-image","tag-jubilaeum","tag-leipzig","tag-mdr","tag-nachrichten","tag-sachsen","tag-stadt","tag-stadtteil","tag-wohnungen"],"share_on_mastodon":{"url":"https:\/\/pubeurope.com\/@de\/116441163049810965","error":""},"_links":{"self":[{"href":"https:\/\/www.europesays.com\/de\/wp-json\/wp\/v2\/posts\/961445","targetHints":{"allow":["GET"]}}],"collection":[{"href":"https:\/\/www.europesays.com\/de\/wp-json\/wp\/v2\/posts"}],"about":[{"href":"https:\/\/www.europesays.com\/de\/wp-json\/wp\/v2\/types\/post"}],"author":[{"embeddable":true,"href":"https:\/\/www.europesays.com\/de\/wp-json\/wp\/v2\/users\/2"}],"replies":[{"embeddable":true,"href":"https:\/\/www.europesays.com\/de\/wp-json\/wp\/v2\/comments?post=961445"}],"version-history":[{"count":0,"href":"https:\/\/www.europesays.com\/de\/wp-json\/wp\/v2\/posts\/961445\/revisions"}],"wp:featuredmedia":[{"embeddable":true,"href":"https:\/\/www.europesays.com\/de\/wp-json\/wp\/v2\/media\/961446"}],"wp:attachment":[{"href":"https:\/\/www.europesays.com\/de\/wp-json\/wp\/v2\/media?parent=961445"}],"wp:term":[{"taxonomy":"category","embeddable":true,"href":"https:\/\/www.europesays.com\/de\/wp-json\/wp\/v2\/categories?post=961445"},{"taxonomy":"post_tag","embeddable":true,"href":"https:\/\/www.europesays.com\/de\/wp-json\/wp\/v2\/tags?post=961445"}],"curies":[{"name":"wp","href":"https:\/\/api.w.org\/{rel}","templated":true}]}}