{"id":961587,"date":"2026-04-21T07:20:17","date_gmt":"2026-04-21T07:20:17","guid":{"rendered":"https:\/\/www.europesays.com\/de\/961587\/"},"modified":"2026-04-21T07:20:17","modified_gmt":"2026-04-21T07:20:17","slug":"leipzig-angreifer-22-geht-mit-axt-auf-busfahrer-los-regional","status":"publish","type":"post","link":"https:\/\/www.europesays.com\/de\/961587\/","title":{"rendered":"Leipzig: Angreifer (22) geht mit Axt auf Busfahrer los | Regional"},"content":{"rendered":"<p><a class=\"skip-content skip-content--link\" href=\"#in-content-skip-link-target-v-0-0\">TTS-Player \u00fcberspringen\u21b5<\/a><a id=\"in-content-skip-link-target-v-0-0\" class=\"skip-content--target-link-hidden skip-content skip-content--target-link\" href=\"#in-content-skip-link-target-v-0-0\">Artikel weiterlesen<\/a><\/p>\n<p>Leipzig \u2013 <b>Im Nahverkehr von Leipzig ist es erneut zu einer schweren Gewalttat gekommen: Diesmal griff in Gr\u00fcnau ein 22-J\u00e4hriger mit einer Axt einen Busfahrer an. Erst vor rund drei Wochen hatte es einen \u00e4hnlichen Vorfall in der Messestadt gegeben. Damals hatte ein Busfahrer beim Angriff eines afghanischen Intensivt\u00e4ters (13) einen Schlaganfall erlitten. <\/b><\/p>\n<p>Der neuerliche Vorfall ereignete sich am Montagnachmittag im Stadtteil Gr\u00fcnau an der Haltestelle am PEP-Einkaufszentrum. Wie die <a href=\"https:\/\/www.bild.de\/regional\/aktuelles\/polizei\/polizeieinsatz-alle-infos-76681760.bild.html\" class=\"text-link\" rel=\"nofollow noopener\" target=\"_blank\">Polizei<\/a> best\u00e4tigt, wurde dort gegen 16.15 Uhr ein Busfahrer mit einem \u201egef\u00e4hrlichen Gegenstand angegriffen\u201c. Nach BILD-Informationen soll der mutma\u00dfliche T\u00e4ter (22) mit einer Axt auf den LVB-Fahrer losgegangen sein. Der Ausl\u00f6ser des Angriffs: eine Lappalie! Polizeisprecherin Susanne L\u00fcbcke: \u201eEs ging wohl um eine Zigarette. Der 22-J\u00e4hrige soll den Fahrer nach einer gefragt haben, aber der hatte keine \u2013 oder wollte ihm keine geben.\u201c Daraufhin griff der Deutsche den Fahrer an und \u201everletzte ihn dabei mit dem gef\u00e4hrlichen Gegenstand\u201c.<\/p>\n<p><img decoding=\"async\" width=\"992\" height=\"558\" alt=\"Tatort: die Haltestelle am PEP-Center in Gr\u00fcnau\" src=\"https:\/\/www.europesays.com\/de\/wp-content\/uploads\/2026\/04\/ade23658ed8e3d1cb9b8d451a0df9f71,fa2fb549.jpeg\"   class=\"landscape\" loading=\"lazy\"\/><\/p>\n<p class=\"fig__caption__text\">Tatort: die Haltestelle am PEP-Center in Gr\u00fcnau<\/p>\n<p>Foto: Google Street View<\/p>\n<p>Busfahrer \u00fcberw\u00e4ltigen Angreifer<\/p>\n<p>Erst mithilfe zweier Kollegen, die den Vorfall mitbekommen hatten und rasch zu Hilfe geeilt waren, konnte der Angreifer \u00fcberw\u00e4ltigt werden. Die wehrhaften Busfahrer hielten den 22-J\u00e4hrigen dann bis zum Eintreffen der Polizei fest. Der Mann, der ebenfalls Verletzungen davontrug, kam unter Bewachung der Beamten ins Krankenhaus.<\/p>\n<p>Erst Anfang April hatte ein \u00e4hnlicher Vorfall Zweifel an der Sicherheit im Nahverkehr von <a href=\"https:\/\/www.bild.de\/regional\/leipzig\/leipzig-regional\/startseite-16675698.bild.html\" class=\"text-link\" rel=\"nofollow noopener\" target=\"_blank\">Leipzig<\/a> gen\u00e4hrt: Ein<a href=\"https:\/\/www.bild.de\/regional\/leipzig\/leipzig-jugendlicher-13-pruegelt-busfahrer-in-klinik-69cfdc5ecdf80d124bb0d65d\" class=\"text-link\" rel=\"nofollow noopener\" target=\"_blank\"> afghanischer Intensivt\u00e4ter (13) hatte einem Busfahrer (63) mehrere Kopfst\u00f6\u00dfe versetzt<\/a>, wobei dieser einen Schlaganfall erlitten hatte. <\/p>\n<p><img decoding=\"async\" width=\"992\" height=\"558\" alt=\"In Linie 90 war Anfang April ebenfalls ein Busfahrer attackiert worden\" src=\"https:\/\/www.europesays.com\/de\/wp-content\/uploads\/2026\/04\/570da84ee2c5cd6e89e4027c9327b520,815e457c.jpeg\"   class=\"landscape\" loading=\"lazy\"\/><\/p>\n<p class=\"fig__caption__text\">In Linie 90 war Anfang April ebenfalls ein Busfahrer attackiert worden<\/p>\n<p>Foto: Silvio Buerger<\/p>\n","protected":false},"excerpt":{"rendered":"TTS-Player \u00fcberspringen\u21b5Artikel weiterlesen Leipzig \u2013 Im Nahverkehr von Leipzig ist es erneut zu einer schweren Gewalttat gekommen: Diesmal&hellip;\n","protected":false},"author":2,"featured_media":961588,"comment_status":"","ping_status":"","sticky":false,"template":"","format":"standard","meta":{"footnotes":"","_share_on_mastodon":"0"},"categories":[1832],"tags":[16238,2140,3364,29,30,1000,71,1981,121,859,45,1995],"class_list":["post-961587","post","type-post","status-publish","format-standard","has-post-thumbnail","category-leipzig","tag-busfahrer","tag-angriff","tag-de","tag-deutschland","tag-germany","tag-gewalt","tag-leipzig","tag-messer","tag-polizei","tag-sachsen","tag-texttospeech","tag-verbrechen"],"share_on_mastodon":{"url":"https:\/\/pubeurope.com\/@de\/116441489691646438","error":""},"_links":{"self":[{"href":"https:\/\/www.europesays.com\/de\/wp-json\/wp\/v2\/posts\/961587","targetHints":{"allow":["GET"]}}],"collection":[{"href":"https:\/\/www.europesays.com\/de\/wp-json\/wp\/v2\/posts"}],"about":[{"href":"https:\/\/www.europesays.com\/de\/wp-json\/wp\/v2\/types\/post"}],"author":[{"embeddable":true,"href":"https:\/\/www.europesays.com\/de\/wp-json\/wp\/v2\/users\/2"}],"replies":[{"embeddable":true,"href":"https:\/\/www.europesays.com\/de\/wp-json\/wp\/v2\/comments?post=961587"}],"version-history":[{"count":0,"href":"https:\/\/www.europesays.com\/de\/wp-json\/wp\/v2\/posts\/961587\/revisions"}],"wp:featuredmedia":[{"embeddable":true,"href":"https:\/\/www.europesays.com\/de\/wp-json\/wp\/v2\/media\/961588"}],"wp:attachment":[{"href":"https:\/\/www.europesays.com\/de\/wp-json\/wp\/v2\/media?parent=961587"}],"wp:term":[{"taxonomy":"category","embeddable":true,"href":"https:\/\/www.europesays.com\/de\/wp-json\/wp\/v2\/categories?post=961587"},{"taxonomy":"post_tag","embeddable":true,"href":"https:\/\/www.europesays.com\/de\/wp-json\/wp\/v2\/tags?post=961587"}],"curies":[{"name":"wp","href":"https:\/\/api.w.org\/{rel}","templated":true}]}}