{"id":961718,"date":"2026-04-21T08:39:17","date_gmt":"2026-04-21T08:39:17","guid":{"rendered":"https:\/\/www.europesays.com\/de\/961718\/"},"modified":"2026-04-21T08:39:17","modified_gmt":"2026-04-21T08:39:17","slug":"dresden-coschuetz-lkw-fahrer-unter-alkohol-verursacht-crash-verletzter","status":"publish","type":"post","link":"https:\/\/www.europesays.com\/de\/961718\/","title":{"rendered":"Dresden-Cosch\u00fctz: Lkw-Fahrer unter Alkohol verursacht Crash \u2013 Verletzter"},"content":{"rendered":"<p>Ein Auto prallt gegen Baum und Zaun, ein Mann wird verletzt. Die Polizei stoppt den Fahrer sp\u00e4ter auf der B170.<\/p>\n<p><b>Dresden. <\/b>Ein stark alkoholisierter Lkw-Fahrer hat am Montagnachmittag in Dresden-Cosch\u00fctz und Bannewitz einen Unfall verursacht und ist anschlie\u00dfend gefl\u00fcchtet. Ein Mann wurde leicht verletzt.<\/p>\n<p>Gegen 15:10 Uhr kam der 47-J\u00e4hrige auf der Stuttgarter Stra\u00dfe mit seinem Sattelzug von der Spur ab, streifte eine Warnbake und geriet in den Gegenverkehr. Eine 68-j\u00e4hrige Autofahrerin musste ausweichen, prallte gegen Baum und Zaun. Ihr 47-j\u00e4hriger Beifahrer wurde leicht verletzt.<\/p>\n<p>Der Lkw-Fahrer setzte seine Fahrt fort. Die Polizei stoppte ihn sp\u00e4ter auf der B 170. Ein Atemalkoholtest ergab rund 2,6 Promille. Der F\u00fchrerschein wurde sichergestellt, eine Blutentnahme angeordnet.<\/p>\n<p>Die Polizei ermittelt wegen Gef\u00e4hrdung des Stra\u00dfenverkehrs und Unfallflucht. Der Sachschaden wird noch beziffert.<\/p>\n","protected":false},"excerpt":{"rendered":"Ein Auto prallt gegen Baum und Zaun, ein Mann wird verletzt. Die Polizei stoppt den Fahrer sp\u00e4ter auf&hellip;\n","protected":false},"author":2,"featured_media":961719,"comment_status":"","ping_status":"","sticky":false,"template":"","format":"standard","meta":{"footnotes":"","_share_on_mastodon":"0"},"categories":[1835],"tags":[209037,160716,1950,3364,29,2386,141343,209035,174658,30,105101,36116,859,209036],"class_list":["post-961718","post","type-post","status-publish","format-standard","has-post-thumbnail","category-dresden","tag-b170","tag-bannewitz","tag-blaulicht","tag-de","tag-deutschland","tag-dresden","tag-dresden-news","tag-dresden-coschtz","tag-dresdner-polizeibericht","tag-germany","tag-lkw-unfall","tag-polizeibericht","tag-sachsen","tag-stuttgarter-strae"],"share_on_mastodon":{"url":"https:\/\/pubeurope.com\/@de\/116441800267278200","error":""},"_links":{"self":[{"href":"https:\/\/www.europesays.com\/de\/wp-json\/wp\/v2\/posts\/961718","targetHints":{"allow":["GET"]}}],"collection":[{"href":"https:\/\/www.europesays.com\/de\/wp-json\/wp\/v2\/posts"}],"about":[{"href":"https:\/\/www.europesays.com\/de\/wp-json\/wp\/v2\/types\/post"}],"author":[{"embeddable":true,"href":"https:\/\/www.europesays.com\/de\/wp-json\/wp\/v2\/users\/2"}],"replies":[{"embeddable":true,"href":"https:\/\/www.europesays.com\/de\/wp-json\/wp\/v2\/comments?post=961718"}],"version-history":[{"count":0,"href":"https:\/\/www.europesays.com\/de\/wp-json\/wp\/v2\/posts\/961718\/revisions"}],"wp:featuredmedia":[{"embeddable":true,"href":"https:\/\/www.europesays.com\/de\/wp-json\/wp\/v2\/media\/961719"}],"wp:attachment":[{"href":"https:\/\/www.europesays.com\/de\/wp-json\/wp\/v2\/media?parent=961718"}],"wp:term":[{"taxonomy":"category","embeddable":true,"href":"https:\/\/www.europesays.com\/de\/wp-json\/wp\/v2\/categories?post=961718"},{"taxonomy":"post_tag","embeddable":true,"href":"https:\/\/www.europesays.com\/de\/wp-json\/wp\/v2\/tags?post=961718"}],"curies":[{"name":"wp","href":"https:\/\/api.w.org\/{rel}","templated":true}]}}