{"id":961750,"date":"2026-04-21T08:56:25","date_gmt":"2026-04-21T08:56:25","guid":{"rendered":"https:\/\/www.europesays.com\/de\/961750\/"},"modified":"2026-04-21T08:56:25","modified_gmt":"2026-04-21T08:56:25","slug":"olympia-in-koeln-und-nrw-stadt-raeumt-probleme-bei-abstimmung-ein","status":"publish","type":"post","link":"https:\/\/www.europesays.com\/de\/961750\/","title":{"rendered":"Olympia in K\u00f6ln und NRW: Stadt r\u00e4umt Probleme bei Abstimmung ein"},"content":{"rendered":"<p class=\"text-18 leading-17 user-text-lg:text-22 user-text-xl:text-24\">K\u00f6ln hatte mit einer Zustimmung von 57 Prozent den niedrigsten Wert aller St\u00e4dte erreicht. Angesprochen auf das Ergebnis sagte Oberb\u00fcrgermeister Torsten Burmester (SPD): &#8222;Dass es hier im Hauptaustragungsort eine intensivere Debatte gab und gibt, finde ich selbstverst\u00e4ndlich, schlie\u00dflich ist in K\u00f6ln die Betroffenheit deutlich h\u00f6her als in einer Stadt, in der vielleicht nur ein Wettbewerb ausgetragen wird.&#8220;<\/p>\n<p class=\"text-18 leading-17 user-text-lg:text-22 user-text-xl:text-24\">Burmester sprach weiter von einem &#8222;breiten R\u00fcckhalt&#8220;. Er sagte auf Anfrage: &#8222;In den kommenden Wochen und Monaten werden wir nun versuchen, auch diejenigen von der Bewerbung zu \u00fcberzeugen, die bisher nicht hinter ihr stehen.&#8220;<\/p>\n","protected":false},"excerpt":{"rendered":"K\u00f6ln hatte mit einer Zustimmung von 57 Prozent den niedrigsten Wert aller St\u00e4dte erreicht. Angesprochen auf das Ergebnis&hellip;\n","protected":false},"author":2,"featured_media":961751,"comment_status":"","ping_status":"","sticky":false,"template":"","format":"standard","meta":{"footnotes":"","_share_on_mastodon":"0"},"categories":[1828],"tags":[209040,114166,29,209041,30,1420,24829,1209,656,131032,36258,38798],"class_list":["post-961750","post","type-post","status-publish","format-standard","has-post-thumbnail","category-koeln","tag-abstimmungszettel","tag-auszaehlung","tag-deutschland","tag-eitorfer-strasse","tag-germany","tag-koeln","tag-koeln-deutz","tag-nordrhein-westfalen","tag-olympia","tag-ratsbuergerentscheid","tag-torsten-burmester","tag-wahlbeteiligung"],"share_on_mastodon":{"url":"https:\/\/pubeurope.com\/@de\/116441867113470987","error":""},"_links":{"self":[{"href":"https:\/\/www.europesays.com\/de\/wp-json\/wp\/v2\/posts\/961750","targetHints":{"allow":["GET"]}}],"collection":[{"href":"https:\/\/www.europesays.com\/de\/wp-json\/wp\/v2\/posts"}],"about":[{"href":"https:\/\/www.europesays.com\/de\/wp-json\/wp\/v2\/types\/post"}],"author":[{"embeddable":true,"href":"https:\/\/www.europesays.com\/de\/wp-json\/wp\/v2\/users\/2"}],"replies":[{"embeddable":true,"href":"https:\/\/www.europesays.com\/de\/wp-json\/wp\/v2\/comments?post=961750"}],"version-history":[{"count":0,"href":"https:\/\/www.europesays.com\/de\/wp-json\/wp\/v2\/posts\/961750\/revisions"}],"wp:featuredmedia":[{"embeddable":true,"href":"https:\/\/www.europesays.com\/de\/wp-json\/wp\/v2\/media\/961751"}],"wp:attachment":[{"href":"https:\/\/www.europesays.com\/de\/wp-json\/wp\/v2\/media?parent=961750"}],"wp:term":[{"taxonomy":"category","embeddable":true,"href":"https:\/\/www.europesays.com\/de\/wp-json\/wp\/v2\/categories?post=961750"},{"taxonomy":"post_tag","embeddable":true,"href":"https:\/\/www.europesays.com\/de\/wp-json\/wp\/v2\/tags?post=961750"}],"curies":[{"name":"wp","href":"https:\/\/api.w.org\/{rel}","templated":true}]}}