{"id":961994,"date":"2026-04-21T11:28:28","date_gmt":"2026-04-21T11:28:28","guid":{"rendered":"https:\/\/www.europesays.com\/de\/961994\/"},"modified":"2026-04-21T11:28:28","modified_gmt":"2026-04-21T11:28:28","slug":"ein-jahr-vor-iga-eroeffnung-ticketpreise-stehen-fest","status":"publish","type":"post","link":"https:\/\/www.europesays.com\/de\/961994\/","title":{"rendered":"Ein Jahr vor IGA-Er\u00f6ffnung: Ticketpreise stehen fest"},"content":{"rendered":"<p>Strukturprojekt <\/p>\n<p>Ein Jahr vor IGA-Er\u00f6ffnung: Ticketpreise stehen fest<\/p>\n<p>Aktualisiert am 21.04.2026 &#8211; 13:10 UhrLesedauer: 1 Min.<\/p>\n<p><a href=\"#focus-0\" class=\"transition-colors duration-200 block text-current relative\" data-sctrack=\"FocusGalleryImage.Reference\"><img fetchpriority=\"high\" data-testid=\"Opener.Image\" style=\"--lqipURL:url('https:\/\/images.t-online.de\/2026\/04\/YEUC1TFEfFUA\/0x107:2048x1152\/fit-in\/150x0\/filters:blur(25)\/ein-schriftzug-aus-pflanzen-kuendigt-in-duisburg-schon-an-hier-findet-2027-die-internationale-gartenausstellung-iga-statt.jpg')\"   loading=\"eager\" src=\"https:\/\/www.europesays.com\/de\/wp-content\/uploads\/2026\/04\/ein-schriftzug-aus-pflanzen-kuendigt-in-duisburg-schon-an-hier-findet-2027-die-internationale-garten.jpeg\" alt=\"IGA 2027 Gel\u00e4nde - Gelsenkirchen\" title=\"IGA 2027 Gel\u00e4nde - Gelsenkirchen\" width=\"2048\" height=\"1152\" class=\"bg-[url:var(--lqipURL)] bg-cover bg-center flex h-full w-full max-w-full\" decoding=\"async\"\/><img style=\"--width:32;--height:32\" loading=\"lazy\" src=\"https:\/\/dortmund.t-online.de\/s\/paper\/_next\/static\/media\/zoom-in.f7dae02f.svg\" alt=\"Vergr\u00f6\u00dfern des Bildes\" title=\"Vergr\u00f6\u00dfern des Bildes\" class=\"block h-[calc(var(--height)_\/_16_*_1rem)] w-[calc(var(--width)_\/_16_*_1rem)] max-w-none absolute bottom-8 right-8 rounded-4 bg-snow p-8\" decoding=\"async\"\/><\/a><\/p>\n<p>Ein Schriftzug aus Pflanzen k\u00fcndigt in Duisburg schon an: Hier findet 2027 die Internationale Gartenausstellung (IGA) statt. (Quelle: Oliver Berg\/dpa\/dpa-bilder)<\/p>\n<p class=\"font-bold text-18 leading-17 user-text-lg:text-22 user-text-xl:text-24\">Mehr als drei Millionen Besucher sollen 2027 zur Internationalen Gartenausstellung im Ruhrgebiet kommen. Genau ein Jahr vor der Er\u00f6ffnung beginnt der Ticket-Vorverkauf.<\/p>\n<p class=\"text-18 leading-17 user-text-lg:text-22 user-text-xl:text-24\">Ein Jahr vor Beginn der Internationalen Gartenausstellung (IGA) im Ruhrgebiet beginnt die hei\u00dfe Phase der Vorbereitungen. An allen IGA-Standorten wird im Moment gebuddelt und gepflanzt. Am Donnerstag &#8211; genau ein Jahr vor der Er\u00f6ffnung &#8211; gibt es F\u00fchrungen \u00fcber viele der IGA-Baustellen. Auf dem Gartenschau-Gel\u00e4nde in Duisburg findet ein Baustellenfest statt. Au\u00dferdem startet am Donnerstag der Vorverkauf der Dauerkarten.<\/p>\n<p class=\"text-18 leading-17 user-text-lg:text-22 user-text-xl:text-24\">Im Zentrum der IGA im kommenden Jahr stehen drei aufwendig gestaltete Zukunftsg\u00e4rten in Duisburg, Dortmund und Gelsenkirchen. Wer sie besuchen will, kann zwischen verschiedenen Ticketmodellen w\u00e4hlen. Regul\u00e4re Tageskarten werden 29,50 Euro kosten, wie die IGA-Gesellschaft mitteilte. F\u00fcr Kinder bis 14 Jahre ist der Eintritt kostenlos.<\/p>\n<p class=\"text-18 leading-17 user-text-lg:text-22 user-text-xl:text-24\">F\u00fcr die Dauerkarten, die am Donnerstag in den Vorverkauf gehen, m\u00fcssen Erwachsene 140 bis 198 Euro zahlen. F\u00fcr junge Leute bis 24 Jahre gibt es Erm\u00e4\u00dfigungen.<\/p>\n<p class=\"text-18 leading-17 user-text-lg:text-22 user-text-xl:text-24\">Die IGA werde &#8222;bleibende Impulse f\u00fcr die \u00f6kologische, gesellschaftliche und st\u00e4dtebauliche Entwicklung des gesamten Ruhrgebiets&#8220; bringen, versprach IGA-Aufsichtsratschef Garrelt Duin. Neben wechselnden Blumenschauen soll es im Rahmen der Gartenschau vom 23. April bis 17. Oktober 2027 rund 6.000 Veranstaltungen geben, darunter Konzerte, Kleinkunst und Mitmachaktionen. Die Organisatoren erwarten rund 3,1 Millionen Besucher.<\/p>\n<p class=\"text-18 leading-17 user-text-lg:text-22 user-text-xl:text-24\">Die gro\u00dfen Gartenschauen in Deutschland werden von der Deutschen Bundesgartenschau-Gesellschaft vergeben. W\u00e4hrend alle zwei Jahre eine Bundesgartenschau stattfindet, gibt es alle zehn Jahre mit der IGA eine noch gr\u00f6\u00dfere Leistungsschau der Gartenbaubranche mit internationalem Fokus. Die n\u00e4chste Bundesgartenschau in Nordrhein-Westfalen findet 2031 in Wuppertal statt.<\/p>\n","protected":false},"excerpt":{"rendered":"Strukturprojekt Ein Jahr vor IGA-Er\u00f6ffnung: Ticketpreise stehen fest Aktualisiert am 21.04.2026 &#8211; 13:10 UhrLesedauer: 1 Min. Ein Schriftzug&hellip;\n","protected":false},"author":2,"featured_media":961995,"comment_status":"","ping_status":"","sticky":false,"template":"","format":"standard","meta":{"footnotes":"","_share_on_mastodon":"0"},"categories":[1838],"tags":[3364,29,217,3715,27180,30,1209,3856,209078,43101],"class_list":["post-961994","post","type-post","status-publish","format-standard","has-post-thumbnail","category-duisburg","tag-de","tag-deutschland","tag-dortmund","tag-duisburg","tag-gartenausstellung","tag-germany","tag-nordrhein-westfalen","tag-ruhrgebiet","tag-strukturprojekt","tag-ticketpreis"],"share_on_mastodon":{"url":"https:\/\/pubeurope.com\/@de\/116442464894409487","error":""},"_links":{"self":[{"href":"https:\/\/www.europesays.com\/de\/wp-json\/wp\/v2\/posts\/961994","targetHints":{"allow":["GET"]}}],"collection":[{"href":"https:\/\/www.europesays.com\/de\/wp-json\/wp\/v2\/posts"}],"about":[{"href":"https:\/\/www.europesays.com\/de\/wp-json\/wp\/v2\/types\/post"}],"author":[{"embeddable":true,"href":"https:\/\/www.europesays.com\/de\/wp-json\/wp\/v2\/users\/2"}],"replies":[{"embeddable":true,"href":"https:\/\/www.europesays.com\/de\/wp-json\/wp\/v2\/comments?post=961994"}],"version-history":[{"count":0,"href":"https:\/\/www.europesays.com\/de\/wp-json\/wp\/v2\/posts\/961994\/revisions"}],"wp:featuredmedia":[{"embeddable":true,"href":"https:\/\/www.europesays.com\/de\/wp-json\/wp\/v2\/media\/961995"}],"wp:attachment":[{"href":"https:\/\/www.europesays.com\/de\/wp-json\/wp\/v2\/media?parent=961994"}],"wp:term":[{"taxonomy":"category","embeddable":true,"href":"https:\/\/www.europesays.com\/de\/wp-json\/wp\/v2\/categories?post=961994"},{"taxonomy":"post_tag","embeddable":true,"href":"https:\/\/www.europesays.com\/de\/wp-json\/wp\/v2\/tags?post=961994"}],"curies":[{"name":"wp","href":"https:\/\/api.w.org\/{rel}","templated":true}]}}