{"id":962116,"date":"2026-04-21T12:42:02","date_gmt":"2026-04-21T12:42:02","guid":{"rendered":"https:\/\/www.europesays.com\/de\/962116\/"},"modified":"2026-04-21T12:42:02","modified_gmt":"2026-04-21T12:42:02","slug":"expertin-soll-eliten-spalten-usa-versuchen-oekonomische-strangulation-des-iran","status":"publish","type":"post","link":"https:\/\/www.europesays.com\/de\/962116\/","title":{"rendered":"Expertin: Soll Eliten spalten: USA versuchen &#8222;\u00f6konomische Strangulation&#8220; des Iran"},"content":{"rendered":"<p>Expertin: Soll Eliten spaltenUSA versuchen &#8222;\u00f6konomische Strangulation&#8220; des Iran21.04.2026, 12:58 Uhr<\/p>\n<p class=\"Typography_text-m__XI0da Typography_weight-normal__pqUbH\">Die Politikwissenschaftlerin Gerlinde Groitl meint, die USA w\u00fcrden den \u00f6konomischen Hebel nutzen, in der Hoffnung, einen Keil zwischen die Eliten im Iran zu treiben &#8211; dadurch w\u00fcrden sich Anh\u00e4nger vielleicht abwenden. Eine baldige Einigung in den Verhandlungen um den Schiffsverkehr sieht die Expertin nicht kommen.<\/p>\n","protected":false},"excerpt":{"rendered":"Expertin: Soll Eliten spaltenUSA versuchen &#8222;\u00f6konomische Strangulation&#8220; des Iran21.04.2026, 12:58 Uhr Die Politikwissenschaftlerin Gerlinde Groitl meint, die USA&hellip;\n","protected":false},"author":2,"featured_media":962117,"comment_status":"","ping_status":"","sticky":false,"template":"","format":"standard","meta":{"footnotes":"","_share_on_mastodon":"0"},"categories":[3977],"tags":[331,332,13,345,13612,186871,411,412,62913,14,15,12,29839,4017,4018,4016,64,4019,4020],"class_list":["post-962116","post","type-post","status-publish","format-standard","has-post-thumbnail","category-usa","tag-aktuelle-nachrichten","tag-aktuelle-news","tag-headlines","tag-iran","tag-iran-konflikt","tag-iran-krieg","tag-israel","tag-israel-krieg","tag-mullah-regime","tag-nachrichten","tag-news","tag-schlagzeilen","tag-strasse-von-hormus","tag-united-states","tag-united-states-of-america","tag-us","tag-usa","tag-vereinigte-staaten","tag-vereinigte-staaten-von-amerika"],"share_on_mastodon":{"url":"https:\/\/pubeurope.com\/@de\/116442755579794020","error":""},"_links":{"self":[{"href":"https:\/\/www.europesays.com\/de\/wp-json\/wp\/v2\/posts\/962116","targetHints":{"allow":["GET"]}}],"collection":[{"href":"https:\/\/www.europesays.com\/de\/wp-json\/wp\/v2\/posts"}],"about":[{"href":"https:\/\/www.europesays.com\/de\/wp-json\/wp\/v2\/types\/post"}],"author":[{"embeddable":true,"href":"https:\/\/www.europesays.com\/de\/wp-json\/wp\/v2\/users\/2"}],"replies":[{"embeddable":true,"href":"https:\/\/www.europesays.com\/de\/wp-json\/wp\/v2\/comments?post=962116"}],"version-history":[{"count":0,"href":"https:\/\/www.europesays.com\/de\/wp-json\/wp\/v2\/posts\/962116\/revisions"}],"wp:featuredmedia":[{"embeddable":true,"href":"https:\/\/www.europesays.com\/de\/wp-json\/wp\/v2\/media\/962117"}],"wp:attachment":[{"href":"https:\/\/www.europesays.com\/de\/wp-json\/wp\/v2\/media?parent=962116"}],"wp:term":[{"taxonomy":"category","embeddable":true,"href":"https:\/\/www.europesays.com\/de\/wp-json\/wp\/v2\/categories?post=962116"},{"taxonomy":"post_tag","embeddable":true,"href":"https:\/\/www.europesays.com\/de\/wp-json\/wp\/v2\/tags?post=962116"}],"curies":[{"name":"wp","href":"https:\/\/api.w.org\/{rel}","templated":true}]}}