{"id":962144,"date":"2026-04-21T12:55:49","date_gmt":"2026-04-21T12:55:49","guid":{"rendered":"https:\/\/www.europesays.com\/de\/962144\/"},"modified":"2026-04-21T12:55:49","modified_gmt":"2026-04-21T12:55:49","slug":"angela-merkel-im-opernhaus-nuernberg-lesung-zu-ihrem-buch-freiheit","status":"publish","type":"post","link":"https:\/\/www.europesays.com\/de\/962144\/","title":{"rendered":"Angela Merkel im Opernhaus N\u00fcrnberg: Lesung zu ihrem Buch &#8222;Freiheit&#8220;"},"content":{"rendered":"<p>Ex-Kanzlerin in N\u00fcrnberg <\/p>\n<p>Merkel: &#8222;Ich war ein rustikales Kind&#8220;<\/p>\n<ul class=\"grid grid-flow-col gap-4\" aria-label=\"Autorenbilder\">\n<li class=\"leading-0\"><img data-tb-author-image=\"\"  loading=\"lazy\" src=\"https:\/\/www.europesays.com\/de\/wp-content\/uploads\/2025\/11\/1764485653_271_image.jpg\" alt=\"\" title=\"\" width=\"40\" height=\"40\" class=\"\" decoding=\"async\"\/><\/li>\n<\/ul>\n<p>21.04.2026 &#8211; 14:32 UhrLesedauer: 3 Min.<\/p>\n<p><a href=\"#focus-0\" class=\"transition-colors duration-200 block text-current relative\" data-sctrack=\"FocusGalleryImage.Reference\"><img fetchpriority=\"high\" data-testid=\"Opener.Image\" style=\"--lqipURL:url('https:\/\/images.t-online.de\/2026\/04\/pHDVfeKJ7Y0i\/0x182:3500x1969\/fit-in\/150x0\/filters:blur(25)\/hoher-besuch-in-nuernberg-die-ehemalige-bundeskanzlerin-angela-merkel-war-am-montag-in-nuernberg-unterwegs.jpg')\"   loading=\"eager\" src=\"https:\/\/www.europesays.com\/de\/wp-content\/uploads\/2026\/04\/hoher-besuch-in-nuernberg-die-ehemalige-bundeskanzlerin-angela-merkel-war-am-montag-in-nuernberg-unt.jpeg\" alt=\"Hoher Besuch in N\u00fcrnberg: Die ehemalige Bundeskanzlerin Angela Merkel war am Montag in N\u00fcrnberg unterwegs.\" title=\"Hoher Besuch in N\u00fcrnberg: Die ehemalige Bundeskanzlerin Angela Merkel war am Montag in N\u00fcrnberg unterwegs.\" width=\"3500\" height=\"1969\" class=\"bg-[url:var(--lqipURL)] bg-cover bg-center flex h-full w-full max-w-full\" decoding=\"async\"\/><img style=\"--width:32;--height:32\" loading=\"lazy\" src=\"https:\/\/nuernberg.t-online.de\/s\/paper\/_next\/static\/media\/zoom-in.f7dae02f.svg\" alt=\"Vergr\u00f6\u00dfern des Bildes\" title=\"Vergr\u00f6\u00dfern des Bildes\" class=\"block h-[calc(var(--height)_\/_16_*_1rem)] w-[calc(var(--width)_\/_16_*_1rem)] max-w-none absolute bottom-8 right-8 rounded-4 bg-snow p-8\" decoding=\"async\"\/><\/a><\/p>\n<p>Hoher Besuch: Die ehemalige Bundeskanzlerin Angela Merkel war am Montag in N\u00fcrnberg zu Gast. (Quelle: Buchhandlung Jakob\/Daniel Heydt)<\/p>\n<p class=\"font-bold text-18 leading-17 user-text-lg:text-22 user-text-xl:text-24\">Angela Merkel zu Besuch in N\u00fcrnberg: Ihre Lesung im Opernhaus ist eine kleine Zeitreise mit \u00dcberraschungen und pikanten Anekdoten.<\/p>\n<p class=\"text-18 leading-17 user-text-lg:text-22 user-text-xl:text-24\">W\u00e4hrend vor dem Opernhaus die 75 Teilnehmer der rechten Montagsdemo die Deutschlandflaggen hissen und auf die Politik schimpfen, sitzt drinnen ihr wohl gr\u00f6\u00dftes Feindbild: Angela Merkel. Die Ex-Bundeskanzlerin war am Montag zu Besuch in N\u00fcrnberg und las am Abend aus ihren Memoiren &#8222;Freiheit&#8220;.<\/p>\n<p class=\"text-18 leading-17 user-text-lg:text-22 user-text-xl:text-24\">Es f\u00fchlt sich an wie eine kleine Reise in die Vergangenheit, als Merkel die B\u00fchne betritt: Sie sieht aus wie immer \u2013 ein blaues Jackett mit dunkler Hose und Halskette. Diese typische Handbewegung zur Begr\u00fc\u00dfung \u2013 wie jeher. Da ist dieses verschmitzte und fast schon sch\u00fcchterne L\u00e4cheln beim &#8222;Hallo&#8220;. Der proppenvolle Saal klatscht ehrf\u00fcrchtig, das Publikum ist gemischt aus Stadtpolitikern und B\u00fcrgern. Die Karten f\u00fcr die Veranstaltung, die von der Buchhandlung Jakob organisiert wurde, waren innerhalb von Stunden vergriffen. Unaufgeregt setzt sich Merkel auf ihren Stuhl auf der bewusst karg gehaltenen B\u00fchne. Hinter sich auf zwei Bannern ihr Konterfei \u2013 es unterscheidet sich optisch kaum vom lebenden Original. &#8222;Also&#8220;, richtet sie ihren Blick zum applaudierenden Publikum, &#8222;Dann woll&#8217;n wir ma'&#8220;. Da ist sie wieder, ihre trockene, pragmatische Art.<\/p>\n<p class=\"text-18 leading-17 user-text-lg:text-22 user-text-xl:text-24\">Als sie dann beginnt, Ausschnitte aus ihrem rund 735 Seiten umfassenden Buch vorzulesen, wird schnell deutlich, dass sie diese Art schon immer in sich trug. Sie gibt Einblicke in ihre Kindheit als Pfarrerstochter in der DDR. Sie sagt: &#8222;Ich war ein rustikales Kind.&#8220; Denn sie trank schon mal aus der H\u00fchnertr\u00e4nke oder a\u00df eine ungewaschene Karotte frisch aus der Erde. Au\u00dferdem \u2013 so scharwenzelt die heute 71-J\u00e4hrige \u2013 sei ihr ja gelegentlich nachgesagt worden, manchmal nicht zu Potte zu kommen. &#8222;Und vielleicht gab es Hinweise darauf auch schon in meiner Kindheit.&#8220;<\/p>\n<p class=\"text-18 leading-17 user-text-lg:text-22 user-text-xl:text-24\">Es ist dieser trockene Humor, der das Publikum in den folgenden anderthalb Stunden an ihren Lippen h\u00e4ngen l\u00e4sst. Dazu noch eine Portion Selbstironie und -reflexion. Die Stimmung im Saal: ehrfurchtsvolle Stille, aber auch h\u00e4ufig Lacher. Sp\u00e4ter beim Hinausgehen werden sich die Zuschauer unterhalten und sie als nahbar und autorit\u00e4r zugleich beschreiben.<\/p>\n","protected":false},"excerpt":{"rendered":"Ex-Kanzlerin in N\u00fcrnberg Merkel: &#8222;Ich war ein rustikales Kind&#8220; 21.04.2026 &#8211; 14:32 UhrLesedauer: 3 Min. Hoher Besuch: Die&hellip;\n","protected":false},"author":2,"featured_media":962145,"comment_status":"","ping_status":"","sticky":false,"template":"","format":"standard","meta":{"footnotes":"","_share_on_mastodon":"0"},"categories":[1837],"tags":[7015,772,3364,29,30,44123,1460,3783,5210,17976],"class_list":["post-962144","post","type-post","status-publish","format-standard","has-post-thumbnail","category-nuernberg","tag-angela-merkel","tag-bayern","tag-de","tag-deutschland","tag-germany","tag-helmut-kohl","tag-kind","tag-nuernberg","tag-opernhaus","tag-zeitreise"],"share_on_mastodon":{"url":"https:\/\/pubeurope.com\/@de\/116442811933791959","error":""},"_links":{"self":[{"href":"https:\/\/www.europesays.com\/de\/wp-json\/wp\/v2\/posts\/962144","targetHints":{"allow":["GET"]}}],"collection":[{"href":"https:\/\/www.europesays.com\/de\/wp-json\/wp\/v2\/posts"}],"about":[{"href":"https:\/\/www.europesays.com\/de\/wp-json\/wp\/v2\/types\/post"}],"author":[{"embeddable":true,"href":"https:\/\/www.europesays.com\/de\/wp-json\/wp\/v2\/users\/2"}],"replies":[{"embeddable":true,"href":"https:\/\/www.europesays.com\/de\/wp-json\/wp\/v2\/comments?post=962144"}],"version-history":[{"count":0,"href":"https:\/\/www.europesays.com\/de\/wp-json\/wp\/v2\/posts\/962144\/revisions"}],"wp:featuredmedia":[{"embeddable":true,"href":"https:\/\/www.europesays.com\/de\/wp-json\/wp\/v2\/media\/962145"}],"wp:attachment":[{"href":"https:\/\/www.europesays.com\/de\/wp-json\/wp\/v2\/media?parent=962144"}],"wp:term":[{"taxonomy":"category","embeddable":true,"href":"https:\/\/www.europesays.com\/de\/wp-json\/wp\/v2\/categories?post=962144"},{"taxonomy":"post_tag","embeddable":true,"href":"https:\/\/www.europesays.com\/de\/wp-json\/wp\/v2\/tags?post=962144"}],"curies":[{"name":"wp","href":"https:\/\/api.w.org\/{rel}","templated":true}]}}