{"id":962221,"date":"2026-04-21T13:39:19","date_gmt":"2026-04-21T13:39:19","guid":{"rendered":"https:\/\/www.europesays.com\/de\/962221\/"},"modified":"2026-04-21T13:39:19","modified_gmt":"2026-04-21T13:39:19","slug":"nach-klau-vorwurf-haehnchen-gigant-kfc-will-keinen-beef-wegen-doener-regional","status":"publish","type":"post","link":"https:\/\/www.europesays.com\/de\/962221\/","title":{"rendered":"Nach Klau-Vorwurf: H\u00e4hnchen-Gigant KFC \u201ewill keinen Beef\u201c wegen D\u00f6ner | Regional"},"content":{"rendered":"<p><a class=\"skip-content skip-content--link\" href=\"#in-content-skip-link-target-v-0-0\">TTS-Player \u00fcberspringen\u21b5<\/a><a id=\"in-content-skip-link-target-v-0-0\" class=\"skip-content--target-link-hidden skip-content skip-content--target-link\" href=\"#in-content-skip-link-target-v-0-0\">Artikel weiterlesen<\/a><\/p>\n<p>Bielefeld \u2013 <b>Jetzt geht der Schlagabtausch in die n\u00e4chste Runde: Im Markenrechts-Zoff zwischen der Bielefelder D\u00f6ner-Kette \u201eKrispy Kebab\u201c und Fast-Food-Riese KFC reagiert der US-Gigant erstmals gegen\u00fcber BILD auf die Vorw\u00fcrfe, den Namen des ostwestf\u00e4lischen Unternehmens kopiert zu haben.<\/b><\/p>\n<p>KFC reagiert auf Vorwurf der Markenrechtsverletzung<\/p>\n<p>In einer Stellungnahme der Pressestelle hei\u00dft es: \u201eUnsere Kampagne zum KFC Krispy Kebab l\u00e4uft unter dem Motto \u201aAlles nur geklaut\u2018. Aber diesen vermeintlich frechen Klau hatten wir tats\u00e4chlich nicht im Sinn.\u201c Die Songwahl f\u00fcr die Marketingkampagne\u00a0\u2013 der Prinzen-Hit \u201eAlles nur geklaut\u201c \u2013 hatte im Streit n\u00e4mlich f\u00fcr zus\u00e4tzliche Brisanz gesorgt. <\/p>\n<p>F\u00fcr den Bielefelder Unternehmer Sergen Kolcu, Betreiber der <a href=\"https:\/\/www.bild.de\/themen\/specials\/doener\/lifestyle-essen-trinken-nachrichten-news-fotos-videos-20156232.bild.html\" class=\"text-link\" rel=\"nofollow noopener\" target=\"_blank\">D\u00f6ner-Kette<\/a> Krispy Kebab, war das eine Steilvorlage f\u00fcr seinen Vorwurf: <a href=\"https:\/\/www.bild.de\/regional\/nordrhein-westfalen\/marken-zoff-doener-shop-aus-bielefeld-legt-sich-mit-fastfood-gigant-kfc-an-69e34e097c6e5e236a26aae4\" class=\"text-link\" rel=\"nofollow noopener\" target=\"_blank\">KFC habe seinen Namen kopiert<\/a>. Schlie\u00dflich lie\u00df er sich \u201eKrispy Kebab\u201c bereits 2017 deutschlandweit als Marke sch\u00fctzen.<\/p>\n<p><img decoding=\"async\" width=\"992\" height=\"558\" alt=\"Sergen Kolcu (29) betreibt den D\u00f6nerladen \u201eKrispy Kebab\u201c in Bielefeld. Als der US-Fast-Food-Riese KFC pl\u00f6tzlich mit einem gleichnamigen Produkt um die Ecke kam, wurde er hellh\u00f6rig\" src=\"https:\/\/www.europesays.com\/de\/wp-content\/uploads\/2026\/04\/20defbf5f02e09fd56e8f715fca49fec,b65d108c.jpeg\"   class=\"landscape\" loading=\"lazy\"\/><\/p>\n<p class=\"fig__caption__text\">Sergen Kolcu (29) betreibt den D\u00f6nerladen \u201eKrispy Kebab\u201c in Bielefeld. Als der US-Fast-Food-Riese KFC pl\u00f6tzlich mit einem gleichnamigen Produkt um die Ecke kam, wurde er hellh\u00f6rig<\/p>\n<p>Foto: Christian M\u00fcller<\/p>\n<p>Auff\u00e4llig: KFC schreibt \u201eKrispy\u201c mit K \u2013 und nutzt damit exakt die gleiche Schreibweise wie die gesch\u00fctzte Marke aus Bielefeld (<a href=\"https:\/\/www.bild.de\/regional\/nordrhein-westfalen\/home-npIP0qL0giWP1ZFIOHn2\" class=\"text-link\" rel=\"nofollow noopener\" target=\"_blank\">Nordrhein-Westfalen<\/a>). F\u00fcr Kolcu kann das kein Zufall sein.<\/p>\n<p>KFC versucht, Streit mit Humor zu l\u00f6sen<\/p>\n<p>KFC versucht jetzt, den Konflikt charmant runterzukochen und witzelt: \u201eKlar ist: Wir wollen keinen Beef \u2013 unser Fokus liegt bekanntlich auf Chicken.\u201c Der Produktname des l<a href=\"https:\/\/www.bild.de\/news\/inland\/fast-food-riese-verkauft-jetzt-doener-in-deutschland-69df5f4875f529c19cc2bc70\" class=\"text-link\" rel=\"nofollow noopener\" target=\"_blank\">imitierten Kebabs<\/a> sei im Zuge einer internationalen Entwicklung entstanden und werde bereits in mehreren europ\u00e4ischen M\u00e4rkten verwendet. Statt D\u00f6nerfleisch gibt es Crispy Chicken im Kebab-Brot.<\/p>\n<p><img decoding=\"async\" width=\"992\" height=\"558\" alt=\"Seit 2017 gibt es den Krispy Kebab in Bielefeld.\" src=\"https:\/\/www.europesays.com\/de\/wp-content\/uploads\/2026\/04\/a6e80898c0f1af712ff1697fea938493,c9e35ea7.jpeg\"   class=\"landscape\" loading=\"lazy\"\/><\/p>\n<p class=\"fig__caption__text\">Seit 2017 gibt es den Krispy Kebab in Bielefeld<\/p>\n<p>Foto: Christian M\u00fcller<\/p>\n<p>Immerhin: Der Konzern hat inzwischen den direkten Kontakt gesucht. Im Statement hei\u00dft es, man stehe im Austausch mit den Gr\u00fcndern von Krispy Kebab und wolle schauen, was noch gemeinsam m\u00f6glich ist. Und tats\u00e4chlich: Sergen Kolcu verr\u00e4t BILD: \u201eSie haben mir eine Collaboration angeboten, die aber noch geheim bleiben muss\u201c, sagt er.<\/p>\n<p>Unternehmer denkt \u00fcber Kollaboration mit KFC nach<\/p>\n<p>Doch der Unternehmer ist hin- und hergerissen. \u201eSo viele Leute aus Bielefeld sind irritiert \u2013 alle denken, ich habe etwas damit zu tun.\u201c Seine Sorge: Kunden k\u00f6nnten abwandern. \u201eIch rechne damit, dass viele eher zu <a href=\"https:\/\/www.bild.de\/themen\/specials\/fastfood\/news-fotos-videos-02-42688586.bild.html\" class=\"text-link\" rel=\"nofollow noopener\" target=\"_blank\">KFC<\/a> fahren werden. Die haben viel mehr Filialen und gro\u00dfe Parkpl\u00e4tze. Es scheint entspannter, den Kebab dort zu essen.\u201c Das \u00e4rgert ihn \u2013 und k\u00f6nnte f\u00fcr sein Unternehmen sp\u00fcrbare finanzielle Folgen haben.<\/p>\n<p><img decoding=\"async\" width=\"992\" height=\"558\" alt=\"\u201eVon den Besten geklaut und mit Fried Chicken neugebaut\u201c, so wirbt der Fast-Food-Riese. Serviert wird KFC-typisches H\u00e4hnchenfleisch im Kebab-Brot \u2013 dazu Salat, Tomaten, Zwiebeln, zwei So\u00dfen sowie ein zus\u00e4tzliches Gew\u00fcrz\" src=\"https:\/\/www.europesays.com\/de\/wp-content\/uploads\/2026\/04\/688046b404105e474351351d2dd2caf3,21a1ee43.jpeg\"   class=\"landscape\" loading=\"lazy\"\/><\/p>\n<p class=\"fig__caption__text\">\u201eVon den Besten geklaut und mit Fried Chicken neugebaut\u201c, so wirbt der Fast-Food-Riese. Serviert wird KFC-typisches H\u00e4hnchenfleisch im Kebab-Brot \u2013 dazu Salat, Tomaten, Zwiebeln, zwei So\u00dfen sowie ein zus\u00e4tzliches Gew\u00fcrz<\/p>\n<p>Foto: KFC<\/p>\n<p>Dabei dr\u00e4ngt die Zeit: Die KFC-Aktion startet am 21. April. F\u00fcr eine m\u00f6gliche Zusammenarbeit kommt das aus Kolcus Sicht fast zu sp\u00e4t. \u201eWir m\u00fcssen schauen, wie sich das Problem jetzt noch aus der Welt schaffen l\u00e4sst\u201c, sagt der Unternehmer, der inzwischen einen Anwalt eingeschaltet hat. Ob am Ende eine Einigung steht \u2013 oder der Streit doch vor Gericht landet, ist v\u00f6llig offen.<\/p>\n","protected":false},"excerpt":{"rendered":"TTS-Player \u00fcberspringen\u21b5Artikel weiterlesen Bielefeld \u2013 Jetzt geht der Schlagabtausch in die n\u00e4chste Runde: Im Markenrechts-Zoff zwischen der Bielefelder&hellip;\n","protected":false},"author":2,"featured_media":962222,"comment_status":"","ping_status":"","sticky":false,"template":"","format":"standard","meta":{"footnotes":"","_share_on_mastodon":"0"},"categories":[134],"tags":[1605,175,170,169,181674,29,9655,201922,19385,30,208716,12775,171,174,1209,15293,2127,45,173,172],"class_list":["post-962221","post","type-post","status-publish","format-standard","has-post-thumbnail","category-unternehmen-maerkte","tag-bielefeld","tag-business","tag-companies","tag-companies-markets","tag-deep-news","tag-deutschland","tag-doener","tag-fast-food-restaurants","tag-fastfood","tag-germany","tag-kentucky-fried-chicken","tag-marken","tag-markets","tag-maerkte","tag-nordrhein-westfalen","tag-rechtsstreit","tag-streit","tag-texttospeech","tag-unternehmen","tag-unternehmen-maerkte"],"share_on_mastodon":{"url":"https:\/\/pubeurope.com\/@de\/116442980197542662","error":""},"_links":{"self":[{"href":"https:\/\/www.europesays.com\/de\/wp-json\/wp\/v2\/posts\/962221","targetHints":{"allow":["GET"]}}],"collection":[{"href":"https:\/\/www.europesays.com\/de\/wp-json\/wp\/v2\/posts"}],"about":[{"href":"https:\/\/www.europesays.com\/de\/wp-json\/wp\/v2\/types\/post"}],"author":[{"embeddable":true,"href":"https:\/\/www.europesays.com\/de\/wp-json\/wp\/v2\/users\/2"}],"replies":[{"embeddable":true,"href":"https:\/\/www.europesays.com\/de\/wp-json\/wp\/v2\/comments?post=962221"}],"version-history":[{"count":0,"href":"https:\/\/www.europesays.com\/de\/wp-json\/wp\/v2\/posts\/962221\/revisions"}],"wp:featuredmedia":[{"embeddable":true,"href":"https:\/\/www.europesays.com\/de\/wp-json\/wp\/v2\/media\/962222"}],"wp:attachment":[{"href":"https:\/\/www.europesays.com\/de\/wp-json\/wp\/v2\/media?parent=962221"}],"wp:term":[{"taxonomy":"category","embeddable":true,"href":"https:\/\/www.europesays.com\/de\/wp-json\/wp\/v2\/categories?post=962221"},{"taxonomy":"post_tag","embeddable":true,"href":"https:\/\/www.europesays.com\/de\/wp-json\/wp\/v2\/tags?post=962221"}],"curies":[{"name":"wp","href":"https:\/\/api.w.org\/{rel}","templated":true}]}}