{"id":962405,"date":"2026-04-21T15:24:01","date_gmt":"2026-04-21T15:24:01","guid":{"rendered":"https:\/\/www.europesays.com\/de\/962405\/"},"modified":"2026-04-21T15:24:01","modified_gmt":"2026-04-21T15:24:01","slug":"event-in-halle-verzeichnet-aussteller-rekord-das-erwartet-die-gaeste-haller-kreisblatt","status":"publish","type":"post","link":"https:\/\/www.europesays.com\/de\/962405\/","title":{"rendered":"Event in Halle verzeichnet Aussteller-Rekord: Das erwartet die G\u00e4ste | Haller Kreisblatt"},"content":{"rendered":"<p id=\"absatz1\">Halle. Handgefertigte Einzelst\u00fccke aus Kunst, Handwerk und Design, Garten- und Landschaftsgestaltung sowie ausgew\u00e4hlte Produkte aus Manufakturen und Werkst\u00e4tten \u2013 dies alles und mehr bietet das gro\u00dfe \u201eFr\u00fchlingserwachen\u201c in der Alten Lederfabrik. Am 25. und 26. April sind alle eingeladen, auf Entdeckungsreise zu gehen.<\/p>\n<p id=\"absatz2\" class=\"em_text\">\u201eDie Vielfalt der Unikate und das besondere Ambiente der ehemaligen Fabrik schaffen ein stimmungsvolles Erlebnis f\u00fcr alle Sinne\u201c, verspricht Jana Wieking vom st\u00e4dtischen Kulturb\u00fcro, die das Event gemeinsam mit ihrer Kollegin Laura Krause organisiert.<\/p>\n<p id=\"absatz3\" class=\"em_text\" data-discretionary-hyphen-offsets=\"83\">Jeweils von 11 bis 18 Uhr sind alle T\u00fcren der Ateliers und Werkst\u00e4tten ge\u00f6ffnet. Dar\u00fcber hinaus haben sich 43 Gast-Aussteller angesagt. \u201eDas ist absoluter Rekord\u201c, so Jana Wieking.<\/p>\n<p id=\"absatz4\" class=\"em_text\">Auf der Wiese neben dem Geb\u00e4ude wird es verschiedene Mitmachaktionen f\u00fcr Kinder geben. Au\u00dferdem steht hier jeweils von 14 bis 17 Uhr die Wertheraner K\u00fcnstlerin Dorothea Wenzel bereit, um die G\u00e4ste zu versch\u00f6nern. Aus unterschiedlichsten Materialien wie Geschenkpapier, Schleifen, B\u00e4nder oder Strohhalme zaubert sie extravagante Kopfbedeckungen. \u201eIch schneide jeden Hut individuell auf die Tr\u00e4ger zu\u201c, sagt Dorothea Wenzel, die ihren modischen Service unter dem Titel \u201eChapeau D\u2019oro\u201c anbietet. Dorothea Wenzel \u201ebeh\u00fctet\u201c sowohl M\u00e4nner, Frauen als auch Kinder. \u201eEin Hund war auch schon einmal dabei.\u201c<\/p>\n<p>Alte Lederfabrik in Halle freut sich auf viele G\u00e4ste<\/p>\n<p id=\"absatz5\" class=\"em_text\">F\u00fcr viele Kreative ist die Alte Lederfabrik schon lange die k\u00fcnstlerische Heimat. Zu ihnen z\u00e4hlt etwa Sieghard Watzke. \u201eIch feiere mein Zehnj\u00e4hriges mit einer Retrospektive\u201c, k\u00fcndigt der Maler an. Aktuelle Arbeiten auf Papier und Leinwand zeigt Nicola Steffen. Mikroskopische Pflanzen-Aufnahmen stellt Anastasia Buller dem Publikum vor. Relativ neu dabei ist K\u00fcnstler und Galerist Dirk Gro\u00df. Er pr\u00e4sentiert in seinen R\u00e4umlichkeiten \u201epostmoderne und zeitgen\u00f6ssische Kunst\u201c.<\/p>\n<p id=\"absatz6\" class=\"em_text\">Breit gef\u00e4chert ist die Auswahl bei den Gast-Ausstellern. Unter anderem ist Jan Sch\u00e4fer mit Unikat-Schmuck vertreten und Regina Claussen mit Keramik-Arbeiten. Aus dem Bereich Mode-Design stammt Clotilde Bonhert, Pflanzen\u00f6le, Chutneys und mehr bringt Simone Erpelding in die Alte Lederfabrik mit. Radierungen, Illustrationen und Grafiken zeigt Reinhard Klink. Mit einer Auswahl seiner Seifen ist Oliver Rautenberg vertreten. Dekoratives und Praktisches aus Weiden und weiteren Naturmaterialien zeigt Sabine Reckord.<\/p>\n<p id=\"absatz7\" class=\"em_text\">Lederwaren sind das Fachgebiet von Bernd Tegtmeyer, H\u00fcte das von Heinz-Werner Schenk. Au\u00dferdem pr\u00e4sentieren Michael Mehlhorn Glas- und Objektkunst, Silvia Pr\u00fc\u00dfner Blaudruck auf Textilien, das Tagwerk Bethel.regional Upcycling-Produkte, Jochen Lemke Drechselarbeiten, Anita Diekmann Edelsteinschmuck, Hans-J\u00fcrgen Krutemeyer Keramik f\u00fcr den Garten und Damara Wipperfeld Schmuck und Deko aus altem Silberbesteck.<\/p>\n<p>Gastronomisches Angebot mit einer Premiere<\/p>\n<p id=\"absatz8\" class=\"em_text\">Auch das gastronomische Angebot kommt nicht zu kurz. In der St\u00e4dtischen Galerie im Erdgeschoss servieren die \u201eMarkttanten\u201c Kaffee und Kuchen. In der Teewiese verw\u00f6hnt Nicole Wiese die G\u00e4ste unter anderem mit Iced Matcha Latte und Iced Chai Latte. Dieter B\u00fcsselberg h\u00e4lt im \u201eWine &amp; Spirits\u201c edle Tropfen mit und Alkohol bereit.<\/p>\n<p id=\"absatz9\" class=\"em_text\">Premiere feiert der ehemalige Betreiber des Matteo: Marcel Attianese verbreitet unter anderem mit Pasta kulinarisches Mittelmeer-Flair. Daniel Walkenhorst vom Grillwerk 2.0 bereitet neben klassischen und veganen Burgern eine frische Fr\u00fchlingsvariante mit B\u00e4rlauch zu. \u201eSelbst im Teuto gepfl\u00fcckt.\u201c Dar\u00fcber hinaus k\u00f6nnen die G\u00e4ste mit Cr\u00eapes, Bratwurst und Pommes ihren Hunger stillen.<\/p>\n<p id=\"absatz10\" class=\"em_text\">Musikalische Acts runden das Programm ab. Rolf Predotka spielt atmosph\u00e4rische Kl\u00e4nge auf der Handpan. <\/p>\n","protected":false},"excerpt":{"rendered":"Halle. Handgefertigte Einzelst\u00fccke aus Kunst, Handwerk und Design, Garten- und Landschaftsgestaltung sowie ausgew\u00e4hlte Produkte aus Manufakturen und Werkst\u00e4tten&hellip;\n","protected":false},"author":2,"featured_media":962406,"comment_status":"","ping_status":"","sticky":false,"template":"","format":"standard","meta":{"footnotes":"","_share_on_mastodon":"0"},"categories":[1841],"tags":[1605,102818,3364,29,209162,4115,202283,30,183438,78986,209163,209160,198715,16385,164252,24009,1613,209161,1209,2399],"class_list":["post-962405","post","type-post","status-publish","format-standard","has-post-thumbnail","category-bielefeld","tag-bielefeld","tag-cnt_aufmacher","tag-de","tag-deutschland","tag-dorothea-wenzel","tag-event","tag-frhlingserwachen","tag-germany","tag-jana-wieking","tag-kreativitt","tag-laura-krause","tag-lederfabrik","tag-meta_artikelklasse_nische","tag-meta_copyrights_hk_freier_mitarbeiter","tag-meta_eo_zusammenfassung","tag-meta_themen_sonstiges","tag-meta_userneeds_informieremich","tag-nicole-wiese","tag-nordrhein-westfalen","tag-schmuck"],"share_on_mastodon":{"url":"https:\/\/pubeurope.com\/@de\/116443392697940793","error":""},"_links":{"self":[{"href":"https:\/\/www.europesays.com\/de\/wp-json\/wp\/v2\/posts\/962405","targetHints":{"allow":["GET"]}}],"collection":[{"href":"https:\/\/www.europesays.com\/de\/wp-json\/wp\/v2\/posts"}],"about":[{"href":"https:\/\/www.europesays.com\/de\/wp-json\/wp\/v2\/types\/post"}],"author":[{"embeddable":true,"href":"https:\/\/www.europesays.com\/de\/wp-json\/wp\/v2\/users\/2"}],"replies":[{"embeddable":true,"href":"https:\/\/www.europesays.com\/de\/wp-json\/wp\/v2\/comments?post=962405"}],"version-history":[{"count":0,"href":"https:\/\/www.europesays.com\/de\/wp-json\/wp\/v2\/posts\/962405\/revisions"}],"wp:featuredmedia":[{"embeddable":true,"href":"https:\/\/www.europesays.com\/de\/wp-json\/wp\/v2\/media\/962406"}],"wp:attachment":[{"href":"https:\/\/www.europesays.com\/de\/wp-json\/wp\/v2\/media?parent=962405"}],"wp:term":[{"taxonomy":"category","embeddable":true,"href":"https:\/\/www.europesays.com\/de\/wp-json\/wp\/v2\/categories?post=962405"},{"taxonomy":"post_tag","embeddable":true,"href":"https:\/\/www.europesays.com\/de\/wp-json\/wp\/v2\/tags?post=962405"}],"curies":[{"name":"wp","href":"https:\/\/api.w.org\/{rel}","templated":true}]}}