{"id":962475,"date":"2026-04-21T16:11:19","date_gmt":"2026-04-21T16:11:19","guid":{"rendered":"https:\/\/www.europesays.com\/de\/962475\/"},"modified":"2026-04-21T16:11:19","modified_gmt":"2026-04-21T16:11:19","slug":"bald-aufmarsch-an-der-ostflanke-militaer-michael-giss-beim-ihk-empfang-fellbach-nachrichten-aus-dem-rems-murr-kreis","status":"publish","type":"post","link":"https:\/\/www.europesays.com\/de\/962475\/","title":{"rendered":"Bald Aufmarsch an der Ostflanke?! Milit\u00e4r Michael Giss beim IHK-Empfang Fellbach &#8211; Nachrichten aus dem Rems-Murr-Kreis"},"content":{"rendered":"<p><strong>Rems-Murr-Kreis.<\/strong> Der IHK-Fr\u00fchjahrsempfang im l\u00e4ssig schicken Goldbergwerk in Fellbach ist immer eine wunderbare Veranstaltung \u2013 aber diesmal mussten viele unter den 500 G\u00e4sten schwer schlucken: Der hochrangige Milit\u00e4r Michael Giss skizzierte ein beklemmend konkretes Gefahrenszenario f\u00fcr Deutschland, er sprach vom \u201eSpannungsfall\u201c, vom \u201emilit\u00e4rischen Verteidigungsfall\u201c, er sprach: von Krieg. Bereits in ganz naher Zukunft k\u00f6nnte die Bundesrepublik zum Schauplatz eines<\/p>\n","protected":false},"excerpt":{"rendered":"Rems-Murr-Kreis. Der IHK-Fr\u00fchjahrsempfang im l\u00e4ssig schicken Goldbergwerk in Fellbach ist immer eine wunderbare Veranstaltung \u2013 aber diesmal mussten&hellip;\n","protected":false},"author":2,"featured_media":962476,"comment_status":"","ping_status":"","sticky":false,"template":"","format":"standard","meta":{"footnotes":"","_share_on_mastodon":"0"},"categories":[1830],"tags":[209177,1634,685,67729,3364,29,30,5665,209178,4046,95237,5693,209179,209180,103259,111,118959,1441,650,1712,11389],"class_list":["post-962475","post","type-post","status-publish","format-standard","has-post-thumbnail","category-stuttgart","tag-aufmarschgebiet","tag-baden-wuerttemberg","tag-bundeswehr","tag-claus-paal","tag-de","tag-deutschland","tag-germany","tag-ihk","tag-ihk-fruehjahrsempfang","tag-krieg","tag-kriegstuechtig","tag-kriegstuechtigkeit","tag-michael-antwerpes","tag-michael-giss","tag-ostflanke","tag-putin","tag-spannungsfall","tag-stuttgart","tag-taiwan","tag-ukraine-krieg","tag-verteidigungsfall"],"share_on_mastodon":{"url":"https:\/\/pubeurope.com\/@de\/116443577558615053","error":""},"_links":{"self":[{"href":"https:\/\/www.europesays.com\/de\/wp-json\/wp\/v2\/posts\/962475","targetHints":{"allow":["GET"]}}],"collection":[{"href":"https:\/\/www.europesays.com\/de\/wp-json\/wp\/v2\/posts"}],"about":[{"href":"https:\/\/www.europesays.com\/de\/wp-json\/wp\/v2\/types\/post"}],"author":[{"embeddable":true,"href":"https:\/\/www.europesays.com\/de\/wp-json\/wp\/v2\/users\/2"}],"replies":[{"embeddable":true,"href":"https:\/\/www.europesays.com\/de\/wp-json\/wp\/v2\/comments?post=962475"}],"version-history":[{"count":0,"href":"https:\/\/www.europesays.com\/de\/wp-json\/wp\/v2\/posts\/962475\/revisions"}],"wp:featuredmedia":[{"embeddable":true,"href":"https:\/\/www.europesays.com\/de\/wp-json\/wp\/v2\/media\/962476"}],"wp:attachment":[{"href":"https:\/\/www.europesays.com\/de\/wp-json\/wp\/v2\/media?parent=962475"}],"wp:term":[{"taxonomy":"category","embeddable":true,"href":"https:\/\/www.europesays.com\/de\/wp-json\/wp\/v2\/categories?post=962475"},{"taxonomy":"post_tag","embeddable":true,"href":"https:\/\/www.europesays.com\/de\/wp-json\/wp\/v2\/tags?post=962475"}],"curies":[{"name":"wp","href":"https:\/\/api.w.org\/{rel}","templated":true}]}}