{"id":962556,"date":"2026-04-21T17:08:17","date_gmt":"2026-04-21T17:08:17","guid":{"rendered":"https:\/\/www.europesays.com\/de\/962556\/"},"modified":"2026-04-21T17:08:17","modified_gmt":"2026-04-21T17:08:17","slug":"wuelfrath-xx-ist-der-neue-kaemmerer-und-beigeordnete-der-stadt","status":"publish","type":"post","link":"https:\/\/www.europesays.com\/de\/962556\/","title":{"rendered":"W\u00fclfrath: XX ist der neue K\u00e4mmerer und Beigeordnete der Stadt"},"content":{"rendered":"<p class=\"text_ohne_einzug richtext text-em-55 !leading-serif mx-6 desktop:mx-0\">Rund ein halbes Jahr ist die Stelle nun vakant gewesen, seit Sebastian Schorn zum B\u00fcrgermeister gew\u00e4hlt wurde bei der <a href=\"https:\/\/rp-online.de\/thema\/kommunalwahl\/\" rel=\"nofollow noopener\" target=\"_blank\">Kommunalwahl<\/a> 2025: Doch seit Dienstagabend (21. April) hat die Stadt einen neuen K\u00e4mmerer und damit auch wieder einen Ersten Beigeordneten. Der Rat der Stadt hat in der Sondersitzung im gro\u00dfen Ratssaal Torsten Rekindt zum 1. Beigeordneten und K\u00e4mmerer von W\u00fclfrath gew\u00e4hlt.<\/p>\n","protected":false},"excerpt":{"rendered":"Rund ein halbes Jahr ist die Stelle nun vakant gewesen, seit Sebastian Schorn zum B\u00fcrgermeister gew\u00e4hlt wurde bei&hellip;\n","protected":false},"author":2,"featured_media":962557,"comment_status":"","ping_status":"","sticky":false,"template":"","format":"standard","meta":{"footnotes":"","_share_on_mastodon":"0"},"categories":[1840],"tags":[209189,3364,29,30,31254,27212,1209,2308,17185,27167,4418],"class_list":["post-962556","post","type-post","status-publish","format-standard","has-post-thumbnail","category-wuppertal","tag-beigeordneten","tag-de","tag-deutschland","tag-germany","tag-gewaehlt","tag-kaemmerer","tag-nordrhein-westfalen","tag-rat","tag-stelle","tag-wuelfrath","tag-wuppertal"],"share_on_mastodon":{"url":"https:\/\/pubeurope.com\/@de\/116443802077446548","error":""},"_links":{"self":[{"href":"https:\/\/www.europesays.com\/de\/wp-json\/wp\/v2\/posts\/962556","targetHints":{"allow":["GET"]}}],"collection":[{"href":"https:\/\/www.europesays.com\/de\/wp-json\/wp\/v2\/posts"}],"about":[{"href":"https:\/\/www.europesays.com\/de\/wp-json\/wp\/v2\/types\/post"}],"author":[{"embeddable":true,"href":"https:\/\/www.europesays.com\/de\/wp-json\/wp\/v2\/users\/2"}],"replies":[{"embeddable":true,"href":"https:\/\/www.europesays.com\/de\/wp-json\/wp\/v2\/comments?post=962556"}],"version-history":[{"count":0,"href":"https:\/\/www.europesays.com\/de\/wp-json\/wp\/v2\/posts\/962556\/revisions"}],"wp:featuredmedia":[{"embeddable":true,"href":"https:\/\/www.europesays.com\/de\/wp-json\/wp\/v2\/media\/962557"}],"wp:attachment":[{"href":"https:\/\/www.europesays.com\/de\/wp-json\/wp\/v2\/media?parent=962556"}],"wp:term":[{"taxonomy":"category","embeddable":true,"href":"https:\/\/www.europesays.com\/de\/wp-json\/wp\/v2\/categories?post=962556"},{"taxonomy":"post_tag","embeddable":true,"href":"https:\/\/www.europesays.com\/de\/wp-json\/wp\/v2\/tags?post=962556"}],"curies":[{"name":"wp","href":"https:\/\/api.w.org\/{rel}","templated":true}]}}