{"id":962639,"date":"2026-04-21T17:57:23","date_gmt":"2026-04-21T17:57:23","guid":{"rendered":"https:\/\/www.europesays.com\/de\/962639\/"},"modified":"2026-04-21T17:57:23","modified_gmt":"2026-04-21T17:57:23","slug":"gunnar-schupelius-bezirksamt-laesst-bluecherplatz-verschwinden-regional","status":"publish","type":"post","link":"https:\/\/www.europesays.com\/de\/962639\/","title":{"rendered":"Gunnar Schupelius: Bezirksamt l\u00e4sst Bl\u00fccherplatz verschwinden | Regional"},"content":{"rendered":"<p><a class=\"skip-content skip-content--link\" href=\"#in-content-skip-link-target-v-0-0\">TTS-Player \u00fcberspringen\u21b5<\/a><a id=\"in-content-skip-link-target-v-0-0\" class=\"skip-content--target-link-hidden skip-content skip-content--target-link\" href=\"#in-content-skip-link-target-v-0-0\">Artikel weiterlesen<\/a><\/p>\n<p>Berlin \u2013<b> General Bl\u00fccher befreite Europa bei Waterloo von der napoleonischen Besatzung und ist Ehrenb\u00fcrger von Frankfurt, Hamburg, London, Oxford und Cambridge. Einen solchen Namen tilgt man nicht.<\/b><\/p>\n<p>Der Bl\u00fccherplatz am Halleschen Tor bekommt einen neuen Namen. Das Bezirksamt Friedrichshain-Kreuzberg beschloss am 14. April mit gr\u00fcn-rot-roter Mehrheit, dass der Platz k\u00fcnftig den Namen von Eva Mamlok (1918-1944) tragen soll. Die CDU stimmte dagegen.<\/p>\n<p>Eva Mamlok, eine Kreuzbergerin j\u00fcdischen Glaubens, leistete Widerstand gegen die <a href=\"https:\/\/www.bild.de\/themen\/specials\/nationalsozialismus-aktuelle-news-und-infos-JsnX5xhfetEhUw7JZjme\" class=\"text-link\" rel=\"nofollow noopener\" target=\"_blank\">nationalsozialistische Diktatur<\/a>. Sie starb im Konzentrationslager Stutthof (nahe Danzig) an den Folgen der Zwangsarbeit.<\/p>\n<p>Das Bezirksamt erkl\u00e4rte, mit der Platzbenennung werde \u201enicht nur die j\u00fcdische Widerstandsk\u00e4mpferin Eva Mamlok geehrt, sondern weiter gefasst auch der Widerstand von Frauen und der von Juden und J\u00fcdinnen insgesamt\u201c. Das leuchtete ein. Der Widerstand gegen die NS-Diktatur kann nicht genug gew\u00fcrdigt werden.<\/p>\n<p>Mehr zum Thema<\/p>\n<p><b>Warum aber muss daf\u00fcr der Bl\u00fccherplatz weichen? Er tr\u00e4gt seinen Namen seit 162 Jahren. In der Begr\u00fcndung findet sich ein verr\u00e4terischer Satz: General Bl\u00fccher geh\u00f6re zu denen, die \u201eden Mythos des angeblichen Erzfeindes Frankreich\u201c begr\u00fcndet h\u00e4tten, der sich \u201ebis in die 1950er Jahre\u201c gehalten habe. <\/b><\/p>\n<p>Bl\u00fccher wird unterstellt, er habe den Hass auf <a href=\"https:\/\/www.bild.de\/news\/ausland\/frankreich\/thema-frankreich-alle-infos-80021272.bild.html\" class=\"text-link\" rel=\"nofollow noopener\" target=\"_blank\">Frankreich<\/a> gesch\u00fcrt. Das stimmt nicht. General Leberecht von Bl\u00fccher (1742-1819) f\u00fchrte einen Abwehrkampf. Er befreite <a href=\"https:\/\/www.bild.de\/themen\/orte\/europa\/nachrichten-news-fotos-videos-17813958.bild.html\" class=\"text-link\" rel=\"nofollow noopener\" target=\"_blank\">Europa<\/a> von der napoleonischen Besatzung (V\u00f6lkerschlacht Leipzig, Waterloo). <\/p>\n<p><b>Er ist der erfolgreichste preu\u00dfische General aller Zeiten und Ehrenb\u00fcrger von Frankfurt, Hamburg, London, Oxford und Cambridge. Einen solchen Namen tilgt man nicht. Es ist unredlich, Eva Mamlok gegen Bl\u00fccher auszuspielen.<\/b><\/p>\n<p>Hat Gunnar Schupelius recht? Schreiben Sie an: <a href=\"https:\/\/www.bild.de\/regional\/berlin\/mailto:gunnar.schupelius@axelspringer.de\" target=\"_blank\" rel=\"nofollow noopener\" class=\"text-link--external text-link\">gunnar.schupelius@axelspringer.de<\/a><\/p>\n","protected":false},"excerpt":{"rendered":"TTS-Player \u00fcberspringen\u21b5Artikel weiterlesen Berlin \u2013 General Bl\u00fccher befreite Europa bei Waterloo von der napoleonischen Besatzung und ist Ehrenb\u00fcrger&hellip;\n","protected":false},"author":2,"featured_media":962640,"comment_status":"","ping_status":"","sticky":false,"template":"","format":"standard","meta":{"footnotes":"","_share_on_mastodon":"0"},"categories":[1825],"tags":[296,29,9894,30,209197,7568,209199,209198,45],"class_list":["post-962639","post","type-post","status-publish","format-standard","has-post-thumbnail","category-berlin","tag-berlin","tag-deutschland","tag-faschismus","tag-germany","tag-koenigreich-preussen","tag-kreuzberg","tag-politischer-widerstand","tag-strassen-benennung","tag-texttospeech"],"share_on_mastodon":{"url":"https:\/\/pubeurope.com\/@de\/116443994307618513","error":""},"_links":{"self":[{"href":"https:\/\/www.europesays.com\/de\/wp-json\/wp\/v2\/posts\/962639","targetHints":{"allow":["GET"]}}],"collection":[{"href":"https:\/\/www.europesays.com\/de\/wp-json\/wp\/v2\/posts"}],"about":[{"href":"https:\/\/www.europesays.com\/de\/wp-json\/wp\/v2\/types\/post"}],"author":[{"embeddable":true,"href":"https:\/\/www.europesays.com\/de\/wp-json\/wp\/v2\/users\/2"}],"replies":[{"embeddable":true,"href":"https:\/\/www.europesays.com\/de\/wp-json\/wp\/v2\/comments?post=962639"}],"version-history":[{"count":0,"href":"https:\/\/www.europesays.com\/de\/wp-json\/wp\/v2\/posts\/962639\/revisions"}],"wp:featuredmedia":[{"embeddable":true,"href":"https:\/\/www.europesays.com\/de\/wp-json\/wp\/v2\/media\/962640"}],"wp:attachment":[{"href":"https:\/\/www.europesays.com\/de\/wp-json\/wp\/v2\/media?parent=962639"}],"wp:term":[{"taxonomy":"category","embeddable":true,"href":"https:\/\/www.europesays.com\/de\/wp-json\/wp\/v2\/categories?post=962639"},{"taxonomy":"post_tag","embeddable":true,"href":"https:\/\/www.europesays.com\/de\/wp-json\/wp\/v2\/tags?post=962639"}],"curies":[{"name":"wp","href":"https:\/\/api.w.org\/{rel}","templated":true}]}}