{"id":962687,"date":"2026-04-21T18:29:20","date_gmt":"2026-04-21T18:29:20","guid":{"rendered":"https:\/\/www.europesays.com\/de\/962687\/"},"modified":"2026-04-21T18:29:20","modified_gmt":"2026-04-21T18:29:20","slug":"ludwigshafen-ots-streit-an-roter-ampel-eskaliert-fuehrerschein-des-busfahrers-sichergestellt","status":"publish","type":"post","link":"https:\/\/www.europesays.com\/de\/962687\/","title":{"rendered":"Ludwigshafen (ots): Streit an roter Ampel eskaliert \u2013 F\u00fchrerschein des Busfahrers sichergestellt"},"content":{"rendered":"<p><img loading=\"lazy\" decoding=\"async\" src=\"https:\/\/www.europesays.com\/de\/wp-content\/uploads\/2026\/04\/Polizei-Schriftzug-Foto-Michael-Sonnick-002-4.jpg\" alt=\"Polizei Schriftzug (Foto Michael Sonnick) (002)\" width=\"900\" height=\"600\" class=\"alignnone size-full wp-image-634488\"  \/>Ludwigshafen\/Metropolregion Rhein-Neckar.(ots) Am Montag, den 20.04.2026, gegen 12 Uhr, gerieten ein 63-j\u00e4hriger Busfahrer und ein 21-j\u00e4hriger Fu\u00dfg\u00e4nger an einer roten Ampel in der Pfingstweide in Streitigkeiten. Urs\u00e4chlich war, dass der Busfahrer den Fu\u00dfg\u00e4nger und seine Begleitung nicht einsteigen lassen wollte, da sich diese nicht an einer Bushaltestelle befanden.<br \/>Um seiner Aufforderung Nachdruck zu verleihen, stellte sich der Fu\u00dfg\u00e4nger sodann vor den Bus und hinderte diesen an der Weiterfahrt. Der Busfahrer fuhr langsam an, wodurch es zu einer leichten Kollision kam und entfernte sich von der \u00d6rtlichkeit. Der Fu\u00dfg\u00e4nger wurde hierdurch leicht am Fu\u00df verletzt. Kurze Zeit sp\u00e4ter konnte der Busfahrer einer Kontrolle unterzogen werden. Dessen F\u00fchrerschein wurde auf Anordnung sichergestellt. Gegen den Busfahrer wird nun wegen eines gef\u00e4hrlichen Eingriffs in den Stra\u00dfenverkehr und gegen den Fu\u00dfg\u00e4nger wegen N\u00f6tigung ermittelt.<\/p>\n<p class=\"post-modified-info\">Zuletzt aktualisiert am 21. April 2026, 18:11<\/p>\n","protected":false},"excerpt":{"rendered":"Ludwigshafen\/Metropolregion Rhein-Neckar.(ots) Am Montag, den 20.04.2026, gegen 12 Uhr, gerieten ein 63-j\u00e4hriger Busfahrer und ein 21-j\u00e4hriger Fu\u00dfg\u00e4nger an&hellip;\n","protected":false},"author":2,"featured_media":962688,"comment_status":"","ping_status":"","sticky":false,"template":"","format":"standard","meta":{"footnotes":"","_share_on_mastodon":"0"},"categories":[1845],"tags":[16238,1634,10415,3364,29,548,663,3934,35,5715,30,13,4905,11532,25476,2096,25488,25489,14,14480,15,5206,28951,12,634,2127,144453],"class_list":["post-962687","post","type-post","status-publish","format-standard","has-post-thumbnail","category-mannheim","tag-busfahrer","tag-baden-wuerttemberg","tag-bus","tag-de","tag-deutschland","tag-eu","tag-europa","tag-europe","tag-fuehrerschein","tag-fussgaenger","tag-germany","tag-headlines","tag-kollision","tag-kontrolle","tag-ludwigshafen","tag-mannheim","tag-metropolregion","tag-metropolregion-rhein-neckar","tag-nachrichten","tag-neckar","tag-news","tag-rhein","tag-rhein-neckar","tag-schlagzeilen","tag-strassenverkehr","tag-streit","tag-streitigkeiten"],"share_on_mastodon":{"url":"https:\/\/pubeurope.com\/@de\/116444121193072295","error":""},"_links":{"self":[{"href":"https:\/\/www.europesays.com\/de\/wp-json\/wp\/v2\/posts\/962687","targetHints":{"allow":["GET"]}}],"collection":[{"href":"https:\/\/www.europesays.com\/de\/wp-json\/wp\/v2\/posts"}],"about":[{"href":"https:\/\/www.europesays.com\/de\/wp-json\/wp\/v2\/types\/post"}],"author":[{"embeddable":true,"href":"https:\/\/www.europesays.com\/de\/wp-json\/wp\/v2\/users\/2"}],"replies":[{"embeddable":true,"href":"https:\/\/www.europesays.com\/de\/wp-json\/wp\/v2\/comments?post=962687"}],"version-history":[{"count":0,"href":"https:\/\/www.europesays.com\/de\/wp-json\/wp\/v2\/posts\/962687\/revisions"}],"wp:featuredmedia":[{"embeddable":true,"href":"https:\/\/www.europesays.com\/de\/wp-json\/wp\/v2\/media\/962688"}],"wp:attachment":[{"href":"https:\/\/www.europesays.com\/de\/wp-json\/wp\/v2\/media?parent=962687"}],"wp:term":[{"taxonomy":"category","embeddable":true,"href":"https:\/\/www.europesays.com\/de\/wp-json\/wp\/v2\/categories?post=962687"},{"taxonomy":"post_tag","embeddable":true,"href":"https:\/\/www.europesays.com\/de\/wp-json\/wp\/v2\/tags?post=962687"}],"curies":[{"name":"wp","href":"https:\/\/api.w.org\/{rel}","templated":true}]}}