{"id":962816,"date":"2026-04-21T19:50:29","date_gmt":"2026-04-21T19:50:29","guid":{"rendered":"https:\/\/www.europesays.com\/de\/962816\/"},"modified":"2026-04-21T19:50:29","modified_gmt":"2026-04-21T19:50:29","slug":"wenn-die-waffenruhe-bricht-der-iran-stuerzt-in-ein-trauma","status":"publish","type":"post","link":"https:\/\/www.europesays.com\/de\/962816\/","title":{"rendered":"Wenn die Waffenruhe bricht: Der Iran &#8222;st\u00fcrzt in ein Trauma&#8220;"},"content":{"rendered":"<p>Wenn die Waffenruhe brichtDer Iran &#8222;st\u00fcrzt in ein Trauma&#8220; 21.04.2026, 20:13 Uhr <a href=\"https:\/\/www.n-tv.de\/autoren\/Frauke-Niemeyer-article21397208.html\" class=\"article-detail-head_author___bDMZ\" rel=\"nofollow noopener\" target=\"_blank\"><img decoding=\"async\" class=\"Image_img__fQCi0 Image_Img_1_1__Ei3jf\" loading=\"eager\" fetchpriority=\"high\" src=\"https:\/\/www.europesays.com\/de\/wp-content\/uploads\/2025\/11\/Unbenannt.webp.webp\" alt=\"Unbenannt\"\/>Ein Interview von Frauke Niemeyer<\/a><\/p>\n<p>Artikel anh\u00f6ren(09:54 min)<\/p>\n<p><img decoding=\"async\" class=\"Image_img__fQCi0 Image_Img_16_9__4BLfH widget-picture-inline_maximizable__t_E7h\" loading=\"eager\" fetchpriority=\"high\" src=\"https:\/\/www.europesays.com\/de\/wp-content\/uploads\/2026\/04\/Iran-War-Armed-Women-Armed-Iranian-women-carrying-rifles-participate-in-a-military-parade-organized-.webp\" alt=\"Iran-War-Armed-Women-Armed-Iranian-women-carrying-rifles-participate-in-a-military-parade-organized-by-the-Islamic-Revolutionary-Guard-Corps-IRGC-in-downtown-Tehran-Iran-on-April-17-2026-during-a-ceasefire-between-Iran-and-the-United-States-Israeli-coalition-Tehran-Iran-PUBLICATIONxNOTxINxFRA-Copyright-xMortezaxNikoubazlx-originalFilename-nikoubazl-iranwara260417-npJFe\"\/>Dem Regime geh\u00f6rt die Stra\u00dfe: Machtdemonstration w\u00e4hrend der Waffenruhe in Teheran mit bewaffneten Frauen bei einer Parade der Revolutionsgarden. (Foto: IMAGO\/NurPhoto)TeilenFolgen auf:<a href=\"https:\/\/www.whatsapp.com\/channel\/0029Va5cdVJD8SDp5YZgYF01\" title=\"Auf WhatsApp folgen\" target=\"_blank\" rel=\"nofollow noopener\"><img decoding=\"async\" src=\"https:\/\/www.n-tv.de\/socialIcons\/whatsapp.svg\" alt=\"whatsapp\" class=\"ArticleShare_icon__FsrC2\"\/><\/a><a href=\"https:\/\/news.google.com\/publications\/CAAiEPMdif5mpRNxiLOeUpHCwwsqFAgKIhDzHYn-ZqUTcYiznlKRwsML?hl=de&amp;gl=DE&amp;ceid=DE%3Ade\" title=\"Auf Google News folgen\" target=\"_blank\" rel=\"nofollow noopener\"><img decoding=\"async\" src=\"https:\/\/www.n-tv.de\/socialIcons\/google.svg\" alt=\"whatsapp\" class=\"ArticleShare_icon__FsrC2\"\/><\/a><\/p>\n<p class=\"Typography_text-default__P3otY Typography_weight-normal__pqUbH storyline_paragraph_p__qSR5N\">Fallen bald wieder Bomben? Die Menschen im Iran gehen durch die H\u00f6lle &#8211; sie f\u00fcrchten neue Luftangriffe und t\u00e4glich gibt es Hinrichtungen, sagt Menschenrechtsanw\u00e4ltin Raha Bahreini.  <\/p>\n<p class=\"Typography_text-default__P3otY Typography_weight-normal__pqUbH storyline_paragraph_p__qSR5N\"><b class=\"bold\">ntv.de: Frau Bahreini, derzeit plant US-Pr\u00e4sident Donald Trump nicht, die Waffenruhe, die sp\u00e4testens am Donnerstag ausl\u00e4uft, zu verl\u00e4ngern. Was bedeutet das f\u00fcr die Menschen im Iran? <\/b><\/p>\n<p class=\"Typography_text-default__P3otY Typography_weight-normal__pqUbH storyline_paragraph_p__qSR5N\">Raha Bahreini: Die Lage ist sehr d\u00fcster, das Leben der Menschen beherrscht von Angst. Falls der Waffenstillstand nicht fortbesteht, sind die Menschen wieder einem doppelten Risiko von Gr\u00e4ueltaten ausgesetzt. Sowohl infolge des Krieges als auch durch das Risiko von Massakern durch die iranischen Beh\u00f6rden. Diese haben Tausende Menschen get\u00f6tet, um die anderen zur\u00fcck in ihre H\u00e4user zu zwingen. <\/p>\n<p class=\"Typography_text-default__P3otY Typography_weight-normal__pqUbH storyline_paragraph_p__qSR5N\"><b class=\"bold\">In ihren H\u00e4usern sind die Menschen aber nicht sicher vor Raketen. Schutzr\u00e4ume gibt es nicht? <\/b><\/p>\n<p class=\"Typography_text-default__P3otY Typography_weight-normal__pqUbH storyline_paragraph_p__qSR5N\">Nein, es gibt keinerlei Ma\u00dfnahmen oder Unterk\u00fcnfte zum Schutz der Bev\u00f6lkerung. Durch das Abschalten des Internets bekommen die Menschen auch keine Informationen, etwa \u00fcber bevorstehende Angriffe. Die Beh\u00f6renden haben stattdessen die Anwendung der Todesstrafe versch\u00e4rft: Seit Kriegsbeginn haben sie mindestens 15 Demonstranten und Dissidenten hingerichtet. Die meisten dieser Hinrichtungen fanden seit dem 30. M\u00e4rz statt, beinahe t\u00e4glich. Die Menschen wachen auf mit Bombardierungen und Nachrichten \u00fcber die j\u00fcngste Hinrichtung. Das Land, die ganze Nation, st\u00fcrzt in ein Trauma. <\/p>\n<p class=\"Typography_text-default__P3otY Typography_weight-normal__pqUbH storyline_paragraph_p__qSR5N\"><b class=\"bold\">&#8222;Wenn wir fertig sind, dann \u00fcbernehmt die Regierung&#8220;, war Trumps Botschaft an das iranische Volk zu Beginn der Angriffe. Sehen Sie nach knapp zwei Monaten Krieg und vielen Verlusten auf Seiten der Mullahs zumindest eine solche Chance am Horizont?<\/b> <\/p>\n<p class=\"Typography_text-default__P3otY Typography_weight-normal__pqUbH storyline_paragraph_p__qSR5N\">Im Gegenteil. Die Beh\u00f6rden nutzen den Krieg als Vorwand, um die Repression im Iran noch zu versch\u00e4rfen. Fast alle prominenten Menschenrechtsverteidiger Irans sitzen im Gef\u00e4ngnis. Die sehr bekannte Nasrin Sotoudeh wurde vor fast drei Wochen festgenommen und ist seitdem verschwunden. Narges Mohammadi, eine Nobelpreistr\u00e4gerin, hat in Haft einen Herzinfarkt erlitten und wird nicht medizinisch versorgt. Die internationale Gemeinschaft richtet ihre Augen auf den Verlauf des Krieges. Das erlaubt den Beh\u00f6rden, den Druck im Land noch weiter zu erh\u00f6hen. <\/p>\n<p class=\"Typography_text-default__P3otY Typography_weight-normal__pqUbH storyline_paragraph_p__qSR5N\"><b class=\"bold\">Dann ist die Situation schlimmer als im Januar zu Zeiten der Massenproteste?<\/b><\/p>\n<p class=\"Typography_text-default__P3otY Typography_weight-normal__pqUbH storyline_paragraph_p__qSR5N\">F\u00fcr die Menschen im Iran ist ihre Lage gerade erdr\u00fcckend wie nie zuvor. Wir bekommen jeden Tag Aufnahmen von Stra\u00dfen und Pl\u00e4tzen im Iran, auf denen Pickup-Trucks mit auf dem Dach montierten Maschinengewehren Patrouille fahren. Hochrangige Beamte drohen mit einer zweiten Massakerwelle, falls wieder Menschen auf die Stra\u00dfe gehen sollten oder auch nur in irgendeiner Form Widerspruch \u00e4u\u00dfern. Sie k\u00fcndigen Vergeltung an, die schlimmer sei als die Massaker im Januar.<\/p>\n<p class=\"Typography_text-default__P3otY Typography_weight-normal__pqUbH storyline_paragraph_p__qSR5N\"><b class=\"bold\">Trump nannte mit Blick auf die Verbrechen des Regimes im Zuge der Januar-Proteste die Zahl von 32.000 get\u00f6teten Iranern. Ist diese Zahl belegbar?<\/b><\/p>\n<p class=\"Typography_text-default__P3otY Typography_weight-normal__pqUbH storyline_paragraph_p__qSR5N\">Die iranischen Beh\u00f6rden selbst haben erkl\u00e4rt, dass allein am 8. und 9. Januar mindestens 3000 Menschen get\u00f6tet wurden. Die Vereinten Nationen sch\u00e4tzen die Zahl auf mindestens 5000. Sie haben jedoch Berichte vorliegen, die darauf hindeuten, dass diese Zahl wesentlich h\u00f6her sein k\u00f6nnte. Wir von Amnesty International k\u00f6nnen unsere eigenen Untersuchungen derzeit nicht wie gewohnt durchf\u00fchren, weil wir dazu auf sichere Messenger-Apps angewiesen sind. Nichts davon funktioniert gerade im Iran. Wir haben also keine M\u00f6glichkeit, mit einer gro\u00dfen Zahl von Opfern, Familien, Augenzeugen oder Akteuren zu sprechen. Die Verbrechen der Beh\u00f6rden lassen sich derzeit nicht in ihrem vollen Ausma\u00df erfassen.<\/p>\n<p class=\"Typography_text-default__P3otY Typography_weight-normal__pqUbH storyline_paragraph_p__qSR5N\"><b class=\"bold\">Trotzdem berichten Sie fortlaufend von Gr\u00e4ueltaten der Mullahs am Volk. Wie erfahren Sie davon?<\/b><\/p>\n<p class=\"Typography_text-default__P3otY Typography_weight-normal__pqUbH storyline_paragraph_p__qSR5N\">Wir sind sehr gut verbunden mit einem gro\u00dfen Netzwerk von Akteuren aus der Zivilgesellschaft. F\u00fcr einige der Regierungsgegner, die j\u00fcngst hingerichtet wurden, hatten wir jahrelang gek\u00e4mpft. Im Fall der jungen Demonstranten, die in den vergangenen Wochen hingerichtet wurden, haben unsere Quellen uns kurz nach den Festnahmen \u00fcber die Todesurteile informiert. Manche Exekutionen k\u00fcndigen die Beh\u00f6rden auch an.<\/p>\n<p><img decoding=\"async\" class=\"Image_img__fQCi0 Image_Img_16_9__4BLfH widget-picture-inline_maximizable__t_E7h\" loading=\"lazy\" src=\"https:\/\/www.n-tv.de\/logo_grey.svg\" alt=\"Amnesty_International_Raha_BAHREINI_\u00a9_privat\"\/>Raha Bahreini ist eine iranisch-kanadische Menschenrechtsanw\u00e4ltin und arbeitet als Iran-Expertin f\u00fcr Amnesty International. Zuvor unterst\u00fctzte sie die Arbeit des UN-Sonderberichterstatters f\u00fcr die Menschenrechtslage in Iran. <\/p>\n<p class=\"Typography_text-default__P3otY Typography_weight-normal__pqUbH storyline_paragraph_p__qSR5N\"><b class=\"bold\">Das Regime macht seine Verbrechen, die Hinrichtung friedlicher Demonstranten, \u00f6ffentlich?<\/b><\/p>\n<p class=\"Typography_text-default__P3otY Typography_weight-normal__pqUbH storyline_paragraph_p__qSR5N\">Sie nutzen die Todesstrafe als Waffe, mit der sie ein Klima von Angst und Terror in der Gesellschaft schaffen k\u00f6nnen. Darum werden immer wieder Hinrichtungen \u00f6ffentlich bekanntgegeben.<\/p>\n<p class=\"Typography_text-default__P3otY Typography_weight-normal__pqUbH storyline_paragraph_p__qSR5N\"><b class=\"bold\">Sie erw\u00e4hnten schon Ihre eigenen Schwierigkeiten, mit Menschen im Iran in Kontakt zu treten. Wenn Telefon und Internet abgeschaltet sind, wie verst\u00e4ndigen sich die Iraner untereinander? K\u00f6nnte sich so ein Protest \u00fcberhaupt neu formieren?<\/b><\/p>\n<p class=\"Typography_text-default__P3otY Typography_weight-normal__pqUbH storyline_paragraph_p__qSR5N\">Kontakt herstellen k\u00f6nnen nur Leute, die Zugang zu Starlink haben oder zu sehr teuren VPNs, \u00fcber die sie sich kurzfristig mit dem Internet verbinden k\u00f6nnen. Wer dar\u00fcber mit Partnern au\u00dferhalb des Landes Verbindung aufnimmt, um \u00fcber Gr\u00e4ueltaten zu informieren, begeht aus Sicht der Islamischen Republik Iran ein Verbrechen und riskiert sein Leben. Ebenso lebensgef\u00e4hrlich w\u00e4re es derzeit, sich f\u00fcr weiteren Protest und Widerstand untereinander zu organisieren. Die Beh\u00f6rden drohen offen damit, noch brutaler vorzugehen als im Januar, als Tausende, die friedlich auf der Stra\u00dfe waren, erschossen wurden. Die entfesselte Gewalt vom Januar hat die iranische Bev\u00f6lkerung ersch\u00fcttert. Noch in tiefer Trauer erlebte sie dann den Beginn der Luftangriffe, die wiederum Tausende Zivilisten, auch Kinder, get\u00f6tet haben. Gegenw\u00e4rtig ist der Iran gefangen im schlimmsten Trauma seiner j\u00fcngeren Geschichte.<\/p>\n<p class=\"Typography_text-default__P3otY Typography_weight-normal__pqUbH storyline_paragraph_p__qSR5N\"><b class=\"bold\">In Debatten \u00fcber den Irankrieg f\u00e4llt h\u00e4ufig das Argument: Weiter zuzuschauen, wie das Regime die Menschen unterdr\u00fcckt, sei auch keine L\u00f6sung. Sind das die zwei Optionen der Weltgemeinschaft: zuschauen oder angreifen?<\/b><\/p>\n<p class=\"Typography_text-default__P3otY Typography_weight-normal__pqUbH storyline_paragraph_p__qSR5N\">Die Wahrheit ist: Die Luftangriffe der USA und Israels haben das Leid der Menschen im Iran noch versch\u00e4rft. Bereits jetzt ist viel zivile Infrastruktur zerst\u00f6rt, die ja auch die Lebensgrundlage der Menschen sicherte. Die amerikanischen und israelischen Streitkr\u00e4fte haben die Kernprinzipien des humanit\u00e4ren V\u00f6lkerrechts verletzt. Die ernsthafte Antwort, die wir mit Blick auf die Verbrechen der Islamischen Republik Iran fordern, sind Rechenschaftspflicht und Strafjustiz.<\/p>\n<p class=\"Typography_text-default__P3otY Typography_weight-normal__pqUbH storyline_paragraph_p__qSR5N\"><b class=\"bold\">Erkl\u00e4ren Sie das bitte genauer.<\/b><\/p>\n<p class=\"Typography_text-default__P3otY Typography_weight-normal__pqUbH storyline_paragraph_p__qSR5N\">In den vergangenen Jahren folgten immer wieder Protestwellen aufeinander, die von den iranischen Beh\u00f6rden mit rohester Gewalt niedergeschlagen wurden. Selbst Kinder wurden gefoltert, manchen wurde das Augenlicht genommen, manche wurden ermordet. Alles, was die internationale Gemeinschaft tat, war, die Verbrechen mit Worten zu verurteilen. Die Verantwortlichen kamen davon. 2022 stellte eine internationale Ermittlungskommission Verbrechen gegen die Menschlichkeit fest, aber nichts folgte daraus, weil die iranische Justiz Teil des Apparats ist und kein einziger anderer Staat Strafverfolgungen wegen dieser Verbrechen einleitete. Diese Straflosigkeit hat die Drahtzieher hinter der Gewalt noch ermutigt.<\/p>\n<p class=\"Typography_text-default__P3otY Typography_weight-normal__pqUbH storyline_paragraph_p__qSR5N\"><b class=\"bold\">Was k\u00f6nnten Staaten wie Deutschland sinnvollerweise tun?<\/b><\/p>\n<p class=\"Typography_text-default__P3otY Typography_weight-normal__pqUbH storyline_paragraph_p__qSR5N\">Die erste sinnvolle Reaktion w\u00e4re, dem UN-Sicherheitsrat eine Resolution vorzulegen, mit der er die Situation im Iran an den Internationalen Strafgerichtshof \u00fcberweisen k\u00f6nnte. Das w\u00fcrde dann am Veto von Russland und China vermutlich scheitern, aber Staaten wie Deutschland k\u00f6nnten auch auf nationaler Ebene strafrechtlich wegen Verbrechen gegen die Menschlichkeit ermitteln. Diese Verbrechen sind von Amnesty, der UN-Mission und vielen anderen seri\u00f6sen Organisationen dokumentiert worden. Viele Opfer und \u00dcberlebende befinden sich in Deutschland, sie k\u00f6nnten als Zeugen aussagen. Das w\u00e4re die sinnvollste Ma\u00dfnahme, um den iranischen Beh\u00f6rden zu zeigen: Eure Straflosigkeit wird nicht ewig anhalten.<\/p>\n<p class=\"Typography_text-default__P3otY Typography_weight-normal__pqUbH storyline_paragraph_p__qSR5N\"><b class=\"bold\">Strafverfolgung der Verbrechen w\u00e4re also ein erster Schritt. Was w\u00e4re der zweite?<\/b><\/p>\n<p class=\"Typography_text-default__P3otY Typography_weight-normal__pqUbH storyline_paragraph_p__qSR5N\">Ein zweiter Schritt m\u00fcsste die strukturellen Treiber der Gewalt angehen, und das ist vor allem die iranische Verfassung. Sie festigt Diskriminierung und Gewalt und verweigert das Recht der Menschen auf politische Teilhabe. Der Erhalt des politischen Systems steht \u00fcber den Menschenrechten. Wir brauchen die internationale Gemeinschaft, um diejenigen zu unterst\u00fctzen, die sich politisch f\u00fcr eine \u00c4nderung der Verfassung stark machen.<\/p>\n<p class=\"Typography_text-default__P3otY Typography_weight-normal__pqUbH storyline_paragraph_p__qSR5N\"><b class=\"bold\">Das klingt schwierig, wie k\u00f6nnte man das tun?<\/b><\/p>\n<p class=\"Typography_text-default__P3otY Typography_weight-normal__pqUbH storyline_paragraph_p__qSR5N\">Ja, das ist schwierig. Es gibt keinen einfachen Weg dorthin, aber momentan wird das nicht einmal diskutiert. Es scheint irgendwie normal geworden zu sein, dass Menschen im Iran zu Hunderten geblendet, gefoltert oder get\u00f6tet werden, nur weil sie friedlich auf die Stra\u00dfe gehen und protestieren.<\/p>\n<p class=\"Typography_text-default__P3otY Typography_weight-normal__pqUbH storyline_paragraph_p__qSR5N\"><b class=\"bold\">In der Vergangenheit wurde der Iran wirtschaftlich sanktioniert. Ist das ein Mittel?<\/b><\/p>\n<p class=\"Typography_text-default__P3otY Typography_weight-normal__pqUbH storyline_paragraph_p__qSR5N\">Diese Sanktionen haben die Straflosigkeitskrise im Iran nicht gel\u00f6st. Wir sprechen hier von den schwerwiegendsten Verbrechen nach internationalem Recht: Massenmord, Folter, Vergewaltigung und andere Formen sexueller Gewalt. Wir brauchen strafrechtliche Ermittlungen, um Haftbefehle gegen die Verantwortlichen zu erlassen. Opfer und \u00dcberlebende erwarten Gerechtigkeit. Wenn es um Gr\u00e4ueltaten geht, reichen Sanktionen nicht aus.<\/p>\n<p class=\"Typography_text-default__P3otY Typography_weight-normal__pqUbH storyline_paragraph_p__qSR5N\">Mit Raha Bahreini sprach Frauke Niemeyer<\/p>\n<p class=\"Typography_text-s__wu_cm Typography_weight-normal__pqUbH Typography_color-darkgrey__sZEnP article-detail-footer_source__KslPc\">Quelle: ntv.de<\/p>\n","protected":false},"excerpt":{"rendered":"Wenn die Waffenruhe brichtDer Iran &#8222;st\u00fcrzt in ein Trauma&#8220; 21.04.2026, 20:13 Uhr Ein Interview von Frauke Niemeyer Artikel&hellip;\n","protected":false},"author":2,"featured_media":962817,"comment_status":"","ping_status":"","sticky":false,"template":"","format":"standard","meta":{"footnotes":"","_share_on_mastodon":"0"},"categories":[5],"tags":[499,106,13,186871,195111,556,411,187591,62913,14,15,16,12,9976,10,8,9,11],"class_list":["post-962816","post","type-post","status-publish","format-standard","has-post-thumbnail","category-nachrichten","tag-benjamin-netanjahu","tag-donald-trump","tag-headlines","tag-iran-krieg","tag-islamische-revolutionsgarde","tag-islamismus","tag-israel","tag-modschtaba-chamenei","tag-mullah-regime","tag-nachrichten","tag-news","tag-politik","tag-schlagzeilen","tag-teheran","tag-top-news","tag-top-meldungen","tag-topmeldungen","tag-topnews"],"share_on_mastodon":{"url":"https:\/\/pubeurope.com\/@de\/116444439413316382","error":""},"_links":{"self":[{"href":"https:\/\/www.europesays.com\/de\/wp-json\/wp\/v2\/posts\/962816","targetHints":{"allow":["GET"]}}],"collection":[{"href":"https:\/\/www.europesays.com\/de\/wp-json\/wp\/v2\/posts"}],"about":[{"href":"https:\/\/www.europesays.com\/de\/wp-json\/wp\/v2\/types\/post"}],"author":[{"embeddable":true,"href":"https:\/\/www.europesays.com\/de\/wp-json\/wp\/v2\/users\/2"}],"replies":[{"embeddable":true,"href":"https:\/\/www.europesays.com\/de\/wp-json\/wp\/v2\/comments?post=962816"}],"version-history":[{"count":0,"href":"https:\/\/www.europesays.com\/de\/wp-json\/wp\/v2\/posts\/962816\/revisions"}],"wp:featuredmedia":[{"embeddable":true,"href":"https:\/\/www.europesays.com\/de\/wp-json\/wp\/v2\/media\/962817"}],"wp:attachment":[{"href":"https:\/\/www.europesays.com\/de\/wp-json\/wp\/v2\/media?parent=962816"}],"wp:term":[{"taxonomy":"category","embeddable":true,"href":"https:\/\/www.europesays.com\/de\/wp-json\/wp\/v2\/categories?post=962816"},{"taxonomy":"post_tag","embeddable":true,"href":"https:\/\/www.europesays.com\/de\/wp-json\/wp\/v2\/tags?post=962816"}],"curies":[{"name":"wp","href":"https:\/\/api.w.org\/{rel}","templated":true}]}}