{"id":963059,"date":"2026-04-21T22:02:15","date_gmt":"2026-04-21T22:02:15","guid":{"rendered":"https:\/\/www.europesays.com\/de\/963059\/"},"modified":"2026-04-21T22:02:15","modified_gmt":"2026-04-21T22:02:15","slug":"ausstellung-rechtsextremer-terror-immer-unterschaetzt","status":"publish","type":"post","link":"https:\/\/www.europesays.com\/de\/963059\/","title":{"rendered":"Ausstellung &#8222;Rechtsextremer Terror&#8220;: Immer untersch\u00e4tzt"},"content":{"rendered":"<p>Als 1990 aus zwei deutschen Staaten einer wird, beginnt ein reger Austausch zwischen Ost und West. &#8222;Nach der deutschen Wiedervereinigung sind die rechten Gruppen die, die sich am schnellsten vereinigen&#8220;, sagt Dowe. Das veranschaulicht ein Hetz-Aufkleber aus den 1990ern: &#8222;Keine Macht den Zecken&#8220; steht auf dem Sticker, der einen mit wutverzerrter Fratze und Keule gezeichneten Punk zeigt. Unten steht gro\u00df das Logo und der Schriftzug der &#8222;Jungen Nationaldemokraten&#8220; (JN), der Jugendorganisation der NPD (heute: Die Heimat) mit Adresse im s\u00e4chsischen Riesa. Doch das kleingedruckte V.i.S.d.P. am Rand weist in die R\u00f6testra\u00dfe nach Stuttgart, zu einem Tobias B\u00e4r, der zeitweilig JN-Pressesprecher war.<\/p>\n<p>Dass rechte Gewalt auch in Form pogromartiger Ausschreitungen gegen\u00fcber Gefl\u00fcchteten und anderen Migrant:innen nicht nur ein ostdeutsches Thema war, zeigt der Verweis auf Mannheim-Sch\u00f6nau im Mai 1992: Hier griff ein rassistischer Mob von mehreren hundert Personen eine Gefl\u00fcchtetenunterkunft mit Flaschen, Steinen und B\u00f6llern an.<\/p>\n<p>Historisch neu waren ab den fr\u00fchen 1990ern \u2013 im Westen wie im Osten \u2013 die Reaktionen aus der Bev\u00f6lkerung auf rechte Gewalt: Ob Demonstrationen, Lichterketten, Mahnwachen oder Konzerte gegen rechts. Auch solche zivilgesellschaftlichen Mobilisierungen dokumentiert die Ausstellung, l\u00e4dt au\u00dferdem an mehreren interaktiven Stationen ein, selber Haltung zu zeigen. Beispielsweise das &#8222;Gewaltbarometer&#8220;, an dem Besucher:innen markieren k\u00f6nnen, wo f\u00fcr sie selbst Gewalt beginnt.<\/p>\n<p>Der NSU und die Ermittlungs-Irrwege<\/p>\n<p>Einen gro\u00dfen Teil der Ausstellung nimmt die Terrorgruppe NSU (Nationalistischer Untergrund) ein, auch wenn ihre drei Mitglieder nicht aus dem S\u00fcdwesten kam. Doch eines ihrer Opfer, die Polizistin Mich\u00e8le Kieswetter, wurde am 25. April 2007 am Rand der Heilbronner Theresienwiese ermordet. Die Ideologie der Gruppe veranschaulicht ein makabres Exponat: ein an &#8222;Monopoly&#8220; angelehntes, ziemlich widerliches neonazistisches Brettspiel, das das NSU-Trio &#8222;Pogromly&#8220; genannt hat.<\/p>\n","protected":false},"excerpt":{"rendered":"Als 1990 aus zwei deutschen Staaten einer wird, beginnt ein reger Austausch zwischen Ost und West. &#8222;Nach der&hellip;\n","protected":false},"author":2,"featured_media":963060,"comment_status":"","ping_status":"","sticky":false,"template":"","format":"standard","meta":{"footnotes":"","_share_on_mastodon":"0"},"categories":[1830],"tags":[1634,3364,29,30,194295,18295,770,1441,2546],"class_list":["post-963059","post","type-post","status-publish","format-standard","has-post-thumbnail","category-stuttgart","tag-baden-wuerttemberg","tag-de","tag-deutschland","tag-germany","tag-hotel-silber","tag-raf","tag-rechtsextremismus","tag-stuttgart","tag-terror"],"share_on_mastodon":{"url":"https:\/\/pubeurope.com\/@de\/116444957808318009","error":""},"_links":{"self":[{"href":"https:\/\/www.europesays.com\/de\/wp-json\/wp\/v2\/posts\/963059","targetHints":{"allow":["GET"]}}],"collection":[{"href":"https:\/\/www.europesays.com\/de\/wp-json\/wp\/v2\/posts"}],"about":[{"href":"https:\/\/www.europesays.com\/de\/wp-json\/wp\/v2\/types\/post"}],"author":[{"embeddable":true,"href":"https:\/\/www.europesays.com\/de\/wp-json\/wp\/v2\/users\/2"}],"replies":[{"embeddable":true,"href":"https:\/\/www.europesays.com\/de\/wp-json\/wp\/v2\/comments?post=963059"}],"version-history":[{"count":0,"href":"https:\/\/www.europesays.com\/de\/wp-json\/wp\/v2\/posts\/963059\/revisions"}],"wp:featuredmedia":[{"embeddable":true,"href":"https:\/\/www.europesays.com\/de\/wp-json\/wp\/v2\/media\/963060"}],"wp:attachment":[{"href":"https:\/\/www.europesays.com\/de\/wp-json\/wp\/v2\/media?parent=963059"}],"wp:term":[{"taxonomy":"category","embeddable":true,"href":"https:\/\/www.europesays.com\/de\/wp-json\/wp\/v2\/categories?post=963059"},{"taxonomy":"post_tag","embeddable":true,"href":"https:\/\/www.europesays.com\/de\/wp-json\/wp\/v2\/tags?post=963059"}],"curies":[{"name":"wp","href":"https:\/\/api.w.org\/{rel}","templated":true}]}}