{"id":963222,"date":"2026-04-21T23:32:15","date_gmt":"2026-04-21T23:32:15","guid":{"rendered":"https:\/\/www.europesays.com\/de\/963222\/"},"modified":"2026-04-21T23:32:15","modified_gmt":"2026-04-21T23:32:15","slug":"muenchner-gericht-streicht-ehemaligem-uni-professor-die-pension","status":"publish","type":"post","link":"https:\/\/www.europesays.com\/de\/963222\/","title":{"rendered":"M\u00fcnchner Gericht streicht ehemaligem Uni-Professor die Pension"},"content":{"rendered":"<p>Das Verwaltungsgericht in M\u00fcnchen hat einem fr\u00fcheren Professor der Universit\u00e4t Bayreuth die Pension gestrichen. Es entschied auf &#8222;Aberkennung des Ruhegehalts&#8220;, weil der 1954 geborene Wissenschaftler unter anderem wegen Betrugs, Bestechung und Untreue bei einer Nebent\u00e4tigkeit als wissenschaftlicher Projektleiter auf Honorarbasis bei einem norddeutschen Unternehmen zu einer Freiheitsstrafe verurteilt worden war. Da sei &#8222;die H\u00f6chstma\u00dfnahme entsprechend indiziert&#8220;.<\/p>\n<p>Das Landgericht Braunschweig sah es als erwiesen an, dass der 71-J\u00e4hrige mit einem Mitarbeiter eines Automobilkonzerns gemeinsame Sache gemacht und Rechnungen gestellt hat f\u00fcr Leistungen, die nie erbracht wurden.\u00a0<\/p>\n<p>Der Wissenschaftler betonte zwar vor dem Verwaltungsgericht, das fr\u00fchere Urteil vom Landgericht Braunschweig sei falsch und sein Gest\u00e4ndnis habe er damals nur abgelegt, weil er \u00fcberrumpelt worden sei, der Vorsitzende Richter betonte aber, er m\u00fcsse sich an dem vorliegenden Urteil orientieren \u2013 und &#8222;Betrugsstraftaten d\u00fcrfen in keiner Weise vom Freistaat Bayern als Dienstherrn geduldet werden&#8220;.<\/p>\n<p>Der Professor kann Rechtsmittel einlegen und eine Instanz weiter vor den Bayerischen Verwaltungsgerichtshof ziehen.<\/p>\n","protected":false},"excerpt":{"rendered":"Das Verwaltungsgericht in M\u00fcnchen hat einem fr\u00fcheren Professor der Universit\u00e4t Bayreuth die Pension gestrichen. Es entschied auf &#8222;Aberkennung&hellip;\n","protected":false},"author":2,"featured_media":963223,"comment_status":"","ping_status":"","sticky":false,"template":"","format":"standard","meta":{"footnotes":"","_share_on_mastodon":"0"},"categories":[1827],"tags":[8769,772,1483,29,5165,2690,30,1268,209323,54030,4896,5162,209324,75373],"class_list":["post-963222","post","type-post","status-publish","format-standard","has-post-thumbnail","category-muenchen","tag-verwaltungsgericht","tag-bayern","tag-betrug","tag-deutschland","tag-freiheitsstrafe","tag-gericht","tag-germany","tag-muenchen","tag-nebentaetigkeit","tag-professor","tag-revision","tag-universitaet","tag-urteil-prozess","tag-verwaltungsgerichtshof"],"share_on_mastodon":{"url":"https:\/\/pubeurope.com\/@de\/116445311625316028","error":""},"_links":{"self":[{"href":"https:\/\/www.europesays.com\/de\/wp-json\/wp\/v2\/posts\/963222","targetHints":{"allow":["GET"]}}],"collection":[{"href":"https:\/\/www.europesays.com\/de\/wp-json\/wp\/v2\/posts"}],"about":[{"href":"https:\/\/www.europesays.com\/de\/wp-json\/wp\/v2\/types\/post"}],"author":[{"embeddable":true,"href":"https:\/\/www.europesays.com\/de\/wp-json\/wp\/v2\/users\/2"}],"replies":[{"embeddable":true,"href":"https:\/\/www.europesays.com\/de\/wp-json\/wp\/v2\/comments?post=963222"}],"version-history":[{"count":0,"href":"https:\/\/www.europesays.com\/de\/wp-json\/wp\/v2\/posts\/963222\/revisions"}],"wp:featuredmedia":[{"embeddable":true,"href":"https:\/\/www.europesays.com\/de\/wp-json\/wp\/v2\/media\/963223"}],"wp:attachment":[{"href":"https:\/\/www.europesays.com\/de\/wp-json\/wp\/v2\/media?parent=963222"}],"wp:term":[{"taxonomy":"category","embeddable":true,"href":"https:\/\/www.europesays.com\/de\/wp-json\/wp\/v2\/categories?post=963222"},{"taxonomy":"post_tag","embeddable":true,"href":"https:\/\/www.europesays.com\/de\/wp-json\/wp\/v2\/tags?post=963222"}],"curies":[{"name":"wp","href":"https:\/\/api.w.org\/{rel}","templated":true}]}}