{"id":963290,"date":"2026-04-22T00:10:50","date_gmt":"2026-04-22T00:10:50","guid":{"rendered":"https:\/\/www.europesays.com\/de\/963290\/"},"modified":"2026-04-22T00:10:50","modified_gmt":"2026-04-22T00:10:50","slug":"bei-den-herforder-may-days-trifft-spitzen-reitsport-auf-geselligkeit","status":"publish","type":"post","link":"https:\/\/www.europesays.com\/de\/963290\/","title":{"rendered":"Bei den Herforder May Days trifft Spitzen-Reitsport auf Geselligkeit"},"content":{"rendered":"<p id=\"absatz1\" class=\"em_text\">Herford. Vom 14. bis 17. Mai, dem Christi-Himmelfahrt-Wochenende, laden die May Days auf die Reitanlage des Stalls Brinkmann in Herford zu einem besonderen Event f\u00fcr die ganze Familie ein. Vier Tage lang d\u00fcrfen sich die Besucherinnen und Besucher auf hochklassigen Pferdesport, ein abwechslungsreiches Rahmenprogramm und eine einladende Wohlf\u00fchlatmosph\u00e4re freuen, bei freiem Eintritt und kostenfreiem Parken.<\/p>\n<p id=\"absatz2\" class=\"em_text\">Die familiengef\u00fchrte Anlage an der Vilsendorfer Stra\u00dfe bietet daf\u00fcr das perfekte Ambiente. Turnierchef Thorsten Brinkmann blickt in diesem Jahr auf gleich mehrere Premieren. Bereits vom 8. bis 10. Mai findet ein weiteres Turnier auf der Anlage statt, denn der Reit- und Fahrverein von L\u00fctzow Herford richtet <a href=\"https:\/\/www.nw.de\/sport\/lokalsport\/sport_im_kreis_herford\/sport_in_herford\/24207837_Luetzower-Pferdesporttage-in-Herford-werden-verlegt.html\" rel=\"noopener nofollow\" target=\"_blank\">erstmals sein Turnier am Stall Brinkmann aus<\/a>. \u201eSo ergeben sich viele Synergieeffekte\u201c, betont Brinkmann.<\/p>\n<p id=\"absatz3\" class=\"em_text\">Nur vier Tage sp\u00e4ter gehen dann zum f\u00fcnften Mal die May Days an den Start. Eine Veranstaltung, die sich stetig weiterentwickelt, sowohl sportlich als auch in ihrem vielf\u00e4ltigen Umfeld. Sportlich d\u00fcrfen sich die Zuschauerinnen und Zuschauer auf spannende Neuheiten freuen: Erstmals stehen zwei Qualifikationen zum Al Shira\u2019aa Bundeschampionat f\u00fcr f\u00fcnf- und sechsj\u00e4hrige Nachwuchspferde in den Klassen L und M auf dem Programm. Ebenso neu sind die Qualifikationen zum \u201eAdvent Classico Regio Cup\u201c und Junior Cup. Dar\u00fcber hinaus werden Qualifikationen zur \u201eAmateur-Springreiter Club Trophy\u201c sowie zur Waldbach Amateur Tour ausgetragen.<a href=\"https:\/\/www.nw.de\/sport\/lokalsport\/sport_im_kreis_herford\/sport_in_herford\/24106864_Katrin-Eckermann-sichert-sich-bei-den-MayDays-Platz-eins-im-S-Springen.html\" rel=\"noopener nofollow\" target=\"_blank\"><\/p>\n<p>Reitturnier von L bis S** und Finals am Sonntag<\/p>\n<p class=\"em_text\">Das viert\u00e4gige Turnier bietet ein breites sportliches Spektrum, von Wettbewerben f\u00fcr junge Talente bis hin zu Pr\u00fcfungen der schweren Klasse S**. \u201eVon der F\u00fchrz\u00fcgelklasse f\u00fcr die j\u00fcngsten Reiterinnen und Reiter bis hin zu anspruchsvollen Springpr\u00fcfungen der Spitzenklasse ist auf jedem Niveau f\u00fcr Spannung gesorgt\u201c, freut sich Thorsten Brinkmann auf ein abwechslungsreiches Programm. Gemeinsam mit Markus und Klaus Brinkmann sowie Ines Siveke wird auch er selbst an den Start gehen.<\/p>\n<p id=\"absatz5\" class=\"em_text\">Der Sonntag steht traditionell ganz im Zeichen der \u201eMay Days Finals\u201c, mit den Endentscheidungen der Youngster-, Amateur- und Gro\u00dfen Tour. Absoluter sportlicher H\u00f6hepunkt ist der traditionsreiche F.W. Brinkmann-Ged\u00e4chtnispreis der Klasse S** mit Stechen, pr\u00e4sentiert von der Bugatti GmbH.<\/p>\n<p id=\"absatz6\"><b class=\"bold\">\ud83d\udc0e May Days 2025: <\/b><a href=\"https:\/\/www.nw.de\/sport\/lokalsport\/sport_im_kreis_herford\/sport_in_herford\/24106864_Katrin-Eckermann-sichert-sich-bei-den-MayDays-Platz-eins-im-S-Springen.html\" rel=\"noopener nofollow\" target=\"_blank\">Katrin Eckermann sichert sich bei den MayDays Platz eins im S**-Springen<\/a><a href=\"https:\/\/www.nw.de\/lokal\/kreis_herford\/herford\/24043925_Die-wichtigsten-Reitturniere-fuer-den-Kreis-Herford-in-diesem-Jahr.html\" rel=\"noopener nofollow\" target=\"_blank\"><\/p>\n<p>Shopping und Genussmeile, Kinderprogramm und Abend-Events<\/p>\n<p>\n                Empfohlener redaktioneller Inhalt\n            <\/p>\n<p>\n                Wir bieten an dieser Stelle weitere externe Informationen zu dem Artikel an. Mit einem Klick k\u00f6nnen Sie sich diese anzeigen lassen und auch wieder ausblenden.\n            <\/p>\n<p>\n                Wenn Sie sich externe Inhalte anzeigen lassen, erkl\u00e4ren Sie sich damit<br \/>\n                ein-verstanden, dass personenbezogene Daten an Drittplattformen<br \/>\n                \u00fcbermittelt werden.\n            <\/p>\n<p>                Weitere Hinweise dazu finden Sie in unserer<br \/>\n                <a href=\"\" class=\"nw-text-red-0\">Datenschutzerkl\u00e4rung.<\/a><\/p>\n<p id=\"absatz8\" class=\"em_text\">Nicht nur der Sport sorgt f\u00fcr Abwechslung. Eine gro\u00dfe Einkaufs- und Genussmeile l\u00e4dt mit Outlet-Angeboten, Wohn- und Lifestyleartikeln sowie Ausstellungen rund um Fahrzeuge und Gartenm\u00f6bel zum gem\u00fctlichen Bummeln ein. Auch kulinarisch ist viel geboten, denn verschiedene Speisen- und Getr\u00e4nkest\u00e4nde bieten f\u00fcr jeden Geschmack etwas. \u201eDie Einkaufsmeile haben wir wieder erweitert und wir haben einige neue Angebote\u201c, so Brinkmann.<\/p>\n<p id=\"absatz9\" class=\"em_text\">F\u00fcr die j\u00fcngsten G\u00e4ste stellt Kerstin Maubach ein buntes Kinderprogramm auf die Beine, das kleinen Pferdefans viel Freude bereitet. Die Abendveranstaltungen setzen zus\u00e4tzliche Highlights: Beim \u201eChill &amp; Grill\u201c am Freitag erwartet die G\u00e4ste ein stimmungsvoller BBQ-Abend mit Musik von DJ Mino. Am Samstag folgt der \u201eAbend der Vereine\u201c mit dem beliebten Showformat \u201eJump &amp; Drive\u201c und einer neuen gro\u00dfen Turnierparty, bei der DJ Mino und Saxophonist Dick B\u00f6mer f\u00fcr beste Stimmung sorgen. So verbinden die May Days 2026 erneut Spitzensport, Shopping, Genuss und geselliges Beisammensein.<\/p>\n<p id=\"absatz10\"><b class=\"bold\">\ud83d\udc0e \u00dcbersicht:<\/b> <a href=\"https:\/\/www.nw.de\/lokal\/kreis_herford\/herford\/24043925_Die-wichtigsten-Reitturniere-fuer-den-Kreis-Herford-in-diesem-Jahr.html\" rel=\"noopener nofollow\" target=\"_blank\">Die wichtigsten Reitturniere f\u00fcr den Kreis Herford in diesem Jahr<\/a> <\/p>\n","protected":false},"excerpt":{"rendered":"Herford. Vom 14. bis 17. Mai, dem Christi-Himmelfahrt-Wochenende, laden die May Days auf die Reitanlage des Stalls Brinkmann&hellip;\n","protected":false},"author":2,"featured_media":963291,"comment_status":"","ping_status":"","sticky":false,"template":"","format":"standard","meta":{"footnotes":"","_share_on_mastodon":"0"},"categories":[1841],"tags":[1605,209332,102818,3364,29,23308,553,30,209331,16398,26269,731,1611,1608,198343,736,164252,7774,1613,1209,68712,139311],"class_list":["post-963290","post","type-post","status-publish","format-standard","has-post-thumbnail","category-bielefeld","tag-bielefeld","tag-bundeschampionat","tag-cnt_aufmacher","tag-de","tag-deutschland","tag-ernst-brinkmann","tag-familie","tag-germany","tag-geselligkeit","tag-herford","tag-label_2-zuweisung","tag-label_cm-ok","tag-label_informiere-mich","tag-label_top-news","tag-meta_artikelklasse_aboanker","tag-meta_copyrights_nw","tag-meta_eo_zusammenfassung","tag-meta_themen_sport","tag-meta_userneeds_informieremich","tag-nordrhein-westfalen","tag-reitanlage","tag-thorsten-brinkmann"],"share_on_mastodon":{"url":"https:\/\/pubeurope.com\/@de\/116445465004656889","error":""},"_links":{"self":[{"href":"https:\/\/www.europesays.com\/de\/wp-json\/wp\/v2\/posts\/963290","targetHints":{"allow":["GET"]}}],"collection":[{"href":"https:\/\/www.europesays.com\/de\/wp-json\/wp\/v2\/posts"}],"about":[{"href":"https:\/\/www.europesays.com\/de\/wp-json\/wp\/v2\/types\/post"}],"author":[{"embeddable":true,"href":"https:\/\/www.europesays.com\/de\/wp-json\/wp\/v2\/users\/2"}],"replies":[{"embeddable":true,"href":"https:\/\/www.europesays.com\/de\/wp-json\/wp\/v2\/comments?post=963290"}],"version-history":[{"count":0,"href":"https:\/\/www.europesays.com\/de\/wp-json\/wp\/v2\/posts\/963290\/revisions"}],"wp:featuredmedia":[{"embeddable":true,"href":"https:\/\/www.europesays.com\/de\/wp-json\/wp\/v2\/media\/963291"}],"wp:attachment":[{"href":"https:\/\/www.europesays.com\/de\/wp-json\/wp\/v2\/media?parent=963290"}],"wp:term":[{"taxonomy":"category","embeddable":true,"href":"https:\/\/www.europesays.com\/de\/wp-json\/wp\/v2\/categories?post=963290"},{"taxonomy":"post_tag","embeddable":true,"href":"https:\/\/www.europesays.com\/de\/wp-json\/wp\/v2\/tags?post=963290"}],"curies":[{"name":"wp","href":"https:\/\/api.w.org\/{rel}","templated":true}]}}