{"id":963345,"date":"2026-04-22T00:41:27","date_gmt":"2026-04-22T00:41:27","guid":{"rendered":"https:\/\/www.europesays.com\/de\/963345\/"},"modified":"2026-04-22T00:41:27","modified_gmt":"2026-04-22T00:41:27","slug":"nach-streit-von-auto-in-dortmund-ueberrollt-53-jaehriger-tot","status":"publish","type":"post","link":"https:\/\/www.europesays.com\/de\/963345\/","title":{"rendered":"Nach Streit von Auto in Dortmund \u00fcberrollt &#8211; 53-J\u00e4hriger tot"},"content":{"rendered":"<p>Bei einem Streit in Dortmund st\u00fcrzt ein Mann auf die Stra\u00dfe und wird von einem Auto erfasst. Jetzt ist er im Krankenhaus verstorben.<\/p>\n<p>Dortmund (dpa) &#8211; Der Mann, der bei einer Schl\u00e4gerei in Dortmund auf eine Stra\u00dfe gest\u00fcrzt ist und dort von einem Auto \u00fcberrollt wurde, ist tot. Der 53-J\u00e4hrige sei nach dem Vorfall vom Sonntag am Montag im Krankenhaus an seinen schweren Verletzungen gestorben, teilte die Polizei mit. Die \u00d6ffentlichkeitsfahndung nach den fl\u00fcchtigen Tatverd\u00e4chtigen laufe weiter.<\/p>\n<p class=\"contextmenu caption\">Wagen kann nicht mehr ausweichen<\/p>\n<p>Nach ersten Erkenntnissen gerieten am Nachmittag zwei M\u00e4nner im Stadtteil Hafen aneinander. Dabei habe einer der M\u00e4nner auf den anderen eingeschlagen, sodass dieser auf die Fahrbahn gest\u00fcrzt sei. Ein Fahrzeug habe nicht mehr ausweichen k\u00f6nnen und den Mann \u00fcberrollt. <\/p>\n<p>Der mutma\u00dfliche T\u00e4ter sei anschlie\u00dfend zusammen mit einem weiteren Mann in Richtung Dortmunder Hafen beziehungsweise Bl\u00fccherpark gefl\u00fcchtet. Auch der Autofahrer, der den Mann mit seinem Wagen \u00fcberrollt hatte, sei vom Unfallort geflohen. Zuerst hatten die &#8222;Ruhr Nachrichten&#8220; \u00fcber den Tod des Mannes berichtet. <\/p>\n<p>Texte und Fotos von die-glocke.de sind urheberrechtlich gesch\u00fctzt.<br \/>\n            Weiterverwendung nur mit Genehmigung der Chefredaktion.<\/p>\n","protected":false},"excerpt":{"rendered":"Bei einem Streit in Dortmund st\u00fcrzt ein Mann auf die Stra\u00dfe und wird von einem Auto erfasst. Jetzt&hellip;\n","protected":false},"author":2,"featured_media":963346,"comment_status":"","ping_status":"","sticky":false,"template":"","format":"standard","meta":{"footnotes":"","_share_on_mastodon":"0"},"categories":[1833],"tags":[3364,29,217,30,1209,2127,17692],"class_list":["post-963345","post","type-post","status-publish","format-standard","has-post-thumbnail","category-dortmund","tag-de","tag-deutschland","tag-dortmund","tag-germany","tag-nordrhein-westfalen","tag-streit","tag-sturz"],"share_on_mastodon":{"url":"https:\/\/pubeurope.com\/@de\/116445583173002485","error":""},"_links":{"self":[{"href":"https:\/\/www.europesays.com\/de\/wp-json\/wp\/v2\/posts\/963345","targetHints":{"allow":["GET"]}}],"collection":[{"href":"https:\/\/www.europesays.com\/de\/wp-json\/wp\/v2\/posts"}],"about":[{"href":"https:\/\/www.europesays.com\/de\/wp-json\/wp\/v2\/types\/post"}],"author":[{"embeddable":true,"href":"https:\/\/www.europesays.com\/de\/wp-json\/wp\/v2\/users\/2"}],"replies":[{"embeddable":true,"href":"https:\/\/www.europesays.com\/de\/wp-json\/wp\/v2\/comments?post=963345"}],"version-history":[{"count":0,"href":"https:\/\/www.europesays.com\/de\/wp-json\/wp\/v2\/posts\/963345\/revisions"}],"wp:featuredmedia":[{"embeddable":true,"href":"https:\/\/www.europesays.com\/de\/wp-json\/wp\/v2\/media\/963346"}],"wp:attachment":[{"href":"https:\/\/www.europesays.com\/de\/wp-json\/wp\/v2\/media?parent=963345"}],"wp:term":[{"taxonomy":"category","embeddable":true,"href":"https:\/\/www.europesays.com\/de\/wp-json\/wp\/v2\/categories?post=963345"},{"taxonomy":"post_tag","embeddable":true,"href":"https:\/\/www.europesays.com\/de\/wp-json\/wp\/v2\/tags?post=963345"}],"curies":[{"name":"wp","href":"https:\/\/api.w.org\/{rel}","templated":true}]}}