{"id":963370,"date":"2026-04-22T00:54:14","date_gmt":"2026-04-22T00:54:14","guid":{"rendered":"https:\/\/www.europesays.com\/de\/963370\/"},"modified":"2026-04-22T00:54:14","modified_gmt":"2026-04-22T00:54:14","slug":"block-prozess-diese-ermittlungen-waren-auf-einem-auge-blind","status":"publish","type":"post","link":"https:\/\/www.europesays.com\/de\/963370\/","title":{"rendered":"Block-Prozess: \u201eDiese Ermittlungen waren auf einem Auge blind\u201c"},"content":{"rendered":"<p class=\"is-first-paragraph\" data-external=\"Article.FirstParagraph\">Im Prozess um die Entf\u00fchrung der Block-Kinder hat der Verteidiger der angeklagten Mutter kritisiert, die Ermittlungen in dem Fall seien zu einseitig gef\u00fchrt worden. \u201eDiese Ermittlungen waren auf einem Auge blind\u201c, sagte Anwalt Ingo Bott, der am 45. Verhandlungstag die Hauptermittlungsf\u00fchrerin der Hamburger Polizei im Landgericht stundenlang befragte. Die Staatsanwaltschaft wies Botts Vorwurf zur\u00fcck.<\/p>\n<p>Die Hamburger Unternehmerin Christina Block ist angeklagt, eine israelische Sicherheitsfirma damit beauftragt zu haben, ihren damals zehnj\u00e4hrigen Sohn und die 13 Jahre alte Tochter in der Silvesternacht 2023\/24 vom Wohnort ihres Ex-Manns in D\u00e4nemark nach Deutschland zu entf\u00fchren. Die Tochter des Gr\u00fcnders der Steakhaus-Kette \u201eBlock House\u201c, Eugen Block, beteuert ihre Unschuld.<\/p>\n<p>Die Ermittlungen seien zu sehr vorgepr\u00e4gt gewesen von den Darstellungen des Ex-Mannes Stephan Hensel und seiner neuen Ehefrau, monierte Bott. Telefonate mit den beiden seien beispielsweise \u201eim Doppelpack\u201c gef\u00fchrt worden. Hensel habe die Polizistin m\u00f6glicherweise \u201eum den Finger gewickelt\u201c.<\/p>\n<p>Die Ermittlerin erkl\u00e4rte in ihrer Zeugenaussage, nicht jedes Telefonat sei eine Vernehmung. \u201eEr war Gesch\u00e4digter in einem Strafverfahren und ich war immer ansprechbar f\u00fcr ihn\u201c, sagte die 44-J\u00e4hrige. In den Jahren zuvor h\u00e4tte sie auch f\u00fcr Frau Block ein offenes Ohr gehabt. \u201eAber sie wollte nicht mit mir sprechen.\u201c<\/p>\n<p>Zeugin war auch mit fr\u00fcheren Verfahren befasst<\/p>\n<p>Die Kriminalbeamtin war auch mit fr\u00fcheren Verfahren, die die Vorgeschichte dieses Falls betreffen, befasst. Der Vater hatte die beiden j\u00fcngsten Kinder nach einem Wochenendbesuch im August 2021 nicht wie vereinbart zur Mutter zur\u00fcckgebracht. Er erhob Gewaltvorw\u00fcrfe gegen seine Ex-Frau, die diese bestreitet. Die Polizistin berichtete, Hensel habe ihr danach immer wieder Unterlagen zu dem Sorgerechtsstreit geschickt.<\/p>\n<p>Die Staatsanwaltschaft betonte, die Polizei habe alles getan, was notwendig sei. Die Ereignisse im August 2021 und in der Silvesternacht 2023\/24 seien nicht miteinander zu vergleichen. Es sei doch klar, dass in einem \u201ederart au\u00dfergew\u00f6hnlichen Fall\u201c, bei dem Kinder gegen ihren Willen mit Gewalt nach Deutschland gebracht worden seien, anders ermittelt werde.<\/p>\n<p>Immer wieder ging es bei der Befragung der Zeugin nur langsam voran, weil \u00fcber die Zul\u00e4ssigkeit vieler Fragen des Verteidigers Bott gestritten wurde. Die Kriminalbeamtin erl\u00e4uterte, ihre Aussagegenehmigung beziehe sich aktuell nur auf diesen konkreten Fall \u2013 Bott wollte aber sehr viel zu den fr\u00fcheren Verfahren wissen. Mehrmals ermahnte ihn die Vorsitzende Richterin Isabel Hildebrandt. \u201eWir verhandeln hier das Ereignis in der Silvesternacht\u201c, sagte sie.<\/p>\n","protected":false},"excerpt":{"rendered":"Im Prozess um die Entf\u00fchrung der Block-Kinder hat der Verteidiger der angeklagten Mutter kritisiert, die Ermittlungen in dem&hellip;\n","protected":false},"author":2,"featured_media":963371,"comment_status":"","ping_status":"","sticky":false,"template":"","format":"standard","meta":{"footnotes":"","_share_on_mastodon":"0"},"categories":[1826],"tags":[39334,7038,77899,1160,29,10792,30,692,8923,45],"class_list":["post-963370","post","type-post","status-publish","format-standard","has-post-thumbnail","category-hamburg","tag-block","tag-block-house","tag-christina-tochter","tag-daenemark","tag-deutschland","tag-eugen","tag-germany","tag-hamburg","tag-lauterbach-joern","tag-texttospeech"],"share_on_mastodon":{"url":"https:\/\/pubeurope.com\/@de\/116445634072906416","error":""},"_links":{"self":[{"href":"https:\/\/www.europesays.com\/de\/wp-json\/wp\/v2\/posts\/963370","targetHints":{"allow":["GET"]}}],"collection":[{"href":"https:\/\/www.europesays.com\/de\/wp-json\/wp\/v2\/posts"}],"about":[{"href":"https:\/\/www.europesays.com\/de\/wp-json\/wp\/v2\/types\/post"}],"author":[{"embeddable":true,"href":"https:\/\/www.europesays.com\/de\/wp-json\/wp\/v2\/users\/2"}],"replies":[{"embeddable":true,"href":"https:\/\/www.europesays.com\/de\/wp-json\/wp\/v2\/comments?post=963370"}],"version-history":[{"count":0,"href":"https:\/\/www.europesays.com\/de\/wp-json\/wp\/v2\/posts\/963370\/revisions"}],"wp:featuredmedia":[{"embeddable":true,"href":"https:\/\/www.europesays.com\/de\/wp-json\/wp\/v2\/media\/963371"}],"wp:attachment":[{"href":"https:\/\/www.europesays.com\/de\/wp-json\/wp\/v2\/media?parent=963370"}],"wp:term":[{"taxonomy":"category","embeddable":true,"href":"https:\/\/www.europesays.com\/de\/wp-json\/wp\/v2\/categories?post=963370"},{"taxonomy":"post_tag","embeddable":true,"href":"https:\/\/www.europesays.com\/de\/wp-json\/wp\/v2\/tags?post=963370"}],"curies":[{"name":"wp","href":"https:\/\/api.w.org\/{rel}","templated":true}]}}