{"id":963702,"date":"2026-04-22T04:09:13","date_gmt":"2026-04-22T04:09:13","guid":{"rendered":"https:\/\/www.europesays.com\/de\/963702\/"},"modified":"2026-04-22T04:09:13","modified_gmt":"2026-04-22T04:09:13","slug":"borussia-moenchengladbach-auch-tim-kleindienst-setzt-auf-robin-hack-sport","status":"publish","type":"post","link":"https:\/\/www.europesays.com\/de\/963702\/","title":{"rendered":"Borussia M\u00f6nchengladbach: Auch Tim Kleindienst setzt auf Robin Hack! | Sport"},"content":{"rendered":"<p><a class=\"skip-content skip-content--link\" href=\"#in-content-skip-link-target-v-0-0\">TTS-Player \u00fcberspringen\u21b5<\/a><a id=\"in-content-skip-link-target-v-0-0\" class=\"skip-content--target-link-hidden skip-content skip-content--target-link\" href=\"#in-content-skip-link-target-v-0-0\">Artikel weiterlesen<\/a><\/p>\n<p><b>Es ist (noch) nicht die Saison von Robin Hack (27)! Nur an den ersten drei Spieltagen stand der Offensiv-Wirbler in der Gladbacher Startformation \u2013 danach legte ihn eine Meniskus-Operation flach. Nach einem Kurzeinsatz am 22. November 2025 beim 3:0 in Heidenheim gab es einen R\u00fcckschlag, Hack musste erneut monatelang pausieren. Sonntag beim 1:1 gegen Mainz stand der Fohlen-Profi endlich wieder im 20er-Kader, kam aber trotz f\u00fcnf Einwechslungen noch nicht zum Zug.<\/b><\/p>\n<p>Vor der Partie hatte Hack riesige Vorfreude, bald wieder in der Bundesliga auf dem Rasen zu stehen, und sagte nach seiner Ankunft am Borussia-Park bei \u201eDAZN\u201c: \u201eIch kann es gar nicht beschreiben. Ich bin einfach froh, wieder hier zu sein, hier in dem Stadion spielen zu d\u00fcrfen und gesund zu sein. Wenn mich der Trainer braucht und hereinbringt, bin ich da. Ich gebe immer 100 Prozent. Ich bin einfach sehr, sehr gl\u00fccklich, dass ich wieder gesund bin, dass ich Fu\u00dfball spielen kann.\u201c F\u00fcr einen Einsatz reichte es gegen Mainz zwar noch nicht \u2013 das kann sich aber bereits Samstag (15.30 Uhr\/Sky) im Keller-Duell beim VfL Wolfsburg \u00e4ndern.<\/p>\n<p>\u201eHacki kann ein guter Faktor werden\u201c<\/p>\n<p>Sein Sturmkollege Tim Kleindienst (30), der einen \u00e4hnlichen Leidensweg wie Hack hinter sich hat, aber noch nicht zur\u00fcck im Mannschaftstraining ist, fiebert einem Hack-Comeback in der <a href=\"https:\/\/www.bild.de\/sport\/fussball\/bundesliga\/bundesliga-startseite-52368768.bild.html\" class=\"text-link\" rel=\"nofollow noopener\" target=\"_blank\">Bundesliga<\/a> auf jeden Fall schon entgegen. <a href=\"https:\/\/www.bild.de\/sport\/fussball\/borussia-moenchengladbach\/startseite-borussia-moenchengladbach-31074418.bild.html\" class=\"text-link\" rel=\"nofollow noopener\" target=\"_blank\">Gladbach<\/a>-Kapit\u00e4n Kleindienst ebenfalls bei \u201eDAZN\u201c: \u201eHacki hat auch eine nicht ganz so geile Zeit hinter sich, er hatte auch mit R\u00fcckschl\u00e4gen zu k\u00e4mpfen. \u00c4hnlich wie bei mir. Ich glaube, er kann f\u00fcr uns ein guter Faktor werden, gerade von der Bank. Er hat so ein bisschen dieses Unbeschwerte, er kann mit seinen Dribblings viele Strafraumszenen erzeugen. Er macht sich vielleicht nicht immer die meisten Gedanken bei dem, was er tut. Und das ist nun mal sehr positiv f\u00fcr einen Offensivspieler.\u201c<\/p>\n","protected":false},"excerpt":{"rendered":"TTS-Player \u00fcberspringen\u21b5Artikel weiterlesen Es ist (noch) nicht die Saison von Robin Hack (27)! Nur an den ersten drei&hellip;\n","protected":false},"author":2,"featured_media":963703,"comment_status":"","ping_status":"","sticky":false,"template":"","format":"standard","meta":{"footnotes":"","_share_on_mastodon":"0"},"categories":[1849],"tags":[815,3364,29,538,548,663,3934,30,30782,13,18029,4455,14,15,1209,12,819,45],"class_list":["post-963702","post","type-post","status-publish","format-standard","has-post-thumbnail","category-moenchengladbach","tag-borussia-moenchengladbach","tag-de","tag-deutschland","tag-erste-bundesliga","tag-eu","tag-europa","tag-europe","tag-germany","tag-hack-robin","tag-headlines","tag-kleindienst-tim","tag-moenchengladbach","tag-nachrichten","tag-news","tag-nordrhein-westfalen","tag-schlagzeilen","tag-sport-leuchtturm-essen","tag-texttospeech"],"share_on_mastodon":{"url":"https:\/\/pubeurope.com\/@de\/116446400818701529","error":""},"_links":{"self":[{"href":"https:\/\/www.europesays.com\/de\/wp-json\/wp\/v2\/posts\/963702","targetHints":{"allow":["GET"]}}],"collection":[{"href":"https:\/\/www.europesays.com\/de\/wp-json\/wp\/v2\/posts"}],"about":[{"href":"https:\/\/www.europesays.com\/de\/wp-json\/wp\/v2\/types\/post"}],"author":[{"embeddable":true,"href":"https:\/\/www.europesays.com\/de\/wp-json\/wp\/v2\/users\/2"}],"replies":[{"embeddable":true,"href":"https:\/\/www.europesays.com\/de\/wp-json\/wp\/v2\/comments?post=963702"}],"version-history":[{"count":0,"href":"https:\/\/www.europesays.com\/de\/wp-json\/wp\/v2\/posts\/963702\/revisions"}],"wp:featuredmedia":[{"embeddable":true,"href":"https:\/\/www.europesays.com\/de\/wp-json\/wp\/v2\/media\/963703"}],"wp:attachment":[{"href":"https:\/\/www.europesays.com\/de\/wp-json\/wp\/v2\/media?parent=963702"}],"wp:term":[{"taxonomy":"category","embeddable":true,"href":"https:\/\/www.europesays.com\/de\/wp-json\/wp\/v2\/categories?post=963702"},{"taxonomy":"post_tag","embeddable":true,"href":"https:\/\/www.europesays.com\/de\/wp-json\/wp\/v2\/tags?post=963702"}],"curies":[{"name":"wp","href":"https:\/\/api.w.org\/{rel}","templated":true}]}}