{"id":963935,"date":"2026-04-22T06:25:17","date_gmt":"2026-04-22T06:25:17","guid":{"rendered":"https:\/\/www.europesays.com\/de\/963935\/"},"modified":"2026-04-22T06:25:17","modified_gmt":"2026-04-22T06:25:17","slug":"unfallflucht-tunnel-gesperrt-fahrer-fluechtet-nach-schranken-crash","status":"publish","type":"post","link":"https:\/\/www.europesays.com\/de\/963935\/","title":{"rendered":"Unfallflucht: Tunnel gesperrt: Fahrer fl\u00fcchtet nach Schranken-Crash"},"content":{"rendered":"<p class=\"mb-6 text-xs md:text-m lg:text-l font-serif group-[.font-sans]:font-sans \">\n    Innerhalb von zwei Stunden haben drei Lastwagen in der Nacht eine H\u00f6henkontrolle vor Tunneln in <a href=\"https:\/\/www.augsburger-allgemeine.de\/orte\/aa-muenchen\" target=\"_self\" class=\"underline \" rel=\"nofollow noopener\">M\u00fcnchen<\/a> ausgel\u00f6st. Als sich die Schranken vor einem Tunnel gerade schlossen, habe zudem ein weiterer Lastwagen vor den Augen der Beamten versucht, noch schnell an der Sperre vorbeizukommen, teilte die Polizei mit. Dabei habe er mit seinem Fahrzeug eine der beiden Schranken ber\u00fchrt und sei gefl\u00fcchtet, ohne sich um den entstandenen Schaden zu k\u00fcmmern.\n  <\/p>\n<p class=\"mb-6 text-xs md:text-m lg:text-l font-serif group-[.font-sans]:font-sans \">\n    Da die Beamten den Angaben zufolge mit der Kontrolle eines Lastwagens besch\u00e4ftigt waren, mussten sie den Fahrer entkommen lassen. Er soll nun mit Hilfe von Videoaufnahmen im Tunnel ausfindig gemacht werden.\n  <\/p>\n<p class=\"mb-6 text-xs md:text-m lg:text-l font-serif group-[.font-sans]:font-sans \">\n    Laut dem Allgemeinen Deutschen Automobil-Club (ADAC) gibt es vor vielen Tunneln in Deutschland automatische H\u00f6henmessanlagen. Bei zu hohen Fahrzeugen wird per Ampelschaltung die Einfahrt in den Tunnel gesperrt. So k\u00f6nnen laut ADAC Besch\u00e4digungen der Tunnel und gef\u00e4hrliche Verkehrssituationen verhindert werden.\n  <\/p>\n<ul data-module-id=\"DragDropModule\" class=\"flex flex-wrap justify-start group-[.no-bookmarks]:hidden\">\n<li class=\"mb-3 mr-3\">\n    Tunnel<\/p>\n<p>      Icon Haken im Kreis gesetzt<\/p>\n<p>      Icon Plus im Kreis<\/p>\n<\/li>\n<li class=\"mb-3 mr-3\">\n    H\u00f6henkontrolle<\/p>\n<p>      Icon Haken im Kreis gesetzt<\/p>\n<p>      Icon Plus im Kreis<\/p>\n<\/li>\n<li class=\"mb-3 mr-3\">\n    Schranke<\/p>\n<p>      Icon Haken im Kreis gesetzt<\/p>\n<p>      Icon Plus im Kreis<\/p>\n<\/li>\n<\/ul>\n","protected":false},"excerpt":{"rendered":"Innerhalb von zwei Stunden haben drei Lastwagen in der Nacht eine H\u00f6henkontrolle vor Tunneln in M\u00fcnchen ausgel\u00f6st. Als&hellip;\n","protected":false},"author":2,"featured_media":963936,"comment_status":"","ping_status":"","sticky":false,"template":"","format":"standard","meta":{"footnotes":"","_share_on_mastodon":"0"},"categories":[1827],"tags":[4074,772,29,514,30,209462,1268,121,66871,4733,9426],"class_list":["post-963935","post","type-post","status-publish","format-standard","has-post-thumbnail","category-muenchen","tag-adac","tag-bayern","tag-deutschland","tag-fahrzeug","tag-germany","tag-hoehenkontrolle","tag-muenchen","tag-polizei","tag-schranke","tag-tunnel","tag-zusammenstoss"],"share_on_mastodon":{"url":"https:\/\/pubeurope.com\/@de\/116446935839357816","error":""},"_links":{"self":[{"href":"https:\/\/www.europesays.com\/de\/wp-json\/wp\/v2\/posts\/963935","targetHints":{"allow":["GET"]}}],"collection":[{"href":"https:\/\/www.europesays.com\/de\/wp-json\/wp\/v2\/posts"}],"about":[{"href":"https:\/\/www.europesays.com\/de\/wp-json\/wp\/v2\/types\/post"}],"author":[{"embeddable":true,"href":"https:\/\/www.europesays.com\/de\/wp-json\/wp\/v2\/users\/2"}],"replies":[{"embeddable":true,"href":"https:\/\/www.europesays.com\/de\/wp-json\/wp\/v2\/comments?post=963935"}],"version-history":[{"count":0,"href":"https:\/\/www.europesays.com\/de\/wp-json\/wp\/v2\/posts\/963935\/revisions"}],"wp:featuredmedia":[{"embeddable":true,"href":"https:\/\/www.europesays.com\/de\/wp-json\/wp\/v2\/media\/963936"}],"wp:attachment":[{"href":"https:\/\/www.europesays.com\/de\/wp-json\/wp\/v2\/media?parent=963935"}],"wp:term":[{"taxonomy":"category","embeddable":true,"href":"https:\/\/www.europesays.com\/de\/wp-json\/wp\/v2\/categories?post=963935"},{"taxonomy":"post_tag","embeddable":true,"href":"https:\/\/www.europesays.com\/de\/wp-json\/wp\/v2\/tags?post=963935"}],"curies":[{"name":"wp","href":"https:\/\/api.w.org\/{rel}","templated":true}]}}