{"id":964021,"date":"2026-04-22T07:16:16","date_gmt":"2026-04-22T07:16:16","guid":{"rendered":"https:\/\/www.europesays.com\/de\/964021\/"},"modified":"2026-04-22T07:16:16","modified_gmt":"2026-04-22T07:16:16","slug":"europe-today-bettel-und-marin-exklusiv-bei-euronews-ungarns-ukraine-kreditveto-vor-dem-aus-2","status":"publish","type":"post","link":"https:\/\/www.europesays.com\/de\/964021\/","title":{"rendered":"Europe Today: Bettel und Marin exklusiv bei Euronews, Ungarns Ukraine-Kreditveto vor dem Aus"},"content":{"rendered":"<p class=\"mb-4 text-lg md:leading-8 break-words\"><strong>In der heutigen Sendung mit Moderatorin Mared Gwyn:<\/strong><\/p>\n<p class=\"mb-4 text-lg md:leading-8 break-words\">Top-Thema: Euronews-Korrespondent <strong>S\u00e1ndor Zs\u00edros<\/strong> berichtet \u00fcber die Wiederinbetriebnahme der Druschba-Pipeline durch die Ukraine. Der Schritt kommt rechtzeitig vor einem Treffen der EU-Botschafter noch heute, bei dem Ungarn sein Veto gegen den EU-Kredit \u00fcber 90 Milliarden Euro f\u00fcr die Ukraine aufheben k\u00f6nnte.<\/p>\n<p class=\"mb-4 text-lg md:leading-8 break-words\">Interview mit <strong>Xavier Bettel<\/strong>, Luxemburgs stellvertretendem Premier- und Au\u00dfenminister, und <strong>Sanna Marin<\/strong>, der ehemaligen finnischen Ministerpr\u00e4sidentin.<\/p>\n<p class=\"mb-4 text-lg md:leading-8 break-words\">Euronews-Korrespondentin <strong>Laila Humairah<\/strong> berichtet \u00fcber die neuesten Entwicklungen im Nahen Osten. Zuvor hat Donald Trump die Waffenruhe zwischen den USA und dem Iran verl\u00e4ngert.<\/p>\n<p class=\"mb-4 text-lg md:leading-8 break-words\">Erkl\u00e4rst\u00fcck von <strong>Jakub Janas<\/strong>: Was bedeutet Spaniens neue gro\u00dfangelegte Legalisierung von Migrantinnen und Migranten?<\/p>\n<p>Wann und wo k\u00f6nnen Sie Europe Today sehen?<\/p>\n<p class=\"mb-4 text-lg md:leading-8 break-words\">Euronews-Chefmoderatorin M\u00e9abh Mc Mahon und unsere EU-Redakteurin Maria Tadeo sind von Montag bis Freitag live im Fernsehen, auf der Euronews-Website und auf unseren digitalen Plattformen zu sehen.<\/p>\n<p class=\"mb-4 text-lg md:leading-8 break-words\">Das neue Format fasst die wichtigsten Ereignisse des Tages zusammen und liefert die entscheidende Analyse zu allen Themen, die die EU und dar\u00fcber hinaus pr\u00e4gen. Es ist auch als Newsletter und Podcast verf\u00fcgbar.<\/p>\n<p class=\"mb-4 text-lg md:leading-8 break-words\">Dieser Text wurde mit Hilfe von k\u00fcnstlicher Intelligenz \u00fcbersetzt. Ein Problem melden : [feedback-articles-de@euronews.com].<\/p>\n","protected":false},"excerpt":{"rendered":"In der heutigen Sendung mit Moderatorin Mared Gwyn: Top-Thema: Euronews-Korrespondent S\u00e1ndor Zs\u00edros berichtet \u00fcber die Wiederinbetriebnahme der Druschba-Pipeline&hellip;\n","protected":false},"author":2,"featured_media":964022,"comment_status":"","ping_status":"","sticky":false,"template":"","format":"standard","meta":{"footnotes":"","_share_on_mastodon":"0"},"categories":[3933],"tags":[331,332,548,209004,663,158,3934,3935,13,14,15,209497,12,317,172721],"class_list":["post-964021","post","type-post","status-publish","format-standard","has-post-thumbnail","category-eu","tag-aktuelle-nachrichten","tag-aktuelle-news","tag-eu","tag-eu-kredit","tag-europa","tag-europaeische-union","tag-europe","tag-european-union","tag-headlines","tag-nachrichten","tag-news","tag-sanna-marin","tag-schlagzeilen","tag-ukraine","tag-xavier-bettel"],"share_on_mastodon":{"url":"https:\/\/pubeurope.com\/@de\/116447136248228411","error":""},"_links":{"self":[{"href":"https:\/\/www.europesays.com\/de\/wp-json\/wp\/v2\/posts\/964021","targetHints":{"allow":["GET"]}}],"collection":[{"href":"https:\/\/www.europesays.com\/de\/wp-json\/wp\/v2\/posts"}],"about":[{"href":"https:\/\/www.europesays.com\/de\/wp-json\/wp\/v2\/types\/post"}],"author":[{"embeddable":true,"href":"https:\/\/www.europesays.com\/de\/wp-json\/wp\/v2\/users\/2"}],"replies":[{"embeddable":true,"href":"https:\/\/www.europesays.com\/de\/wp-json\/wp\/v2\/comments?post=964021"}],"version-history":[{"count":0,"href":"https:\/\/www.europesays.com\/de\/wp-json\/wp\/v2\/posts\/964021\/revisions"}],"wp:featuredmedia":[{"embeddable":true,"href":"https:\/\/www.europesays.com\/de\/wp-json\/wp\/v2\/media\/964022"}],"wp:attachment":[{"href":"https:\/\/www.europesays.com\/de\/wp-json\/wp\/v2\/media?parent=964021"}],"wp:term":[{"taxonomy":"category","embeddable":true,"href":"https:\/\/www.europesays.com\/de\/wp-json\/wp\/v2\/categories?post=964021"},{"taxonomy":"post_tag","embeddable":true,"href":"https:\/\/www.europesays.com\/de\/wp-json\/wp\/v2\/tags?post=964021"}],"curies":[{"name":"wp","href":"https:\/\/api.w.org\/{rel}","templated":true}]}}