{"id":964070,"date":"2026-04-22T07:44:28","date_gmt":"2026-04-22T07:44:28","guid":{"rendered":"https:\/\/www.europesays.com\/de\/964070\/"},"modified":"2026-04-22T07:44:28","modified_gmt":"2026-04-22T07:44:28","slug":"frankfurt-so-erreichen-reisende-terminal-3-am-flughafen-mit-bus-und-bahn","status":"publish","type":"post","link":"https:\/\/www.europesays.com\/de\/964070\/","title":{"rendered":"Frankfurt: So erreichen Reisende Terminal 3 am Flughafen mit Bus und Bahn"},"content":{"rendered":"<p>Flughafen Frankfurt <\/p>\n<p>So kommen Reisende zum neuen Terminal 3<\/p>\n<p>22.04.2026 &#8211; 08:29 UhrLesedauer: 2 Min.<\/p>\n<p><a href=\"#focus-0\" class=\"transition-colors duration-200 block text-current relative\" data-sctrack=\"FocusGalleryImage.Reference\"><img fetchpriority=\"high\" data-testid=\"Opener.Image\" style=\"--lqipURL:url('https:\/\/images.t-online.de\/2026\/04\/UtYdf0U4tlQn\/0x118:2048x1152\/fit-in\/150x0\/filters:blur(25)\/die-neue-sky-line-bahn-verbindet-terminal-3-mit-terminal-1-archivbild.jpg')\"   loading=\"eager\" src=\"https:\/\/www.europesays.com\/de\/wp-content\/uploads\/2026\/04\/die-neue-sky-line-bahn-verbindet-terminal-3-mit-terminal-1-archivbild.jpg\" alt=\"Vorstellung der Sky Line-Bahn\" title=\"Vorstellung der Sky Line-Bahn\" width=\"2048\" height=\"1152\" class=\"bg-[url:var(--lqipURL)] bg-cover bg-center flex h-full w-full max-w-full\" decoding=\"async\"\/><img style=\"--width:32;--height:32\" loading=\"lazy\" src=\"https:\/\/frankfurt.t-online.de\/s\/paper\/_next\/static\/media\/zoom-in.f7dae02f.svg\" alt=\"Vergr\u00f6\u00dfern des Bildes\" title=\"Vergr\u00f6\u00dfern des Bildes\" class=\"block h-[calc(var(--height)_\/_16_*_1rem)] w-[calc(var(--width)_\/_16_*_1rem)] max-w-none absolute bottom-8 right-8 rounded-4 bg-snow p-8\" decoding=\"async\"\/><\/a><\/p>\n<p>Die neue Sky Line-Bahn (Archivbild): Sie verbindet Terminal 3 mit Terminal 1. (Quelle: Hannes P. Albert\/dpa\/dpa-bilder)<\/p>\n<p class=\"font-bold text-18 leading-17 user-text-lg:text-22 user-text-xl:text-24\">Neues Terminal, neue Wege: Am Frankfurter Flughafen startet Terminal 3. F\u00fcr viele Reisende hei\u00dft das k\u00fcnftig: Ein langer Umstieg steht bevor. So funktioniert es.<\/p>\n<p class=\"text-18 leading-17 user-text-lg:text-22 user-text-xl:text-24\">F\u00fcr Passagiere hei\u00dft das: Ein genauer Blick aufs Ticket wird wichtiger. Fl\u00fcge starten k\u00fcnftig je nach Airline von unterschiedlichen Terminals. Im Terminal 3 geht es \u00fcber die Flugsteige G, H und J. Lufthansa und ihre Partner der Star Alliance bleiben im Terminal 1. Condor zieht erst im Sommer 2027 um.<\/p>\n<p class=\"text-18 leading-17 user-text-lg:text-22 user-text-xl:text-24\">Die vollautomatische Bahn f\u00e4hrt \u00fcber eine Strecke von 5,6 Kilometern und ben\u00f6tigt rund acht Minuten. Pro Stunde k\u00f6nnen bis zu 4.000 Fahrg\u00e4ste transportiert werden. F\u00fcr die meisten Reisenden aus Frankfurt und der Region d\u00fcrfte der Weg daher so aussehen: mit der Bahn zum Terminal 1 \u2013 dann weiter mit der Sky Line.<\/p>\n<p class=\"text-18 leading-17 user-text-lg:text-22 user-text-xl:text-24\">Erg\u00e4nzend fahren mehrere Buslinien das Terminal 3 an, darunter die Expresslinie X77 sowie Verbindungen aus Richtung Darmstadt, Neu-Isenburg und Gro\u00df-Gerau. Sie binden vor allem den S\u00fcden des Rhein-Main-Gebiets direkt an.<\/p>\n<p class=\"text-18 leading-17 user-text-lg:text-22 user-text-xl:text-24\">Auch mit dem Auto ist das Terminal erreichbar: Es liegt an einer eigenen Anschlussstelle der Autobahn A5. Das Parkhaus am Terminal mit mehr als 8.000 Stellpl\u00e4tzen geh\u00f6rt zu den gr\u00f6\u00dften Europas.<\/p>\n<p class=\"text-18 leading-17 user-text-lg:text-22 user-text-xl:text-24\">Wer in Frankfurt umsteigen muss, sollte mehr Zeit einplanen. Die Gep\u00e4cksysteme der Terminals im Norden und S\u00fcden sind nicht miteinander verbunden, Koffer werden separat transportiert. F\u00fcr den Wechsel zwischen den Terminals nutzen Passagiere in der Regel ebenfalls die Sky Line.<\/p>\n","protected":false},"excerpt":{"rendered":"Flughafen Frankfurt So kommen Reisende zum neuen Terminal 3 22.04.2026 &#8211; 08:29 UhrLesedauer: 2 Min. Die neue Sky&hellip;\n","protected":false},"author":2,"featured_media":964071,"comment_status":"","ping_status":"","sticky":false,"template":"","format":"standard","meta":{"footnotes":"","_share_on_mastodon":"0"},"categories":[1829],"tags":[722,3091,1624,44756,29,2109,3089,2050,2051,30,2052,2108,208696,26355,5111],"class_list":["post-964070","post","type-post","status-publish","format-standard","has-post-thumbnail","category-frankfurt-am-main","tag-722","tag-airline","tag-asien","tag-condor-flugdienst","tag-deutschland","tag-flughafen","tag-flughafen-frankfurt","tag-frankfurt","tag-frankfurt-am-main","tag-germany","tag-hessen","tag-lufthansa","tag-staralliance","tag-terminal","tag-umstieg"],"share_on_mastodon":{"url":"https:\/\/pubeurope.com\/@de\/116447246382573955","error":""},"_links":{"self":[{"href":"https:\/\/www.europesays.com\/de\/wp-json\/wp\/v2\/posts\/964070","targetHints":{"allow":["GET"]}}],"collection":[{"href":"https:\/\/www.europesays.com\/de\/wp-json\/wp\/v2\/posts"}],"about":[{"href":"https:\/\/www.europesays.com\/de\/wp-json\/wp\/v2\/types\/post"}],"author":[{"embeddable":true,"href":"https:\/\/www.europesays.com\/de\/wp-json\/wp\/v2\/users\/2"}],"replies":[{"embeddable":true,"href":"https:\/\/www.europesays.com\/de\/wp-json\/wp\/v2\/comments?post=964070"}],"version-history":[{"count":0,"href":"https:\/\/www.europesays.com\/de\/wp-json\/wp\/v2\/posts\/964070\/revisions"}],"wp:featuredmedia":[{"embeddable":true,"href":"https:\/\/www.europesays.com\/de\/wp-json\/wp\/v2\/media\/964071"}],"wp:attachment":[{"href":"https:\/\/www.europesays.com\/de\/wp-json\/wp\/v2\/media?parent=964070"}],"wp:term":[{"taxonomy":"category","embeddable":true,"href":"https:\/\/www.europesays.com\/de\/wp-json\/wp\/v2\/categories?post=964070"},{"taxonomy":"post_tag","embeddable":true,"href":"https:\/\/www.europesays.com\/de\/wp-json\/wp\/v2\/tags?post=964070"}],"curies":[{"name":"wp","href":"https:\/\/api.w.org\/{rel}","templated":true}]}}