{"id":964091,"date":"2026-04-22T07:55:15","date_gmt":"2026-04-22T07:55:15","guid":{"rendered":"https:\/\/www.europesays.com\/de\/964091\/"},"modified":"2026-04-22T07:55:15","modified_gmt":"2026-04-22T07:55:15","slug":"berlin-verlernt-benehmen-unsertirol24","status":"publish","type":"post","link":"https:\/\/www.europesays.com\/de\/964091\/","title":{"rendered":"Berlin verlernt Benehmen &#8211; UnserTirol24"},"content":{"rendered":"<p><strong>In der deutschen Bundeshauptstadt Berlin werden neuerdings Plakate angebracht, die eine absonderliche Warnung darstellen. Es hei\u00dft dort: \u201eAchtung! Kein M\u00fcll aus Fenstern und Balkonen werfen!\u201c Und dann der Hinweis: M\u00fcll lockt Ratten an. Abgesehen davon, dass dieses Dokument in fehlerhaftem Deutsch abgefasst wurde \u2013 es m\u00fcsste nat\u00fcrlich hei\u00dfen \u201ekeinen M\u00fcll\u201c, gibt die Sache zu denken. Denn Warnungen solcher Art h\u00e4tten vor, sagen wir, 15 Jahren bares Unverst\u00e4ndnis oder b\u00f6sen Spott ausgel\u00f6st. Dass sie ernst gemeint sein k\u00f6nnten, h\u00e4tte damals niemand geglaubt.<\/strong><\/p>\n<p>Wo M\u00fcll regiert, kommen die Ratten \u2013 Berlin im Sinkflug.<\/p>\n<p>                Vom Undenkbaren zur bitteren Realit\u00e4t<\/p>\n<p>Heute erinnert der Vorgang an einen Ausspruch von Bundeskanzler Merz vom Oktober des vergangenen Jahres, wonach sich Auswirkungen der Migration auch im Stadtbild deutscher Gemeinden zeigten. Das war der denkbar zur\u00fcckhaltendste Hinweis auf die Tatsache, dass sich mit der unkontrollierten Zuwanderung die Verh\u00e4ltnisse in den deutschen St\u00e4dten massiv ge\u00e4ndert haben, angefangen von einer un\u00fcbersehbaren Verschmutzung bis hin zu abgesonderten Viertelen, in denen Clans nach eigenem Recht herrschen und kein deutscher Polizist sich hineinwagen darf. Dem Kanzler aber hat dieses Wort hasserf\u00fcllte St\u00fcrme der Emp\u00f6rung eingetragen.<\/p>\n<p>Dieses Berliner Plakat nun legt nahe, dass man solche Ver\u00e4nderungen im Zusammenhang mit der Zuwanderung sehen muss, ein Umstand, der dadurch erh\u00e4rtet wird, dass es auch eine englischsprachige Ausgabe desselben Plakates gibt, die man wohl nicht wegen der deutschen Bev\u00f6lkerung und auch nicht wegen englischer Touristen aufgelegt hat.<\/p>\n<p>                Ein Stadtbild im freien Fall<\/p>\n<p>Dass es Berlin ist, wo man zu einem solch verzweifelten Mittel greift, kann nicht verwundern. Alles, was man in den zur\u00fcckliegenden zehn, zw\u00f6lf Jahren an moralischem, kulturellem, sicherheitspolitischem und wirtschaftlichem Niedergang erleben musste, findet seinen H\u00f6hepunkt in der deutschen Hauptstadt.<\/p>\n<p>Fast scheint es, als w\u00e4re es von den Verantwortlichen so gewollt. Als anfangs der 2000er Jahre der damalige Regierende B\u00fcrgermeister Wowereit den Spruch tat: \u201eBerlin ist arm, aber sexy.\u201c, tat er das mit einem deutlichen Ton der Genugtuung, und an dieser Grundstimmung hat sich seither nichts ge\u00e4ndert.<\/p>\n","protected":false},"excerpt":{"rendered":"In der deutschen Bundeshauptstadt Berlin werden neuerdings Plakate angebracht, die eine absonderliche Warnung darstellen. Es hei\u00dft dort: \u201eAchtung!&hellip;\n","protected":false},"author":2,"featured_media":964092,"comment_status":"","ping_status":"","sticky":false,"template":"","format":"standard","meta":{"footnotes":"","_share_on_mastodon":"0"},"categories":[1825],"tags":[296,19322,29,8737,30,1724,19324,3074,14,19319,1433,19320,16,19323,265,19318,19317,19321,19325,103],"class_list":["post-964091","post","type-post","status-publish","format-standard","has-post-thumbnail","category-berlin","tag-berlin","tag-chronik","tag-deutschland","tag-diskussion","tag-germany","tag-gesellschaft","tag-mediengeschehen","tag-meinung","tag-nachrichten","tag-nordtirol","tag-oesterreich","tag-osttirol","tag-politik","tag-presseklick","tag-sport","tag-suedtirol","tag-unsertirol24","tag-ut24","tag-ut24-blog","tag-welt"],"share_on_mastodon":{"url":"https:\/\/pubeurope.com\/@de\/116447289532441054","error":""},"_links":{"self":[{"href":"https:\/\/www.europesays.com\/de\/wp-json\/wp\/v2\/posts\/964091","targetHints":{"allow":["GET"]}}],"collection":[{"href":"https:\/\/www.europesays.com\/de\/wp-json\/wp\/v2\/posts"}],"about":[{"href":"https:\/\/www.europesays.com\/de\/wp-json\/wp\/v2\/types\/post"}],"author":[{"embeddable":true,"href":"https:\/\/www.europesays.com\/de\/wp-json\/wp\/v2\/users\/2"}],"replies":[{"embeddable":true,"href":"https:\/\/www.europesays.com\/de\/wp-json\/wp\/v2\/comments?post=964091"}],"version-history":[{"count":0,"href":"https:\/\/www.europesays.com\/de\/wp-json\/wp\/v2\/posts\/964091\/revisions"}],"wp:featuredmedia":[{"embeddable":true,"href":"https:\/\/www.europesays.com\/de\/wp-json\/wp\/v2\/media\/964092"}],"wp:attachment":[{"href":"https:\/\/www.europesays.com\/de\/wp-json\/wp\/v2\/media?parent=964091"}],"wp:term":[{"taxonomy":"category","embeddable":true,"href":"https:\/\/www.europesays.com\/de\/wp-json\/wp\/v2\/categories?post=964091"},{"taxonomy":"post_tag","embeddable":true,"href":"https:\/\/www.europesays.com\/de\/wp-json\/wp\/v2\/tags?post=964091"}],"curies":[{"name":"wp","href":"https:\/\/api.w.org\/{rel}","templated":true}]}}