{"id":964212,"date":"2026-04-22T09:08:17","date_gmt":"2026-04-22T09:08:17","guid":{"rendered":"https:\/\/www.europesays.com\/de\/964212\/"},"modified":"2026-04-22T09:08:17","modified_gmt":"2026-04-22T09:08:17","slug":"wasserstoff-hub-neumuenster-stadtwerke-muenchen-steigen-ein","status":"publish","type":"post","link":"https:\/\/www.europesays.com\/de\/964212\/","title":{"rendered":"Wasserstoff-Hub Neum\u00fcnster: Stadtwerke M\u00fcnchen steigen ein"},"content":{"rendered":"<p>        <img decoding=\"async\" src=\"https:\/\/www.europesays.com\/de\/wp-content\/uploads\/2026\/04\/wasserstoffhub102.webp\" alt=\"Grafik eines Fabrikgeb\u00e4udes f\u00fcr gr\u00fcnen Wasserstoff in Neum\u00fcnster.\" title=\"Grafik eines Fabrikgeb\u00e4udes f\u00fcr gr\u00fcnen Wasserstoff in Neum\u00fcnster. | Hadi Teherani Architects\" class=\"responsive\"\/><\/p>\n<p>AUDIO: Nachrichten aus dem Studio Kiel 9:30 Uhr &#8211; 22.04.2026 (2 Min)<\/p>\n<p>\n                Stand: 22.04.2026 10:53 Uhr<\/p>\n<p class=\"preface\">Gr\u00fcner Wasserstoff aus Schleswig-Holstein: Nun wollen sich auch die M\u00fcnchener Stadtwerke an dem Projekt in Neum\u00fcnster beteiligen und haben dazu eine Absichtserkl\u00e4rung unterzeichnet.<\/p>\n<p class=\"\">In einer Wasserstoff-Fabrik in <a href=\"https:\/\/www.ndr.de\/nachrichten\/schleswig-holstein\/Neumuenster-Aktuelle-Nachrichten-und-Videos,neumuenster770.html\" title=\"Neum\u00fcnster - Aktuelle Nachrichten und Videos\" rel=\"nofollow noopener\" target=\"_blank\">Neum\u00fcnster<\/a> sollen k\u00fcnftig bis zu 5.000 Tonnen gr\u00fcner Wasserstoff produziert werden. Geplant ist eine installierte Elektrolysekapazit\u00e4t von 50 Megawatt. Bisher wollte das Schweizer Unternehmen Inferner das Projekt alleine umsetzten. Nun wurde mit den neuen Partnern der Stadtwerke M\u00fcnchen eine Absichtserkl\u00e4rung unterzeichnet.<\/p>\n<p>    Anschluss ans Stromnetz voraussichtlich im Jahr 2028<\/p>\n<p class=\"\">Auf NDR Anfrage teilten die Stadtwerke M\u00fcnchen mit, dass sie sich durch die Partnerschaft an einem geeigneten Standort am wachsenden Wasserstoff-Markt beteiligen wollen. Laut Inferner soll der Spatenstich 2027 erfolgen. Der f\u00fcr die Produktion unerl\u00e4ssliche Anschluss ans Stromnetz folgt dann voraussichtlich 2028. Die Wasserstoff-Fabrik in Neum\u00fcnster gilt als Pilotprojekt und soll rund 130 Millionen Euro kosten.<\/p>\n<p>        <img decoding=\"async\" src=\"https:\/\/www.europesays.com\/de\/wp-content\/uploads\/2026\/04\/wasserstoffhub102.webp\" alt=\"Grafik eines Fabrikgeb\u00e4udes f\u00fcr gr\u00fcnen Wasserstoff in Neum\u00fcnster.\" title=\"Grafik eines Fabrikgeb\u00e4udes f\u00fcr gr\u00fcnen Wasserstoff in Neum\u00fcnster. | Hadi Teherani Architects\" class=\"responsive\" loading=\"lazy\"\/><\/p>\n<p>Der geplante Baubeginn hat sich verz\u00f6gert. Die Produktion von gr\u00fcnem Wasserstoff soll nun 2027 starten.<\/p>\n<p>        <img decoding=\"async\" src=\"https:\/\/www.europesays.com\/de\/wp-content\/uploads\/2026\/04\/wasserstoffhub104.webp\" alt=\"Grafik der Au\u00dfenansicht eines Fabrikgeb\u00e4udes f\u00fcr gr\u00fcnen Wasserstoff in Neum\u00fcnster.\" title=\"Grafik der Au\u00dfenansicht eines Fabrikgeb\u00e4udes f\u00fcr gr\u00fcnen Wasserstoff in Neum\u00fcnster. | Hadi Teherani Architects\" class=\"responsive\" loading=\"lazy\"\/><\/p>\n<p>Erste gr\u00f6\u00dfere Anlagen sind in Planung, aber noch gibt es in Schleswig-Holstein keine Gro\u00dfprojekte f\u00fcr gr\u00fcnen Wasserstoff &#8211; trotz der Pl\u00e4ne des Kabinetts.<\/p>\n","protected":false},"excerpt":{"rendered":"AUDIO: Nachrichten aus dem Studio Kiel 9:30 Uhr &#8211; 22.04.2026 (2 Min) Stand: 22.04.2026 10:53 Uhr Gr\u00fcner Wasserstoff&hellip;\n","protected":false},"author":2,"featured_media":964213,"comment_status":"","ping_status":"","sticky":false,"template":"","format":"standard","meta":{"footnotes":"","_share_on_mastodon":"0"},"categories":[1827],"tags":[772,29,1520,14507,30,1268,27499,6397,5702],"class_list":["post-964212","post","type-post","status-publish","format-standard","has-post-thumbnail","category-muenchen","tag-bayern","tag-deutschland","tag-energiewende","tag-fabrik","tag-germany","tag-muenchen","tag-neumuenster","tag-stadtwerke","tag-wasserstoff"],"share_on_mastodon":{"url":"https:\/\/pubeurope.com\/@de\/116447576864988042","error":""},"_links":{"self":[{"href":"https:\/\/www.europesays.com\/de\/wp-json\/wp\/v2\/posts\/964212","targetHints":{"allow":["GET"]}}],"collection":[{"href":"https:\/\/www.europesays.com\/de\/wp-json\/wp\/v2\/posts"}],"about":[{"href":"https:\/\/www.europesays.com\/de\/wp-json\/wp\/v2\/types\/post"}],"author":[{"embeddable":true,"href":"https:\/\/www.europesays.com\/de\/wp-json\/wp\/v2\/users\/2"}],"replies":[{"embeddable":true,"href":"https:\/\/www.europesays.com\/de\/wp-json\/wp\/v2\/comments?post=964212"}],"version-history":[{"count":0,"href":"https:\/\/www.europesays.com\/de\/wp-json\/wp\/v2\/posts\/964212\/revisions"}],"wp:featuredmedia":[{"embeddable":true,"href":"https:\/\/www.europesays.com\/de\/wp-json\/wp\/v2\/media\/964213"}],"wp:attachment":[{"href":"https:\/\/www.europesays.com\/de\/wp-json\/wp\/v2\/media?parent=964212"}],"wp:term":[{"taxonomy":"category","embeddable":true,"href":"https:\/\/www.europesays.com\/de\/wp-json\/wp\/v2\/categories?post=964212"},{"taxonomy":"post_tag","embeddable":true,"href":"https:\/\/www.europesays.com\/de\/wp-json\/wp\/v2\/tags?post=964212"}],"curies":[{"name":"wp","href":"https:\/\/api.w.org\/{rel}","templated":true}]}}