{"id":964571,"date":"2026-04-22T12:37:15","date_gmt":"2026-04-22T12:37:15","guid":{"rendered":"https:\/\/www.europesays.com\/de\/964571\/"},"modified":"2026-04-22T12:37:15","modified_gmt":"2026-04-22T12:37:15","slug":"ein-gutes-leben-fuer-alle-wie-bekommen-wir-das-hin-ringvorlesung-laedt-zum-mitdiskutieren-ein-blickfeld","status":"publish","type":"post","link":"https:\/\/www.europesays.com\/de\/964571\/","title":{"rendered":"Ein gutes Leben f\u00fcr alle: Wie bekommen wir das hin? Ringvorlesung l\u00e4dt zum Mitdiskutieren ein &#8211; blickfeld"},"content":{"rendered":"<p>Los geht es ab dem <strong>5. Mai 2026<\/strong> um 18 Uhr. Den Anfang macht <strong>Prof. Dr. Ulrich Brand<\/strong>, der gemeinsam mit anderen Kolleg:innen nach <strong>Alternativen zum Status quo<\/strong> sucht und Ideen und Konzepte f\u00fcr einen <strong>sozial-\u00f6kologischen Wandel<\/strong> entwickelt. Der <strong>Politikwissenschaftler der Universit\u00e4t Wien<\/strong> forscht zu Globalisierung und internationaler Ressourcen-, Energie- und Umweltpolitik. In seinem Vortrag am 5. Mai stellt er das von ihm mitentwickelte <strong>Konzept der \u201eImperialen Lebensweise\u201c<\/strong> vor und teilt als Impuls f\u00fcr die anschlie\u00dfende Diskussion seine Vorstellung von einer <strong>solidarischen Lebensweise<\/strong>.<\/p>\n<p>Teilnahme kostenfrei: Vorlesungsreihe soll \u00fcber reine Wissensvermittlung hinausgehen<\/p>\n<p>Die nachfolgenden Vorlesungen greifen weitere zentrale Aspekte eines Lebens innerhalb der <strong>planetaren Grenzen<\/strong> auf. Nach den jeweils <strong>kurzen Impulsvortr\u00e4gen<\/strong> haben die Teilnehmer:innen die M\u00f6glichkeit, mit den Referent:innen ins Gespr\u00e4ch zu kommen. Im Laufe der Reihe wird es unter anderem auch darum gehen, wie <strong>klimafreundliches Bauen und Wohnqualit\u00e4t<\/strong> zusammenpassen, wie eine <strong>Welt ohne globales Wirtschaftswachstum<\/strong> aussehen kann oder auch, wie sich <strong>nachhaltiger Konsum auf Unternehmen und ihre Gesch\u00e4ftsmodelle<\/strong> auswirkt.<\/p>\n<p>Ziel der Vorlesungsreihe ist es, \u00fcber die reine <strong>Wissensvermittlung <\/strong>hinauszugehen und gemeinsam zu hinterfragen, welche M\u00f6glichkeiten es gibt, damit alle Menschen die <strong>Chance auf ein gutes Leben<\/strong> haben. Neben <strong>Visionen <\/strong>geht es dabei auch um <strong>Kompromisse<\/strong>. Die Reihe richtet sich sowohl an <strong>Studierende<\/strong>, die sich die Ringvorlesung f\u00fcr ihr <strong>Studium <\/strong>anrechnen lassen k\u00f6nnen, aber auch alle anderen <strong>Interessierten<\/strong> sind eingeladen. Die <strong>Teilnahme ist kostenfrei<\/strong>, eine <strong>Anmeldung<\/strong> ist <strong>nicht erforderlich<\/strong>.<\/p>\n<p>Termin\u00fcbersicht zur Ringvorlesung \u201eKlimakrise und Nachhaltigkeit\u201d<\/p>\n<p>F\u00fcr eine ortsunabh\u00e4ngige Teilnahme finden erstmals alle <strong>Termine digital<\/strong> statt. Organisiert wird die Reihe vom <a href=\"https:\/\/transzent.uni-wuppertal.de\/de\/\" target=\"_blank\" rel=\"noreferrer noopener nofollow\">Zentrum f\u00fcr Transformationsforschung und Nachhaltigkeit (transzent)<\/a>, dem <a href=\"https:\/\/www.asta-wuppertal.de\/\" target=\"_blank\" rel=\"noreferrer noopener nofollow\">Allgemeinen Studierendenausschuss (AStA)<\/a>, den <a href=\"https:\/\/studentsforfuture.info\/ortsgruppe\/wuppertal\/\" target=\"_blank\" rel=\"noreferrer noopener nofollow\">Students for Future<\/a> an der Bergischen Universit\u00e4t Wuppertal (BUW) und dem <a href=\"https:\/\/wupperinst.org\/\" target=\"_blank\" rel=\"noreferrer noopener nofollow\">Wuppertal Institut<\/a>. \u00bb<a href=\"https:\/\/www.blickfeld-wuppertal.de\/ueber-uns\/blickfeld-redaktion\" rel=\"nofollow noopener\" target=\"_blank\">red<\/a>\u00ab<\/p>\n<p>Der <strong>Zoom-Link zu den Veranstaltungen<\/strong> lautet: <a href=\"https:\/\/uni-wuppertal.zoom-x.de\/j\/67908392380?pwd=Su7cS4afssCzZYIgmt38eeN1YyhITU.1\" target=\"_blank\" rel=\"noreferrer noopener nofollow\">uni-wuppertal.zoom-x.de<\/a><\/p>\n<p><strong>Termin\u00fcbersicht:<\/strong><\/p>\n<ul start=\"5\" class=\"wp-block-list\">\n<li><strong>5. Mai 2026, 18 Uhr:<\/strong> \u201eKlimagerechtigkeit und Kapitalismus: Ein Widerspruch in sich?\u201c mit Prof. Dr. Ullrich Brand (Universit\u00e4t Wien)<\/li>\n<li><strong>19. Mai 2026, 18 Uhr: <\/strong>\u201eZukunftsf\u00e4hig wirtschaften: Suffizienz und Regeneration im Unternehmenskontext\u201c mit Clara Baues (WuppertaI Institut) und Dr. Maike Gossen (TU Berlin)<\/li>\n<li><strong>2. Juni 2026, 18 Uhr:<\/strong> \u201eGenug ist f\u00fcr alle gut: \u00d6konomie sozial-\u00f6kologisch und intersektional gerecht neu denken und gestalten\u201c mit Lotte Nawothnig (Wuppertal Institut) und Prof. Dr. Daniela Gottschlich (Hochschule f\u00fcr Gesellschaftsgestaltung (HfGG) Koblenz)<\/li>\n<li><strong>16. Juni 2026, 18 Uhr:<\/strong> \u201eVom Fl\u00e4chenwachstum zur Wohnqualit\u00e4t \u2013 Strategien f\u00fcr klimafreundliche Geb\u00e4ude und St\u00e4dte\u201c mit Prof. Dr. Benjamin Best (Hochschule Bonn-Rhein-Sieg) und Anja Bierwirth (Wuppertal Institut)<\/li>\n<li><strong>30. Juni 2026, 18 Uhr:<\/strong> \u201eStadt der kurzen Wege: Konzepte f\u00fcr eine menschenzentrierte Mobilit\u00e4t der Zukunft\u201c mit Carolin Sch\u00e4fer-Sparenberg (Wuppertal Institut) und Julian Dietze (Bergische Universit\u00e4t Wuppertal)<\/li>\n<\/ul>\n<p><strong>Weiterf\u00fchrende Infos<\/strong> zur Ringvorlesung sind abrufbar unter: <a href=\"https:\/\/transzent.uni-wuppertal.de\/de\/lehre\/ringvorlesung-klimakrise-nachhaltigkeit\/#c27201\" target=\"_blank\" rel=\"noreferrer noopener nofollow\">transzent.uni-wuppertal.de<\/a><\/p>\n","protected":false},"excerpt":{"rendered":"Los geht es ab dem 5. Mai 2026 um 18 Uhr. Den Anfang macht Prof. Dr. Ulrich Brand,&hellip;\n","protected":false},"author":2,"featured_media":964572,"comment_status":"","ping_status":"","sticky":false,"template":"","format":"standard","meta":{"footnotes":"","_share_on_mastodon":"0"},"categories":[1840],"tags":[20842,3364,29,30,1548,1209,16375,20843,20844,383,4418,19159],"class_list":["post-964571","post","type-post","status-publish","format-standard","has-post-thumbnail","category-wuppertal","tag-asta","tag-de","tag-deutschland","tag-germany","tag-klimaschutz","tag-nordrhein-westfalen","tag-red","tag-students-for-future","tag-transzent","tag-umwelt","tag-wuppertal","tag-wuppertal-institut"],"share_on_mastodon":{"url":"https:\/\/pubeurope.com\/@de\/116448398487282946","error":""},"_links":{"self":[{"href":"https:\/\/www.europesays.com\/de\/wp-json\/wp\/v2\/posts\/964571","targetHints":{"allow":["GET"]}}],"collection":[{"href":"https:\/\/www.europesays.com\/de\/wp-json\/wp\/v2\/posts"}],"about":[{"href":"https:\/\/www.europesays.com\/de\/wp-json\/wp\/v2\/types\/post"}],"author":[{"embeddable":true,"href":"https:\/\/www.europesays.com\/de\/wp-json\/wp\/v2\/users\/2"}],"replies":[{"embeddable":true,"href":"https:\/\/www.europesays.com\/de\/wp-json\/wp\/v2\/comments?post=964571"}],"version-history":[{"count":0,"href":"https:\/\/www.europesays.com\/de\/wp-json\/wp\/v2\/posts\/964571\/revisions"}],"wp:featuredmedia":[{"embeddable":true,"href":"https:\/\/www.europesays.com\/de\/wp-json\/wp\/v2\/media\/964572"}],"wp:attachment":[{"href":"https:\/\/www.europesays.com\/de\/wp-json\/wp\/v2\/media?parent=964571"}],"wp:term":[{"taxonomy":"category","embeddable":true,"href":"https:\/\/www.europesays.com\/de\/wp-json\/wp\/v2\/categories?post=964571"},{"taxonomy":"post_tag","embeddable":true,"href":"https:\/\/www.europesays.com\/de\/wp-json\/wp\/v2\/tags?post=964571"}],"curies":[{"name":"wp","href":"https:\/\/api.w.org\/{rel}","templated":true}]}}