{"id":964597,"date":"2026-04-22T12:50:27","date_gmt":"2026-04-22T12:50:27","guid":{"rendered":"https:\/\/www.europesays.com\/de\/964597\/"},"modified":"2026-04-22T12:50:27","modified_gmt":"2026-04-22T12:50:27","slug":"toedlicher-unfall-in-troisdorf-frau-von-lkw-erfasst-und-mitgeschleift-regional","status":"publish","type":"post","link":"https:\/\/www.europesays.com\/de\/964597\/","title":{"rendered":"T\u00f6dlicher Unfall in Troisdorf: Frau von Lkw erfasst und mitgeschleift | Regional"},"content":{"rendered":"<p><a class=\"skip-content skip-content--link\" href=\"#in-content-skip-link-target-v-0-0\">TTS-Player \u00fcberspringen\u21b5<\/a><a id=\"in-content-skip-link-target-v-0-0\" class=\"skip-content--target-link-hidden skip-content skip-content--target-link\" href=\"#in-content-skip-link-target-v-0-0\">Artikel weiterlesen<\/a><\/p>\n<p>Troisdorf (Nordrhein-Westfalen) \u2013 <b>Mitten in einer belebten 30er-Zone, zwischen Apotheke, Sparkasse und Post-Filiale, ist es am Mittwochmorgen zu einem schweren Unfall gekommen. Eine Frau wollte die Stra\u00dfe \u00fcberqueren und wurde dabei von einem Lkw erfasst. Die 66-J\u00e4hrige wurde mehrere Meter \u00fcber die Stra\u00dfe geschleift und t\u00f6dlich verletzt.<\/b><\/p>\n<p>Zu dem Unfall kam es am Morgen gegen 08.50 Uhr, wie die Polizei vor Ort erkl\u00e4rte. Sofort eilten mehrere Streifen von Polizei, Feuerwehr und Rettungsdienst in die Kerpstra\u00dfe in Troisdorf-Sieglar (<a href=\"https:\/\/www.bild.de\/regional\/nordrhein-westfalen\/home-npIP0qL0giWP1ZFIOHn2\" class=\"text-link\" rel=\"nofollow noopener\" target=\"_blank\">Nordrhein-Westfalen<\/a>).<\/p>\n<p>Reanimation im Rettungswagen<\/p>\n<p>Die Frau erlitt bei dem <a href=\"https:\/\/www.bild.de\/news\/aktuelles\/verkehrsunfall\/verkehrsunfaelle-alle-infos-76680804.bild.html\" class=\"text-link\" rel=\"nofollow noopener\" target=\"_blank\">Unfall<\/a> schwerste Verletzungen. Rettungskr\u00e4fte versuchten noch, sie im Rettungswagen zu reanimieren \u2013 jedoch ohne Erfolg. Sie erlag noch vor Ort ihren Verletzungen. Nach Informationen von BILD mussten Angeh\u00f6rige das Geschehen mitansehen und wurden anschlie\u00dfend von Notfallseelsorgern betreut.<\/p>\n<p><img decoding=\"async\" width=\"992\" height=\"558\" alt=\"Auch Notfallseelsorger waren im Einsatz\" src=\"https:\/\/images.bild.de\/69e88a044a467a672855fd0e\/d97c22eee819fdae74b9ff81463dc3cb,536e2267?w=992\"   class=\"landscape\" loading=\"lazy\"\/><\/p>\n<p class=\"fig__caption__text\">Auch Notfallseelsorger waren im Einsatz<\/p>\n<p>Foto: Mario J\u00fcngling\/BILD<\/p>\n<p>Ein spezialisiertes Verkehrsunfallaufnahmeteam der Polizei K\u00f6ln wurde hinzugezogen. Der genaue Unfallhergang ist noch unklar. Nach ersten Erkenntnissen musste der Lkw zun\u00e4chst verkehrsbedingt anhalten. Als der Fahrer wieder anfuhr, versuchte die 66-J\u00e4hrige offenbar, die Stra\u00dfe zu \u00fcberqueren \u2013 dabei kam es zur Kollision.<\/p>\n<p>Lkw soll sichergestellt werden<\/p>\n<p>Der 33-j\u00e4hrige Unfallfahrer erlitt laut Polizei einen Schock. Der <a href=\"https:\/\/www.bild.de\/themen\/specials\/lkw\/nachrichten-auto-news-fotos-videos-37955316.bild.html\" class=\"text-link\" rel=\"nofollow noopener\" target=\"_blank\">Lkw<\/a> wurde sichergestellt. Zun\u00e4chst muss ein Abschleppunternehmen ausr\u00fccken, das in der Lage ist, das tonnenschwere Gef\u00e4hrt abzuschleppen. Deshalb bleibt die Stra\u00dfe auch nach dem Unfall noch mehrere Stunden gesperrt. <\/p>\n<p>Auf der Stra\u00dfe ist eine deutliche Schleifspur zu erkennen. Warum der Lkw ganz links auf der Stra\u00dfe, also im Gegenverkehr, fuhr, konnte die Polizei vor Ort auf BILD-Anfrage nicht beantworten. Das sei Gegenstand der Ermittlungen, hei\u00dft es.<\/p>\n","protected":false},"excerpt":{"rendered":"TTS-Player \u00fcberspringen\u21b5Artikel weiterlesen Troisdorf (Nordrhein-Westfalen) \u2013 Mitten in einer belebten 30er-Zone, zwischen Apotheke, Sparkasse und Post-Filiale, ist es&hellip;\n","protected":false},"author":2,"featured_media":964598,"comment_status":"","ping_status":"","sticky":false,"template":"","format":"standard","meta":{"footnotes":"","_share_on_mastodon":"0"},"categories":[1842],"tags":[7381,1741,3364,29,985,30,1962,181207,1209,121,138370,45,3533,2624,8246,3260],"class_list":["post-964597","post","type-post","status-publish","format-standard","has-post-thumbnail","category-bonn","tag-troisdorf","tag-bonn","tag-de","tag-deutschland","tag-feuerwehr","tag-germany","tag-lkw","tag-muldenkipper","tag-nordrhein-westfalen","tag-polizei","tag-team-first","tag-texttospeech","tag-todesfall","tag-unfaelle","tag-unfallverletzungen","tag-verkehrsunfall"],"share_on_mastodon":{"url":"https:\/\/pubeurope.com\/@de\/116448449636408944","error":""},"_links":{"self":[{"href":"https:\/\/www.europesays.com\/de\/wp-json\/wp\/v2\/posts\/964597","targetHints":{"allow":["GET"]}}],"collection":[{"href":"https:\/\/www.europesays.com\/de\/wp-json\/wp\/v2\/posts"}],"about":[{"href":"https:\/\/www.europesays.com\/de\/wp-json\/wp\/v2\/types\/post"}],"author":[{"embeddable":true,"href":"https:\/\/www.europesays.com\/de\/wp-json\/wp\/v2\/users\/2"}],"replies":[{"embeddable":true,"href":"https:\/\/www.europesays.com\/de\/wp-json\/wp\/v2\/comments?post=964597"}],"version-history":[{"count":0,"href":"https:\/\/www.europesays.com\/de\/wp-json\/wp\/v2\/posts\/964597\/revisions"}],"wp:featuredmedia":[{"embeddable":true,"href":"https:\/\/www.europesays.com\/de\/wp-json\/wp\/v2\/media\/964598"}],"wp:attachment":[{"href":"https:\/\/www.europesays.com\/de\/wp-json\/wp\/v2\/media?parent=964597"}],"wp:term":[{"taxonomy":"category","embeddable":true,"href":"https:\/\/www.europesays.com\/de\/wp-json\/wp\/v2\/categories?post=964597"},{"taxonomy":"post_tag","embeddable":true,"href":"https:\/\/www.europesays.com\/de\/wp-json\/wp\/v2\/tags?post=964597"}],"curies":[{"name":"wp","href":"https:\/\/api.w.org\/{rel}","templated":true}]}}