{"id":964629,"date":"2026-04-22T13:09:18","date_gmt":"2026-04-22T13:09:18","guid":{"rendered":"https:\/\/www.europesays.com\/de\/964629\/"},"modified":"2026-04-22T13:09:18","modified_gmt":"2026-04-22T13:09:18","slug":"das-perfekte-dinner-mark-serviert-kalb-so-laeuft-sein-duesseldorf-abend","status":"publish","type":"post","link":"https:\/\/www.europesays.com\/de\/964629\/","title":{"rendered":"Das perfekte Dinner: Mark serviert Kalb \u2013 so l\u00e4uft sein D\u00fcsseldorf-Abend"},"content":{"rendered":"<p>&#8222;Das perfekte Dinner&#8220; <\/p>\n<p>Mark serviert am Mittwoch Kalb \u2013 so l\u00e4uft die D\u00fcsseldorf-Woche<\/p>\n<p>22.04.2026 &#8211; 14:59 UhrLesedauer: 2 Min.<\/p>\n<p><a href=\"#focus-0\" class=\"transition-colors duration-200 block text-current relative\" data-sctrack=\"FocusGalleryImage.Reference\"><img fetchpriority=\"high\" data-testid=\"Opener.Image\" style=\"--lqipURL:url('https:\/\/images.t-online.de\/2026\/04\/cpHEL5ErOnrp\/0x0:1365x768\/fit-in\/150x0\/filters:blur(25)\/image.webp')\"   loading=\"eager\" src=\"https:\/\/www.europesays.com\/de\/wp-content\/uploads\/2026\/04\/1776863357_570_image.webp\" alt=\"\u201eDas perfekte Dinner\u201c-Logo (Symbolbild): D\u00fcsseldorf kocht \u2013 Mark l\u00e4dt am Mittwoch zu sich nach Hause.\" title=\"\u201eDas perfekte Dinner\u201c-Logo (Symbolbild): D\u00fcsseldorf kocht \u2013 Mark l\u00e4dt am Mittwoch zu sich nach Hause.\" width=\"1365\" height=\"768\" class=\"bg-[url:var(--lqipURL)] bg-cover bg-center flex h-full w-full max-w-full\" decoding=\"async\"\/><img style=\"--width:32;--height:32\" loading=\"lazy\" src=\"https:\/\/duesseldorf.t-online.de\/s\/paper\/_next\/static\/media\/zoom-in.f7dae02f.svg\" alt=\"Vergr\u00f6\u00dfern des Bildes\" title=\"Vergr\u00f6\u00dfern des Bildes\" class=\"block h-[calc(var(--height)_\/_16_*_1rem)] w-[calc(var(--width)_\/_16_*_1rem)] max-w-none absolute bottom-8 right-8 rounded-4 bg-snow p-8\" decoding=\"async\"\/><\/a><\/p>\n<p>\u201eDas perfekte Dinner\u201c-Logo (Symbolbild): D\u00fcsseldorf kocht \u2013 Mark l\u00e4dt am Mittwoch zu sich nach Hause. (Quelle: RTL \/ VOX )<\/p>\n<p class=\"font-bold text-18 leading-17 user-text-lg:text-22 user-text-xl:text-24\">D\u00fcsseldorf steht diese Woche im Mittelpunkt bei &#8222;Das perfekte Dinner&#8220;. F\u00fcnf Hobbyk\u00f6che aus der Rheinmetropole k\u00e4mpfen um den Wochensieg. Kandidat Mark serviert am Mittwoch. Es gibt Kalb.<\/p>\n<p class=\"text-18 leading-17 user-text-lg:text-22 user-text-xl:text-24\">Diese Woche steht bei VOX ganz im Zeichen der Rheinmetropole: &#8222;Das perfekte Dinner&#8220; ist vom 20. bis 24. April 2026 in D\u00fcsseldorf zu Gast. F\u00fcnf Hobbyk\u00f6che aus der Stadt laden sich dabei gegenseitig ein \u2013 und k\u00e4mpfen um den Wochensieg.<\/p>\n<p class=\"text-18 leading-17 user-text-lg:text-22 user-text-xl:text-24\">In dieser Woche treten ausschlie\u00dflich Teilnehmer aus D\u00fcsseldorf an. Den Auftakt macht am Montag Albert (31), gefolgt von Jutta (64) am Dienstag und Mark (42) am Mittwoch. Am Donnerstag steht Kayo (56) am Herd, bevor Daniel (40) die Woche am Freitag abschlie\u00dft.<\/p>\n<p class=\"text-18 leading-17 user-text-lg:text-22 user-text-xl:text-24\">Jeder von ihnen serviert ein Drei-G\u00e4nge-Men\u00fc und wird anschlie\u00dfend von den Mitstreitern bewertet. Am Ende gewinnt der Teilnehmer mit der h\u00f6chsten Gesamtpunktzahl.<\/p>\n<p class=\"text-18 leading-17 user-text-lg:text-22 user-text-xl:text-24\">Zum Wochenstart setzte Albert auf eine Mischung aus modernen und klassischen Elementen. Bereits beim ersten Gang wurde deutlich, dass er kulinarisch etwas wagen will. Er serviert Wagyu-Rind und als Nachtisch Zucchinibrot mit s\u00e4uerlichem Sahnetopping.<\/p>\n<p>Empfohlener externer Inhalt<img style=\"--height:24\" loading=\"lazy\" src=\"https:\/\/duesseldorf.t-online.de\/s\/paper\/_next\/static\/media\/facebook.62c97f9a.svg\" alt=\"Facebook\" title=\"Facebook\" class=\"block h-[calc(var(--height)_\/_16_*_1rem)] w-[calc(var(--width)_\/_16_*_1rem)] max-w-none undefined\" decoding=\"async\"\/>Facebook<\/p>\n<p class=\"text-14 leading-15\">Wir ben\u00f6tigen Ihre Einwilligung, um den von unserer Redaktion eingebundenen Facebook-Inhalt anzuzeigen. Sie k\u00f6nnen diesen (und damit auch alle weiteren Facebook-Inhalte auf t-online.de) mit einem Klick anzeigen lassen und auch wieder deaktivieren.<\/p>\n<p>Facebook-Inhalte immer anzeigen<\/p>\n<p>Ich bin damit einverstanden, dass mir externe Inhalte angezeigt werden. Damit k\u00f6nnen personenbezogene Daten an Drittplattformen \u00fcbermittelt werden. <a target=\"_blank\" class=\"transition-colors duration-200 cursor-pointer text-inherit no-underline text-magenta\" href=\"https:\/\/www.t-online.de\/datenschutz\/id_88397036\/index#17-externe-inhalte\" rel=\"nofollow noopener\">Mehr dazu in unseren Datenschutzhinweisen<\/a>.<\/p>\n<p class=\"text-18 leading-17 user-text-lg:text-22 user-text-xl:text-24\">Am Dienstag \u00fcbernahm Jutta den Kochl\u00f6ffel \u2013 und setzte bewusst auf ihre Erfahrung. Ihr Men\u00fc wirkte bodenst\u00e4ndig, aber durchdacht. Vor allem beim Hauptgang mit dem Titel &#8222;Asiatisches aus dem Schmortopf &#8220; konnte sie punkten, auch wenn nicht jede Komponente bei allen G\u00e4sten gleich gut ankam. Juttas Dessert polarisierte allerdings: Es gab K\u00e4sekuchen mit Schimmelk\u00e4se.<\/p>\n<p class=\"text-18 leading-17 user-text-lg:text-22 user-text-xl:text-24\">Bei &#8222;Das perfekte Dinner&#8220; auf VOX wird am Mittwoch in D\u00fcsseldorf weitergekocht: Kandidat Mark (42) l\u00e4dt zu sich nach Hause ein. Er serviert ein klassisches Drei-G\u00e4nge-Men\u00fc mit ungew\u00f6hnlichen Kombinationen: Zur Vorspeise gibt es Feige mit Roquefort. Im Hauptgang folgt Kalb mit Kartoffel. Den Abschluss bildet ein Kuchen-Dessert mit Rum.<\/p>\n","protected":false},"excerpt":{"rendered":"&#8222;Das perfekte Dinner&#8220; Mark serviert am Mittwoch Kalb \u2013 so l\u00e4uft die D\u00fcsseldorf-Woche 22.04.2026 &#8211; 14:59 UhrLesedauer: 2&hellip;\n","protected":false},"author":2,"featured_media":964630,"comment_status":"","ping_status":"","sticky":false,"template":"","format":"standard","meta":{"footnotes":"","_share_on_mastodon":"0"},"categories":[1831],"tags":[722,92735,56867,3364,29,3405,73398,30,3467,1209,176,44137,230,209615],"class_list":["post-964629","post","type-post","status-publish","format-standard","has-post-thumbnail","category-duesseldorf","tag-722","tag-92735","tag-das-perfekte-dinner","tag-de","tag-deutschland","tag-duesseldorf","tag-fokusthema","tag-germany","tag-landeshauptstadt","tag-nordrhein-westfalen","tag-nrw","tag-rheinmetropole","tag-vox","tag-wochensieg"],"share_on_mastodon":{"url":"https:\/\/pubeurope.com\/@de\/116448525402952674","error":""},"_links":{"self":[{"href":"https:\/\/www.europesays.com\/de\/wp-json\/wp\/v2\/posts\/964629","targetHints":{"allow":["GET"]}}],"collection":[{"href":"https:\/\/www.europesays.com\/de\/wp-json\/wp\/v2\/posts"}],"about":[{"href":"https:\/\/www.europesays.com\/de\/wp-json\/wp\/v2\/types\/post"}],"author":[{"embeddable":true,"href":"https:\/\/www.europesays.com\/de\/wp-json\/wp\/v2\/users\/2"}],"replies":[{"embeddable":true,"href":"https:\/\/www.europesays.com\/de\/wp-json\/wp\/v2\/comments?post=964629"}],"version-history":[{"count":0,"href":"https:\/\/www.europesays.com\/de\/wp-json\/wp\/v2\/posts\/964629\/revisions"}],"wp:featuredmedia":[{"embeddable":true,"href":"https:\/\/www.europesays.com\/de\/wp-json\/wp\/v2\/media\/964630"}],"wp:attachment":[{"href":"https:\/\/www.europesays.com\/de\/wp-json\/wp\/v2\/media?parent=964629"}],"wp:term":[{"taxonomy":"category","embeddable":true,"href":"https:\/\/www.europesays.com\/de\/wp-json\/wp\/v2\/categories?post=964629"},{"taxonomy":"post_tag","embeddable":true,"href":"https:\/\/www.europesays.com\/de\/wp-json\/wp\/v2\/tags?post=964629"}],"curies":[{"name":"wp","href":"https:\/\/api.w.org\/{rel}","templated":true}]}}