{"id":964808,"date":"2026-04-22T14:49:24","date_gmt":"2026-04-22T14:49:24","guid":{"rendered":"https:\/\/www.europesays.com\/de\/964808\/"},"modified":"2026-04-22T14:49:24","modified_gmt":"2026-04-22T14:49:24","slug":"graffiti-in-rottweil-wenn-streetart-auf-oekostrom-trifft-rottweil-umgebung","status":"publish","type":"post","link":"https:\/\/www.europesays.com\/de\/964808\/","title":{"rendered":"Graffiti in Rottweil: Wenn Streetart auf \u00d6kostrom trifft &#8211; Rottweil &#038; Umgebung"},"content":{"rendered":"<p> Den <a href=\"https:\/\/www.schwarzwaelder-bote.de\/inhalt.kunst-in-rottweil-rottweiler-welpen-gruessen-vom-aquasolturm.6cfb65a1-627f-4b12-9dcf-25254d724896.html\" target=\"_blank\" rel=\"nofollow noopener\">Rutschenturm des Aquasol <\/a>hat er bereits mit einem \u00fcberdimensionalen <a href=\"https:\/\/www.schwarzwaelder-bote.de\/thema\/Graffiti\" title=\"Graffiti\" class=\"art_thema\" rel=\"nofollow noopener\" target=\"_blank\">Graffiti<\/a> gestaltet, mehrere Fl\u00e4chen im Freibad ebenso. Und seit Kurzem gibt es ein weiteres Kunstwerk des Graffitik\u00fcnstlers Konstantin Viktor M\u00fcller: an der E-Ladestation zwischen <a href=\"https:\/\/www.schwarzwaelder-bote.de\/thema\/aquasol\" title=\"aquasol\" class=\"art_thema\" rel=\"nofollow noopener\" target=\"_blank\">aquasol<\/a> und Stallhalle in der Brugger Stra\u00dfe. In T\u00fcrkis und Gr\u00fcn leuchtet die vor wenigen Tagen noch graue Trafostation jetzt. Die Motive, passend zur Station: \u00d6kostrom und E-Mobilit\u00e4t. <\/p>\n<p>B\u00e4derleiter Steven Ulrich freut sich, dass die ENRW den K\u00fcnstler erneut f\u00fcr eine Graffitiaktion gewinnen konnte. \u201eDas Graffiti ist farblich an die Lades\u00e4ulen angepasst\u201c, erkl\u00e4rt der K\u00fcnstler. Zu sehen sind Windr\u00e4der, PV-Anlagen, ein E-Auto, und angedeutete Wasserkraft. <\/p>\n<p>\u201eIch bekomme viel positives Feedback. Viele Autofahrer halten an und informieren sich\u201c, freut sich M\u00fcller. Und auch Steven Ulrich ist mehr als zufrieden mit der neuen Streetart vor dem Aquasol. \u201eDas ist ein Hingucker, der den Leuten gef\u00e4llt\u201c, sagt er. <\/p>\n<p>Positives Feedback <\/p>\n<p>W\u00e4hrend sich Konstantin Viktor M\u00fcller auf dem Trafoh\u00e4uschen verewigt, ist die neue Stromtankstelle sehr gut frequentiert. Die Pfalzwerke haben hier vier Schnell-Lades\u00e4ulen mit insgesamt acht Ladepl\u00e4tzen eingerichtet, davon zwei extra gro\u00dfe Ladepl\u00e4tze f\u00fcr mobilit\u00e4tseingeschr\u00e4nkte Personen und zwei Gespann-Parkpl\u00e4tze. Die Ladeleistung betr\u00e4gt bis zu 400 kW pro Lades\u00e4ule. Gepowert werden die Lades\u00e4ulen von der ENRW. <\/p>\n","protected":false},"excerpt":{"rendered":"Den Rutschenturm des Aquasol hat er bereits mit einem \u00fcberdimensionalen Graffiti gestaltet, mehrere Fl\u00e4chen im Freibad ebenso. Und&hellip;\n","protected":false},"author":2,"featured_media":964809,"comment_status":"","ping_status":"","sticky":false,"template":"","format":"standard","meta":{"footnotes":"","_share_on_mastodon":"0"},"categories":[1775],"tags":[209646,1793,29,214,30,12530,15711,2075,1794,17220,23960,23961,215],"class_list":["post-964808","post","type-post","status-publish","format-standard","has-post-thumbnail","category-kunst-und-design","tag-aquasol","tag-art-and-design","tag-deutschland","tag-entertainment","tag-germany","tag-graffiti","tag-kreis-rottweil","tag-kunst","tag-kunst-und-design","tag-oekostrom","tag-rottweil","tag-rottweil-umgebung","tag-unterhaltung"],"share_on_mastodon":{"url":"https:\/\/pubeurope.com\/@de\/116448917334559551","error":""},"_links":{"self":[{"href":"https:\/\/www.europesays.com\/de\/wp-json\/wp\/v2\/posts\/964808","targetHints":{"allow":["GET"]}}],"collection":[{"href":"https:\/\/www.europesays.com\/de\/wp-json\/wp\/v2\/posts"}],"about":[{"href":"https:\/\/www.europesays.com\/de\/wp-json\/wp\/v2\/types\/post"}],"author":[{"embeddable":true,"href":"https:\/\/www.europesays.com\/de\/wp-json\/wp\/v2\/users\/2"}],"replies":[{"embeddable":true,"href":"https:\/\/www.europesays.com\/de\/wp-json\/wp\/v2\/comments?post=964808"}],"version-history":[{"count":0,"href":"https:\/\/www.europesays.com\/de\/wp-json\/wp\/v2\/posts\/964808\/revisions"}],"wp:featuredmedia":[{"embeddable":true,"href":"https:\/\/www.europesays.com\/de\/wp-json\/wp\/v2\/media\/964809"}],"wp:attachment":[{"href":"https:\/\/www.europesays.com\/de\/wp-json\/wp\/v2\/media?parent=964808"}],"wp:term":[{"taxonomy":"category","embeddable":true,"href":"https:\/\/www.europesays.com\/de\/wp-json\/wp\/v2\/categories?post=964808"},{"taxonomy":"post_tag","embeddable":true,"href":"https:\/\/www.europesays.com\/de\/wp-json\/wp\/v2\/tags?post=964808"}],"curies":[{"name":"wp","href":"https:\/\/api.w.org\/{rel}","templated":true}]}}