{"id":964859,"date":"2026-04-22T15:22:47","date_gmt":"2026-04-22T15:22:47","guid":{"rendered":"https:\/\/www.europesays.com\/de\/964859\/"},"modified":"2026-04-22T15:22:47","modified_gmt":"2026-04-22T15:22:47","slug":"radfahrer-faehrt-in-entgegenkommenden-pkw-zeugen-gesucht-2","status":"publish","type":"post","link":"https:\/\/www.europesays.com\/de\/964859\/","title":{"rendered":"Radfahrer f\u00e4hrt in entgegenkommenden PKW &#8211; Zeugen gesucht"},"content":{"rendered":"<p id=\"absatz1\" class=\"em_text\">Bielefeld (ots) &#8211; <br \/>HC\/ Bielefeld- Mitte-<br \/>Dienstagnacht, 21.04.2026, stie\u00df ein Fahrradfahrer gegen einen fahrenden PKW und fl\u00fcchtete. Die Polizei sucht den Radfahrer und Zeugen.<\/p>\n<p id=\"absatz2\" class=\"em_text\">Eine 22-j\u00e4hrige Bad Salzuflerin befuhr um 22:40 Uhr mit ihrem VW Polo die Karl-Eilers-Stra\u00dfe in Richtung Arndtstra\u00dfe. Wenige Meter vor der Arndtstra\u00dfe kam ihr ein Radfahrer auf dem Gehweg entgegen. Dieser fuhr von dem Gehweg runter, stie\u00df gegen die Fahrert\u00fcr des VW und st\u00fcrzte. Auf Nachfrage versicherte der Gest\u00fcrzte, dass es ihm gut gehe. Als eine andere Person auf einem Fahrrad ihm in fremder Sprache etwas zurief, setzte der Unfallverursacher sich auf sein Fahrrad und fuhr in Richtung Zimmerstra\u00dfe davon.<br \/>Der Sachschaden an dem VW wird auf circa 1000 Euro gesch\u00e4tzt.<\/p>\n<p>        <a href=\"https:\/\/www.nw.de\/_em_daten\/_cache\/image\/1xaEJreDJNN3FqcVJuMTR3MjNzU0ltelg2N0tDWDlCb0R4dllpQ3BRZUg2SkVXdW5ENFRsZmZLYmpZd2VmNU1TS2xITTNLeHNRTy9DamhBeXQwWjkxT1E9PQ\/211203-1300-pkw.jpg\" class=\"nw-article-image\" title=\"besch\u00e4digter PKW\" data-glightbox=\"type: image; description: besch\u00e4digter PKW  | \u00a9 Bielefeld \" rel=\"nofollow noopener\" target=\"_blank\"><br \/>\n            <img decoding=\"async\" src=\"https:\/\/www.europesays.com\/de\/wp-content\/uploads\/2026\/04\/211203-1300-pkw.jpg\" class=\"nw-img-fluid nw-w-full nw-lazy nw-rounded-t-md\" alt=\"besch\u00e4digter PKW - \u00a9 Bielefeld\" data-format=\"16:9\"\/><br \/>\n        <\/a><\/p>\n<p>                besch\u00e4digter PKW<br \/>\n                                    | \u00a9 Bielefeld<\/p>\n<p id=\"absatz3\" class=\"em_text\">Der gesuchte Fahrradfahrer war mit einem grauen Oberteil, dunkler Hose und schwarzen Schuhen bekleidet. Er sprach in einer fremden Sprache, die sich f\u00fcr die Zeugen osteurop\u00e4isch anh\u00f6rte.<br \/>Bei dem Fahrrad k\u00f6nnte es sich um ein schwarzen Citybikes gehandelt haben.<\/p>\n<p id=\"absatz4\" class=\"em_text\">Zeugen werden gebeten, sich an das Verkehrskommissariat 1 unter 0521-545-0 zu wenden.<\/p>\n<p id=\"absatz5\" class=\"em_text\">Quelle: <a href=\"https:\/\/www.presseportal.de\/blaulicht\/pm\/12522\/6260650\" rel=\"nofollow noopener\" target=\"_blank\">https:\/\/www.presseportal.de\/blaulicht\/pm\/12522\/6260650<\/a><\/p>\n","protected":false},"excerpt":{"rendered":"Bielefeld (ots) &#8211; HC\/ Bielefeld- Mitte-Dienstagnacht, 21.04.2026, stie\u00df ein Fahrradfahrer gegen einen fahrenden PKW und fl\u00fcchtete. Die Polizei&hellip;\n","protected":false},"author":2,"featured_media":215667,"comment_status":"","ping_status":"","sticky":false,"template":"","format":"standard","meta":{"footnotes":"","_share_on_mastodon":"0"},"categories":[1841],"tags":[84445,1605,3364,29,1234,30,209655,177,1209,176,121,20035,603,41324],"class_list":["post-964859","post","type-post","status-publish","format-standard","has-post-thumbnail","category-bielefeld","tag-arndtstrae","tag-bielefeld","tag-de","tag-deutschland","tag-fahrrad","tag-germany","tag-karl-eilers-strae","tag-kriminalitt","tag-nordrhein-westfalen","tag-nrw","tag-polizei","tag-serie_polizeibericht","tag-vw","tag-vw-polo"],"share_on_mastodon":{"url":"https:\/\/pubeurope.com\/@de\/116449047357575444","error":""},"_links":{"self":[{"href":"https:\/\/www.europesays.com\/de\/wp-json\/wp\/v2\/posts\/964859","targetHints":{"allow":["GET"]}}],"collection":[{"href":"https:\/\/www.europesays.com\/de\/wp-json\/wp\/v2\/posts"}],"about":[{"href":"https:\/\/www.europesays.com\/de\/wp-json\/wp\/v2\/types\/post"}],"author":[{"embeddable":true,"href":"https:\/\/www.europesays.com\/de\/wp-json\/wp\/v2\/users\/2"}],"replies":[{"embeddable":true,"href":"https:\/\/www.europesays.com\/de\/wp-json\/wp\/v2\/comments?post=964859"}],"version-history":[{"count":0,"href":"https:\/\/www.europesays.com\/de\/wp-json\/wp\/v2\/posts\/964859\/revisions"}],"wp:featuredmedia":[{"embeddable":true,"href":"https:\/\/www.europesays.com\/de\/wp-json\/wp\/v2\/media\/215667"}],"wp:attachment":[{"href":"https:\/\/www.europesays.com\/de\/wp-json\/wp\/v2\/media?parent=964859"}],"wp:term":[{"taxonomy":"category","embeddable":true,"href":"https:\/\/www.europesays.com\/de\/wp-json\/wp\/v2\/categories?post=964859"},{"taxonomy":"post_tag","embeddable":true,"href":"https:\/\/www.europesays.com\/de\/wp-json\/wp\/v2\/tags?post=964859"}],"curies":[{"name":"wp","href":"https:\/\/api.w.org\/{rel}","templated":true}]}}