{"id":964922,"date":"2026-04-22T16:03:17","date_gmt":"2026-04-22T16:03:17","guid":{"rendered":"https:\/\/www.europesays.com\/de\/964922\/"},"modified":"2026-04-22T16:03:17","modified_gmt":"2026-04-22T16:03:17","slug":"fruehlingsfest-stuttgart-das-sind-die-neuen-partner-fuer-linda-brandls-bistrozelt-nachrichten-aus-weinstadt","status":"publish","type":"post","link":"https:\/\/www.europesays.com\/de\/964922\/","title":{"rendered":"Fr\u00fchlingsfest Stuttgart: Das sind die neuen Partner f\u00fcr Linda Brandls Bistrozelt &#8211; Nachrichten aus Weinstadt"},"content":{"rendered":"<p><strong>Weinstadt\/Stuttgart.<\/strong> Nach fast 50 Jahren Wasen zieht sich Gastronomin Linda Brandl ein St\u00fcck zur\u00fcck: F\u00fcr ihr Bistrozelt mit Biergarten und Stra\u00dfenverkauf hat sie neue Gesch\u00e4ftspartner gefunden. Das hilft der Wirtin der Almh\u00fctte Str\u00fcmpfelbach und des  Lindh\u00e4lder St\u00fcbles, die seit dem  Tod ihres Ehemanns alles allein stemmen musste. Wir stellen die Neuen vor, nennen den Preis f\u00fcr den Zwiebelrostbraten und sagen, wie es auf dem Fr\u00fchlingsfest 2026 weitergeht.<\/p>\n<p>Wie fand <\/p>\n","protected":false},"excerpt":{"rendered":"Weinstadt\/Stuttgart. Nach fast 50 Jahren Wasen zieht sich Gastronomin Linda Brandl ein St\u00fcck zur\u00fcck: F\u00fcr ihr Bistrozelt mit&hellip;\n","protected":false},"author":2,"featured_media":964923,"comment_status":"","ping_status":"","sticky":false,"template":"","format":"standard","meta":{"footnotes":"","_share_on_mastodon":"0"},"categories":[1830],"tags":[135624,10848,1634,3899,209662,209663,4742,3364,29,196959,30,209664,209665,209666,3783,209667,40146,1441,4741,14976,203412,23972,106968],"class_list":["post-964922","post","type-post","status-publish","format-standard","has-post-thumbnail","category-stuttgart","tag-almhuette","tag-aud_gastro","tag-baden-wuerttemberg","tag-biergarten","tag-bistrozelt","tag-cannstatter-fruehlingsfest","tag-cannstatter-wasen","tag-de","tag-deutschland","tag-fruehlingsfest-2026","tag-germany","tag-linda-brandl","tag-lindhaelder-stueble","tag-michael-goetschel","tag-nuernberg","tag-sissi-goetschel","tag-struempfelbach","tag-stuttgart","tag-stuttgarter-fruehlingsfest","tag-wasen","tag-wasen-2026","tag-weinstadt","tag-wirtin"],"share_on_mastodon":{"url":"https:\/\/pubeurope.com\/@de\/116449208405412924","error":""},"_links":{"self":[{"href":"https:\/\/www.europesays.com\/de\/wp-json\/wp\/v2\/posts\/964922","targetHints":{"allow":["GET"]}}],"collection":[{"href":"https:\/\/www.europesays.com\/de\/wp-json\/wp\/v2\/posts"}],"about":[{"href":"https:\/\/www.europesays.com\/de\/wp-json\/wp\/v2\/types\/post"}],"author":[{"embeddable":true,"href":"https:\/\/www.europesays.com\/de\/wp-json\/wp\/v2\/users\/2"}],"replies":[{"embeddable":true,"href":"https:\/\/www.europesays.com\/de\/wp-json\/wp\/v2\/comments?post=964922"}],"version-history":[{"count":0,"href":"https:\/\/www.europesays.com\/de\/wp-json\/wp\/v2\/posts\/964922\/revisions"}],"wp:featuredmedia":[{"embeddable":true,"href":"https:\/\/www.europesays.com\/de\/wp-json\/wp\/v2\/media\/964923"}],"wp:attachment":[{"href":"https:\/\/www.europesays.com\/de\/wp-json\/wp\/v2\/media?parent=964922"}],"wp:term":[{"taxonomy":"category","embeddable":true,"href":"https:\/\/www.europesays.com\/de\/wp-json\/wp\/v2\/categories?post=964922"},{"taxonomy":"post_tag","embeddable":true,"href":"https:\/\/www.europesays.com\/de\/wp-json\/wp\/v2\/tags?post=964922"}],"curies":[{"name":"wp","href":"https:\/\/api.w.org\/{rel}","templated":true}]}}