{"id":964995,"date":"2026-04-22T16:45:14","date_gmt":"2026-04-22T16:45:14","guid":{"rendered":"https:\/\/www.europesays.com\/de\/964995\/"},"modified":"2026-04-22T16:45:14","modified_gmt":"2026-04-22T16:45:14","slug":"unbekannte-brechen-in-gaststaette-ein-ludwigshafen","status":"publish","type":"post","link":"https:\/\/www.europesays.com\/de\/964995\/","title":{"rendered":"Unbekannte brechen in Gastst\u00e4tte ein &#8211; Ludwigshafen"},"content":{"rendered":"<p><b\/> Unbekannte sind zwischen  Sonntagnacht und  Dienstagmorgen in die Gastst\u00e4tte Gro\u00dfe Blies in der Christian-Wei\u00df-Stra\u00dfe in Ludwigshafen-Gartenstadt eingebrochen. Die T\u00e4ter entkamen unbemerkt und entwendeten eine Geldb\u00f6rse mit Wechselgeld, teilt die Polizei mit. Wer  Hinweise geben kann, wird gebeten, sich bei der  Polizeiinspektion <a class=\"rtr-entity\" data-rtr-entity=\"Ludwigshafen\" data-rtr-id=\"26b4406521e36b503c690e53e1b9dec3bdb26dfe\" data-rtr-score=\"22.886029411764707\" data-rtr-etype=\"location\" data-rtr-index=\"1\" href=\"https:\/\/www.rheinpfalz.de\/lokal\/ludwigshafen.html?utm_source=rheinpfalz.de&amp;utm_medium=tms&amp;utm_campaign=intext\" rel=\"nofollow noopener\" target=\"_blank\">Ludwigshafen<\/a> 1, Telefon 0621 96324150, E-Mail  <a href=\"https:\/\/www.rheinpfalz.de\/lokal\/mailto:piludwigshafen1@polizei.rlp.de\" target=\"_blank\" class=\"external-link-new-window\" title=\"\" rel=\"nofollow noopener\">piludwigshafen1@polizei.rlp.de<\/a>, zu melden. <\/p>\n","protected":false},"excerpt":{"rendered":"Unbekannte sind zwischen Sonntagnacht und Dienstagmorgen in die Gastst\u00e4tte Gro\u00dfe Blies in der Christian-Wei\u00df-Stra\u00dfe in Ludwigshafen-Gartenstadt eingebrochen. Die&hellip;\n","protected":false},"author":2,"featured_media":964996,"comment_status":"","ping_status":"","sticky":false,"template":"","format":"standard","meta":{"footnotes":"","_share_on_mastodon":"0"},"categories":[1845],"tags":[1634,209678,3364,29,548,663,3934,28800,6767,30,13,4060,25476,2096,14,15,12],"class_list":["post-964995","post","type-post","status-publish","format-standard","has-post-thumbnail","category-mannheim","tag-baden-wuerttemberg","tag-christian-weiss-strasse","tag-de","tag-deutschland","tag-eu","tag-europa","tag-europe","tag-gartenstadt","tag-gaststaette","tag-germany","tag-headlines","tag-lokal","tag-ludwigshafen","tag-mannheim","tag-nachrichten","tag-news","tag-schlagzeilen"],"share_on_mastodon":{"url":"https:\/\/pubeurope.com\/@de\/116449373442142030","error":""},"_links":{"self":[{"href":"https:\/\/www.europesays.com\/de\/wp-json\/wp\/v2\/posts\/964995","targetHints":{"allow":["GET"]}}],"collection":[{"href":"https:\/\/www.europesays.com\/de\/wp-json\/wp\/v2\/posts"}],"about":[{"href":"https:\/\/www.europesays.com\/de\/wp-json\/wp\/v2\/types\/post"}],"author":[{"embeddable":true,"href":"https:\/\/www.europesays.com\/de\/wp-json\/wp\/v2\/users\/2"}],"replies":[{"embeddable":true,"href":"https:\/\/www.europesays.com\/de\/wp-json\/wp\/v2\/comments?post=964995"}],"version-history":[{"count":0,"href":"https:\/\/www.europesays.com\/de\/wp-json\/wp\/v2\/posts\/964995\/revisions"}],"wp:featuredmedia":[{"embeddable":true,"href":"https:\/\/www.europesays.com\/de\/wp-json\/wp\/v2\/media\/964996"}],"wp:attachment":[{"href":"https:\/\/www.europesays.com\/de\/wp-json\/wp\/v2\/media?parent=964995"}],"wp:term":[{"taxonomy":"category","embeddable":true,"href":"https:\/\/www.europesays.com\/de\/wp-json\/wp\/v2\/categories?post=964995"},{"taxonomy":"post_tag","embeddable":true,"href":"https:\/\/www.europesays.com\/de\/wp-json\/wp\/v2\/tags?post=964995"}],"curies":[{"name":"wp","href":"https:\/\/api.w.org\/{rel}","templated":true}]}}