{"id":965091,"date":"2026-04-22T17:38:19","date_gmt":"2026-04-22T17:38:19","guid":{"rendered":"https:\/\/www.europesays.com\/de\/965091\/"},"modified":"2026-04-22T17:38:19","modified_gmt":"2026-04-22T17:38:19","slug":"brand-in-lichterfelde-feuer-auf-kraftwerksgelaende-in-berlin-lichterfelde","status":"publish","type":"post","link":"https:\/\/www.europesays.com\/de\/965091\/","title":{"rendered":"Brand in Lichterfelde: Feuer auf Kraftwerksgel\u00e4nde in Berlin-Lichterfelde"},"content":{"rendered":"<p class=\"paragraph article__item\">Auf dem Gel\u00e4nde des Heizkraftwerks Lichterfelde im S\u00fcdwesten Berlins hat es gebrannt. Nach Angeben der Feuerwehr loderten die Flammen im Dachbereich eines Geb\u00e4udes mit stillgelegten Anlagen, das gerade abgerissen wird. \u00dcber dem Areal war am Nachmittag eine dichte Rauchs\u00e4ule zu sehen.\u00a0\n<\/p>\n<p>Aktuelles<\/p>\n<p>                <a href=\"https:\/\/www.zeit.de\/gesellschaft\/2026-03\/alte-burg-thueringen-runneburg-weissensee-brand-gxe\" data-ct-label=\"Th\u00fcringen: Feuer besch\u00e4digt jahrhundertealte Burg im th\u00fcringischen Wei\u00dfensee\" data-uuid=\"e43c3c29-c881-4bbb-ba34-9c77f9f63920\" rel=\"nofollow noopener\" target=\"_blank\"><\/p>\n<p>                        Th\u00fcringen:<br \/>\n                        Feuer besch\u00e4digt jahrhundertealte Burg im th\u00fcringischen Wei\u00dfensee<\/p>\n<p>                <\/a><\/p>\n<p>                <a href=\"https:\/\/www.zeit.de\/gesellschaft\/zeitgeschehen\/2026-04\/berlin-nicolassee-stromausfall-blackout-netz-energie\" data-ct-label=\"Berlin: Haushalte nach erneutem Stromausfall in Nikolassee wieder am Netz\" data-uuid=\"571f77bd-a942-48df-ab4f-aab5d239eb0c\" rel=\"nofollow noopener\" target=\"_blank\"><\/p>\n<p>                        Berlin:<br \/>\n                        Haushalte nach erneutem Stromausfall in Nikolassee wieder am Netz<\/p>\n<p>                <\/a><\/p>\n<p>                <a href=\"https:\/\/www.zeit.de\/gesellschaft\/2026-04\/stromausfall-berlin-nikolassee-kein-anschlag\" data-ct-label=\"Stromausfall in Berlin: Keine Anzeichen f\u00fcr Anschlag nach erneutem Stromausfall in Berlin\" data-uuid=\"cd35df4e-a508-4c35-93cc-5d92030f1b6e\" rel=\"nofollow noopener\" target=\"_blank\"><\/p>\n<p>                        Stromausfall in Berlin:<br \/>\n                        Keine Anzeichen f\u00fcr Anschlag nach erneutem Stromausfall in Berlin<\/p>\n<p>                <\/a><\/p>\n<p class=\"paragraph article__item\">Vor Ort waren nach Angaben eines Sprechers bis zu 70 Einsatzkr\u00e4fte der Feuerwehr. Die L\u00f6scharbeiten gestalteten sich schwierig, weil das Geb\u00e4ude sehr verwinkelt ist und die Flammen in 44 Metern H\u00f6he loderten. Dennoch schritt die Brandbek\u00e4mpfung dem Sprecher zufolge z\u00fcgig voran. Allerdings blieben Einsatzkr\u00e4fte auch am Abend vor Ort, um weitere Glutnester zu l\u00f6schen.\n<\/p>\n<p>                Keine Auswirkungen auf Energieversorgung        <\/p>\n<p class=\"paragraph article__item\">Das Gaskraftwerk selbst war von dem Feuer nicht betroffen, betonte ein Sprecher des Betreibers Berliner Energie und W\u00e4rme (BEW). Die Energieversorgung sei sichergestellt. Zu Ursache des Brandes lagen keine Angaben vor, \u00fcblicherweise ermittelt dazu die Polizei.\n<\/p>\n<p>        Unangenehme Erinnerungen        <\/p>\n<p class=\"paragraph article__item\">Das Kraftwerk Lichterfelde war Anfang Januar in die Schlagzeilen geraten, weil mutma\u00dfliche Linksextremisten einen Brandanschlag auf eine Kabelbr\u00fccke nahe dem Komplex ver\u00fcbten. Folge war der bislang l\u00e4ngste Stromausfall der Berliner Nachkriegsgeschichte.\u00a0\n<\/p>\n<p class=\"paragraph article__item\">Im S\u00fcdwesten der Stadt waren 100.000 Menschen in 45.000 Haushalten und mehr als 2.000 Gewerbebetriebe ab dem 3. Januar teils tagelang ohne Strom und damit oft auch ohne Heizung. Am 7. Januar war die Stromversorgung wieder f\u00fcr alle hergestellt.\n<\/p>\n<p class=\"paragraph article__item\">\u00a9 dpa-infocom, dpa:260422-930-979852\/4<\/p>\n","protected":false},"excerpt":{"rendered":"Auf dem Gel\u00e4nde des Heizkraftwerks Lichterfelde im S\u00fcdwesten Berlins hat es gebrannt. Nach Angeben der Feuerwehr loderten die&hellip;\n","protected":false},"author":2,"featured_media":965092,"comment_status":"","ping_status":"","sticky":false,"template":"","format":"standard","meta":{"footnotes":"","_share_on_mastodon":"0"},"categories":[1825],"tags":[1941,1939,296,1937,209698,29,30,92350,11481,1940,15,1938],"class_list":["post-965091","post","type-post","status-publish","format-standard","has-post-thumbnail","category-berlin","tag-aktuelle-nachrichten-aus-berlin","tag-aktuelle-news-aus-berlin","tag-berlin","tag-berlin-news","tag-brand-in-lichterfelde","tag-deutschland","tag-germany","tag-kraftwerksgelaende","tag-lichterfelde","tag-nachrichten-aus-berlin","tag-news","tag-news-aus-berlin"],"share_on_mastodon":{"url":"https:\/\/pubeurope.com\/@de\/116449582161830967","error":""},"_links":{"self":[{"href":"https:\/\/www.europesays.com\/de\/wp-json\/wp\/v2\/posts\/965091","targetHints":{"allow":["GET"]}}],"collection":[{"href":"https:\/\/www.europesays.com\/de\/wp-json\/wp\/v2\/posts"}],"about":[{"href":"https:\/\/www.europesays.com\/de\/wp-json\/wp\/v2\/types\/post"}],"author":[{"embeddable":true,"href":"https:\/\/www.europesays.com\/de\/wp-json\/wp\/v2\/users\/2"}],"replies":[{"embeddable":true,"href":"https:\/\/www.europesays.com\/de\/wp-json\/wp\/v2\/comments?post=965091"}],"version-history":[{"count":0,"href":"https:\/\/www.europesays.com\/de\/wp-json\/wp\/v2\/posts\/965091\/revisions"}],"wp:featuredmedia":[{"embeddable":true,"href":"https:\/\/www.europesays.com\/de\/wp-json\/wp\/v2\/media\/965092"}],"wp:attachment":[{"href":"https:\/\/www.europesays.com\/de\/wp-json\/wp\/v2\/media?parent=965091"}],"wp:term":[{"taxonomy":"category","embeddable":true,"href":"https:\/\/www.europesays.com\/de\/wp-json\/wp\/v2\/categories?post=965091"},{"taxonomy":"post_tag","embeddable":true,"href":"https:\/\/www.europesays.com\/de\/wp-json\/wp\/v2\/tags?post=965091"}],"curies":[{"name":"wp","href":"https:\/\/api.w.org\/{rel}","templated":true}]}}