{"id":965139,"date":"2026-04-22T18:07:21","date_gmt":"2026-04-22T18:07:21","guid":{"rendered":"https:\/\/www.europesays.com\/de\/965139\/"},"modified":"2026-04-22T18:07:21","modified_gmt":"2026-04-22T18:07:21","slug":"neue-galerie-in-augsburg-goeggingen-maximiliane-umlauf-laedt-in-den-mju3-art-salon","status":"publish","type":"post","link":"https:\/\/www.europesays.com\/de\/965139\/","title":{"rendered":"Neue Galerie in Augsburg-G\u00f6ggingen: Maximiliane Umlauf l\u00e4dt in den Mju3 Art Salon"},"content":{"rendered":"<p class=\"mb-6 text-xs md:text-m lg:text-l font-serif group-[.font-sans]:font-sans \">\n    Vom \u00e4u\u00dferen Eindruck her w\u00fcrde man eine Kunstgalerie hier nicht vermuten. Ein b\u00fcrgerliches Wohnhaus in <a href=\"https:\/\/www.augsburger-allgemeine.de\/augsburg\/ort\/goeggingen\" target=\"_self\" class=\"underline \" rel=\"nofollow noopener\">G\u00f6ggingens<\/a> Aichingerstra\u00dfe, gut und gerne hundert Jahre alt, das um ein Stra\u00dfeneck heruml\u00e4uft und \u2013 dies allerdings k\u00f6nnte auf Au\u00dfergew\u00f6hnliches hindeuten \u2013 obenauf ein rundes T\u00fcrmchen vorzuweisen hat. Man muss klingeln, um zur Galerie zu gelangen, dann geht es die Treppen hinunter ins Souterrain, das sich am Ende der Stufen aber gar nicht als unter der Erde gelegene Etage entpuppt, weil ein Gef\u00e4lle unterm Haus verl\u00e4uft. Voil\u00e0, hier ist sie, die neue Augsburger Galerie f\u00fcr zeitgen\u00f6ssische Kunst, der Mju3 Art Salon \u2013 die Buchstaben-Zahlen-Kombination, eine r\u00fcckverwandelte Lautschrift, will wie die Muse auf Englisch ausgesprochen werden: muse.\n  <\/p>\n<p class=\"mb-6 text-xs md:text-m lg:text-l font-serif group-[.font-sans]:font-sans \">\n    Maximiliane Umlauf ist die Galeristin, alleinige Betreiberin des Mju3 Art Salon. Umlauf ist in der Augsburger Kunstszene keine Unbekannte. Nach Abschluss ihres Studiums der Kunst- und Kulturgeschichte war sie unter anderem f\u00fcr die Ecke-Galerie sowie f\u00fcr die Galerie Cyprian Brenner t\u00e4tig. Nach ihrem Ausscheiden dort, rund eineinhalb Jahre ist es her, stellte sie schnell fest, dass sie den direkten Kontakt mit der Kunst und ihren Urhebern schmerzlich vermisste. Weshalb Maximiliane Umlauf Augen und Ohren aufhielt, ob sich nicht irgendwo Gelegenheit erg\u00e4be, selbst etwas auf die Beine zu stellen.\n  <\/p>\n<p>            Gleich um die Ecke zwei weitere Galerien<\/p>\n<p class=\"mb-6 text-xs md:text-m lg:text-l font-serif group-[.font-sans]:font-sans \">\n    Hier kommen<a href=\"https:\/\/www.augsburger-allgemeine.de\/augsburg\/kultur\/faszination-schwarz-christof-rehms-praesentiert-boese-blumen-im-kunstraum-in-leitershofen-107791297\" target=\"_self\" class=\"underline \" rel=\"nofollow noopener\"> Christof Rehm<\/a> und <a href=\"https:\/\/www.augsburger-allgemeine.de\/aichach\/aichach-liebhaber-des-abstrakten-andreas-stuckens-leben-mit-der-kunst-id57972481.html\" target=\"_self\" class=\"underline \" rel=\"nofollow noopener\">Andreas Stucken<\/a> ins Spiel. Beide betreiben schon seit l\u00e4ngerem selbst kleine Galerien, die eine wie die andere um die Ecke gelegen in der G\u00f6gginger Bergstra\u00dfe \u2013 bei Rehm ist es der Fotodiskurs-Pavillon, bei Stucken der Projektraum Augsburg Contemporary. Man tauschte sich aus \u00fcber die Idee einer weiteren Galerie, und Rehm war es schlie\u00dflich, der eines Tages mit der Nachricht kam, er w\u00fcsste da etwas im selben Quartier, in der Aichingerstra\u00dfe 2 \u2026 \u201eIch war gleich begeistert\u201c, erinnert sich Maximiliane Umlauf an die ersten Blicke dorthin, wo nun der Mju3 Art Salon entstanden ist.\n  <\/p>\n<p class=\"mb-6 text-xs md:text-m lg:text-l font-serif group-[.font-sans]:font-sans \">\n    Der umfasst drei kleinere, zusammen etwa 50 Quadratmeter umfassende Ausstellungsr\u00e4ume, zwei davon mit Fenstern in einen ausgedehnten Innenhof. Eine sch\u00f6ne Jugendstil-Fl\u00fcgelt\u00fcr als Raumteiler setzt einen kunsthistorischen Akzent, an mehreren W\u00e4nden entlang zieht sich auf halber H\u00f6he eine Wandverkleidung in Terrazzo-Technik, am Boden einesteils Holz, zum anderen dunkler Asphalt. Vielleicht, mutma\u00dft Maximiliane Umlauf, dienten die R\u00e4ume einst zu besonderen Verkaufs-, Lager- oder K\u00fchlzwecken. Ihr jedenfalls kommt das Konglomerat der Materialien entgegen, \u201ees passt zu mir\u201c, findet sie, \u201eein White Cube w\u00e4re nichts f\u00fcr mich\u201c.\n  <\/p>\n<p>            Die K\u00fcnstler-Mischung macht\u2018s, findet die Galeristin<\/p>\n<p class=\"mb-6 text-xs md:text-m lg:text-l font-serif group-[.font-sans]:font-sans \">\n    Die Galeristin hat klare Vorstellungen, wie sie ihren Art Salon konzeptionell zu positionieren gedenkt. Einzelausstellungen soll es nicht geben, vielmehr sieht sie sich der Leitidee der franz\u00f6sischen Salons des 19. Jahrhunderts verpflichtet, m\u00f6chte \u201eVielfalt abbilden\u201c. Worunter sie versteht, dass sich neben dem akademisch ausgebildeten K\u00fcnstler, neben der Meistersch\u00fclerin von X oder Y, sehr wohl auch der Autodidakt finden kann, wenn die k\u00fcnstlerische Qualit\u00e4t eine entsprechende ist. Nicht zu konservativ soll es sein, ihr k\u00fcnftiges Programm, aber auch nicht angestrengt progressiv. An Trends, wie sie auch der Kunstmarkt immer wieder hervorbringt, m\u00f6chte sie nicht anh\u00e4ngen. Lieber gezielt ihre eigenen K\u00fcnstler suchen \u2013 viel Zeit, sagt Maximiliane Umlauf, verbringe sie bei der Recherche im Internet \u2013, die sie dann zusammenzuf\u00fchren gedenkt in Gruppenausstellungen, welche unter ein bestimmtes (wenn auch prinzipiell weit ge\u00f6ffnetes) Thema gestellt werden.\n  <\/p>\n<p class=\"mb-6 text-xs md:text-m lg:text-l font-serif group-[.font-sans]:font-sans \">\n    So wie nun die erste Ausstellung, die am Sonntag, 26. April, den Mju3 Art Salon erstmals f\u00fcrs Publikum \u00f6ffnet. \u201eGroundbreaking\u201c (\u201ebahnbrechend\u201c) ist die Schau betitelt, die f\u00fcnf K\u00fcnstlerinnen und K\u00fcnstler pr\u00e4sentiert. Maria Justus, Judith Kaminski, Thomas Kitzinger, Martin Bruno Schmid und Bernd Schwarting setzen, wie Maximiliane Umlauf es in einem zusammenfassenden Text formuliert hat, \u201eklassische Formensprache und kunsthistorische Bez\u00fcge in einen modernen, zeitgen\u00f6ssischen Kontext und veranschaulichen eing\u00e4ngig das Ausbrechen an sich sowie Zerbrechlichkeit, \u00c4ngste, aber auch St\u00e4rke, Mut und das \u00fcber sich Hinauswachsen.\u201c\n  <\/p>\n<p>            Zusammen statt jeder f\u00fcr sich<\/p>\n<p class=\"mb-6 text-xs md:text-m lg:text-l font-serif group-[.font-sans]:font-sans \">\n    Doch die neue Galerie will nicht nur mit Themenausstellungen aufwarten, sondern auch Ort f\u00fcr Gespr\u00e4che, Diskussionen, Zusammenk\u00fcnfte aller Art sein. Und nicht zuletzt Teil eines nunmehr entstandenen \u201eDreigestirns\u201c an Galerien in Augsburgs S\u00fcden. Mit Fotodiskurs und Augsburg Contemporary in der Bergstra\u00dfe will sich der Mju3 Art Salon keineswegs nur abstimmen, sondern buchst\u00e4blich gemeinsame Sache machen. Und so er\u00f6ffnet am Sonntag nicht nur Maximiliane Umlauf ihre erste Ausstellung in den neuen R\u00e4umen, sondern zeigen auch die beiden anderen Eckepunkte des Galerie-Trios jeweils neue Ausstellungen.\n  <\/p>\n<p class=\"mb-6 text-xs md:text-m lg:text-l font-serif group-[.font-sans]:font-sans \">\n    Den Betrieb ihrer neuen Galerie sieht Maximiliane Umlauf keineswegs blau\u00e4ugig. \u201eIch wei\u00df, wie schwierig dieser Markt ist\u201c, sagt sie, die f\u00fcr den eigenen Lebensunterhalt noch als Angestellte arbeitet. \u201eAber f\u00fcr den Austausch mit K\u00fcnstlern und K\u00fcnstlerinnen\u201c, und dabei schwingt echte Passion in ihrer Stimme mit, \u201edaf\u00fcr lebe ich.\u201c\n  <\/p>\n<p>    Drei Galerien, drei neue Ausstellungen<\/p>\n<p class=\"mb-6 text-xs md:text-m lg:text-l font-serif group-[.font-sans]:font-sans \">\n    Die Er\u00f6ffnung der nachfolgend genannten Ausstellungen findet einheitlich statt am Sonntag, 26. April, von 11 bis 16 Uhr.\n  <\/p>\n<ul rel=\"\" class=\"[&amp;&gt;li]:relative list-none  [&amp;&gt;li]:pl-[1.2em] [&amp;&gt;li]:marker:text-[0] [&amp;&gt;li]:relative [&amp;&gt;li]:before:absolute [&amp;&gt;li]:before:w-3 [&amp;&gt;li]:before:h-3 [&amp;&gt;li]:before:bg-brand [&amp;&gt;li]:before:left-0 [&amp;&gt;li]:before:top-[8px] [&amp;&gt;li]:before:rounded-full  my-5\">\n<li class=\" mb-3 text-xs md:text-m lg:text-l\">Mju3 Art Salon (Aichingerstra\u00dfe 2) \u2013 Die Er\u00f6ffnungsschau \u201eGroundbreaking\u201c l\u00e4uft bis zum 30. Mai, ge\u00f6ffnet ist Freitag und Samstag von 14 bis 18 Uhr.<\/li>\n<li class=\" mb-3 text-xs md:text-m lg:text-l\">Augsburg Contemporary (Bergstra\u00dfe 11) \u2013 Unter dem Titel \u201eLeere H\u00fcllen fallen\u201c richtet die Augsburger K\u00fcnstlerin Esther Zahel eine Rauminstallation ein (bis 30. Mai, Freitag\/Samstag 14 bis 17 Uhr).<\/li>\n<li class=\" mb-3 text-xs md:text-m lg:text-l\">Fotodiskurs (Bergstra\u00dfe 12) \u2013 Die Ausstellung \u201eSubreal\u201c zeigt Fotografien von Christa N\u00e4her und Dieter Rehm (bis 24. Mai, Freitag\/Samstag 14 bis 17 Uhr).<\/li>\n<\/ul>\n","protected":false},"excerpt":{"rendered":"Vom \u00e4u\u00dferen Eindruck her w\u00fcrde man eine Kunstgalerie hier nicht vermuten. Ein b\u00fcrgerliches Wohnhaus in G\u00f6ggingens Aichingerstra\u00dfe, gut&hellip;\n","protected":false},"author":2,"featured_media":965140,"comment_status":"","ping_status":"","sticky":false,"template":"","format":"standard","meta":{"footnotes":"","_share_on_mastodon":"0"},"categories":[1846],"tags":[209715,206479,680,772,209716,209714,3364,29,548,663,3934,30,146678,13,209718,18947,209717,209713,14,3893,15,12],"class_list":["post-965139","post","type-post","status-publish","format-standard","has-post-thumbnail","category-augsburg","tag-aichingerstrasse","tag-andreas-stucken","tag-augsburg","tag-bayern","tag-brennerpass","tag-christof-rehm","tag-de","tag-deutschland","tag-eu","tag-europa","tag-europe","tag-germany","tag-goeggingen","tag-headlines","tag-judith-kaminski","tag-kunstraum","tag-maria-justus","tag-maximiliane-umlauf","tag-nachrichten","tag-neueroeffnung","tag-news","tag-schlagzeilen"],"share_on_mastodon":{"url":"https:\/\/pubeurope.com\/@de\/116449696102101674","error":""},"_links":{"self":[{"href":"https:\/\/www.europesays.com\/de\/wp-json\/wp\/v2\/posts\/965139","targetHints":{"allow":["GET"]}}],"collection":[{"href":"https:\/\/www.europesays.com\/de\/wp-json\/wp\/v2\/posts"}],"about":[{"href":"https:\/\/www.europesays.com\/de\/wp-json\/wp\/v2\/types\/post"}],"author":[{"embeddable":true,"href":"https:\/\/www.europesays.com\/de\/wp-json\/wp\/v2\/users\/2"}],"replies":[{"embeddable":true,"href":"https:\/\/www.europesays.com\/de\/wp-json\/wp\/v2\/comments?post=965139"}],"version-history":[{"count":0,"href":"https:\/\/www.europesays.com\/de\/wp-json\/wp\/v2\/posts\/965139\/revisions"}],"wp:featuredmedia":[{"embeddable":true,"href":"https:\/\/www.europesays.com\/de\/wp-json\/wp\/v2\/media\/965140"}],"wp:attachment":[{"href":"https:\/\/www.europesays.com\/de\/wp-json\/wp\/v2\/media?parent=965139"}],"wp:term":[{"taxonomy":"category","embeddable":true,"href":"https:\/\/www.europesays.com\/de\/wp-json\/wp\/v2\/categories?post=965139"},{"taxonomy":"post_tag","embeddable":true,"href":"https:\/\/www.europesays.com\/de\/wp-json\/wp\/v2\/tags?post=965139"}],"curies":[{"name":"wp","href":"https:\/\/api.w.org\/{rel}","templated":true}]}}