{"id":965190,"date":"2026-04-22T18:36:20","date_gmt":"2026-04-22T18:36:20","guid":{"rendered":"https:\/\/www.europesays.com\/de\/965190\/"},"modified":"2026-04-22T18:36:20","modified_gmt":"2026-04-22T18:36:20","slug":"eisheilige-in-nuernberg-kaeltewelle-kommt-in-diesem-jahr-wohl-frueher","status":"publish","type":"post","link":"https:\/\/www.europesays.com\/de\/965190\/","title":{"rendered":"Eisheilige in N\u00fcrnberg: K\u00e4ltewelle kommt in diesem Jahr wohl fr\u00fcher"},"content":{"rendered":"<p>Bauernregeln verlieren an Bedeutung <\/p>\n<p>Eisheilige k\u00f6nnten dieses Jahr fr\u00fcher kommen<\/p>\n<p>Aktualisiert am 22.04.2026 &#8211; 18:40 UhrLesedauer: 2 Min.<\/p>\n<p><a href=\"#focus-0\" class=\"transition-colors duration-200 block text-current relative\" data-sctrack=\"FocusGalleryImage.Reference\"><img fetchpriority=\"high\" data-testid=\"Opener.Image\" style=\"--lqipURL:url('https:\/\/images.t-online.de\/2021\/11\/85660474v2\/0x100:1920x1080\/fit-in\/150x0\/filters:blur(25)\/frau-traegt-planzen-in-den-garten-was-es-bei-den-eisheiligen-zu-beachten-gilt.jpg')\"   loading=\"eager\" src=\"https:\/\/www.europesays.com\/de\/wp-content\/uploads\/2026\/04\/frau-traegt-planzen-in-den-garten-was-es-bei-den-eisheiligen-zu-beachten-gilt.jpg\" alt=\"Frau tr\u00e4gt Planzen in den Garten: Was es bei den Eisheiligen zu beachten gilt.\" title=\"Frau tr\u00e4gt Planzen in den Garten: Was es bei den Eisheiligen zu beachten gilt.\" width=\"1920\" height=\"1080\" class=\"bg-[url:var(--lqipURL)] bg-cover bg-center flex h-full w-full max-w-full\" decoding=\"async\"\/><img style=\"--width:32;--height:32\" loading=\"lazy\" src=\"https:\/\/nuernberg.t-online.de\/s\/paper\/_next\/static\/media\/zoom-in.f7dae02f.svg\" alt=\"Vergr\u00f6\u00dfern des Bildes\" title=\"Vergr\u00f6\u00dfern des Bildes\" class=\"block h-[calc(var(--height)_\/_16_*_1rem)] w-[calc(var(--width)_\/_16_*_1rem)] max-w-none absolute bottom-8 right-8 rounded-4 bg-snow p-8\" decoding=\"async\"\/><\/a><\/p>\n<p>G\u00e4rtnern im Fr\u00fchling (Symbolbild): Traditionell treten die Eisheiligen Mitte Mai auf. (Quelle: AndreaObzerova\/getty-images-bilder)<\/p>\n<p class=\"font-bold text-18 leading-17 user-text-lg:text-22 user-text-xl:text-24\">Die traditionellen Bauernregeln gelten auch in Bayern f\u00fcr viele Hobbyg\u00e4rtner weiterhin als Orientierung. Doch verl\u00e4sslich sind diese schon lange nicht mehr.<\/p>\n<p class=\"text-18 leading-17 user-text-lg:text-22 user-text-xl:text-24\">Vor allem Hobbyg\u00e4rtner verfolgen jedes Fr\u00fchjahr aufmerksam die Zeit der Eisheiligen. Denn die Tage Mitte Mai gelten traditionell als Phase, in der es noch einmal deutlich abk\u00fchlen kann und Sp\u00e4tfrost jungen Pflanzen schadet. \u00dcblicherweise wird zwischen dem 11. und 15. Mai mit einem K\u00e4lter\u00fcckfall gerechnet.<\/p>\n<p class=\"text-18 leading-17 user-text-lg:text-22 user-text-xl:text-24\">Bei den Eisheiligen handelt es sich jedoch nicht um ein Naturgesetz, sondern um eine \u00fcberlieferte Erfahrungsregel aus der Landwirtschaft. Trotzdem warten viele Gartenfreunde weiterhin ab, bevor sie empfindliche Pflanzen ins Freie setzen. Die Eisheiligen gehen auf die Namenstage von katholischen Heiligen im Mai zur\u00fcck.<\/p>\n<p class=\"text-18 leading-17 user-text-lg:text-22 user-text-xl:text-24\">In Bayern sind Mamertus, Pankratius, Servatius und Bonifatius auch als &#8222;gestrenge Herren&#8220; bekannt. Komplettiert werden sie von Sophia, der &#8222;kalten Sophie&#8220;. Mit ihnen verbinden sich zahlreiche Bauernregeln wie &#8222;Pankraz und Servaz sind zwei b\u00f6se Br\u00fcder, was der Fr\u00fchling gebracht, zerst\u00f6ren sie wieder&#8220; oder &#8222;Pflanze nie vor der kalten Sophie&#8220;. Ebenso verbreitet ist der Spruch: &#8222;Vor Bonifaz kein Sommer, nach der Sophie kein Frost&#8220;.<\/p>\n<p class=\"text-18 leading-17 user-text-lg:text-22 user-text-xl:text-24\">Im Kalender beginnen die Eisheiligen am 11. Mai mit Mamertus und enden am 15. Mai mit der &#8222;kalten Sophie&#8220;. F\u00fcr das Jahr 2026 l\u00e4sst sich derzeit jedoch noch keine verl\u00e4ssliche Aussage treffen, wie sie in Bayern konkret ausfallen werden. Klar ist: K\u00e4lteeinbr\u00fcche sind zu dieser Jahreszeit grunds\u00e4tzlich nichts Ungew\u00f6hnliches.<\/p>\n<p class=\"text-18 leading-17 user-text-lg:text-22 user-text-xl:text-24\">Aktuelle Entwicklungen deuten jedoch darauf hin, dass m\u00f6gliche K\u00e4ltephasen in diesem Jahr eher fr\u00fcher auftreten k\u00f6nnten. Bereits Ende April und Anfang Mai sind in S\u00fcddeutschland k\u00fchle N\u00e4chte mit Bodenfrost nicht ausgeschlossen. So warnt der Deutsche Wetterdienst (DWD) aktuell nahezu in ganz Bayern vor n\u00e4chtlichem Bodenfrost. Ursache sind unter anderem wiederkehrende Kaltluftstr\u00f6mungen aus dem Norden.<\/p>\n<p class=\"text-18 leading-17 user-text-lg:text-22 user-text-xl:text-24\">Als grobe Orientierung sind Eisheiligen aus Sicht des DWD daher heute nicht mehr das, was sie einmal waren: Zwar k\u00f6nne es auch weiterhin zu Sp\u00e4tfr\u00f6sten kommen, diese seien jedoch seltener und fielen meist weniger stark aus, erkl\u00e4rt Andreas Br\u00f6mser, Experte f\u00fcr Agrarmeteorologie beim DWD. Nach seiner Einsch\u00e4tzung haben die Eisheiligen mit Blick auf den Klimawandel weitgehend an Bedeutung verloren.<\/p>\n<p class=\"text-18 leading-17 user-text-lg:text-22 user-text-xl:text-24\">Grund daf\u00fcr sei, dass sich die Frostgrenze zunehmend nach vorn verschiebt. &#8222;Es ist so sp\u00e4t nur noch selten so kalt, dass man Frost hat&#8220;, sagt Br\u00f6mser. &#8222;Und es gibt keine Untersuchung, dass es wirklich eine Gesetzm\u00e4\u00dfigkeit der Regel gibt.&#8220; Langfristige Daten des DWD zeigen zudem, dass Sp\u00e4tfr\u00f6ste insgesamt seltener geworden sind und sich zeitlich nach vorn verschoben haben.<\/p>\n<p class=\"text-18 leading-17 user-text-lg:text-22 user-text-xl:text-24\">Die Wahrscheinlichkeit f\u00fcr Frost liegt demnach in vielen Regionen bereits ab Anfang Mai nur noch im einstelligen Prozentbereich. Dennoch bleibt ein Restrisiko bestehen \u2013 besonders bei klaren N\u00e4chten. F\u00fcr G\u00e4rtner bedeutet das: Wer auf Nummer sicher gehen will, orientiert sich weiterhin an den Eisheiligen. Gleichzeitig k\u00f6nnen mutigere Hobbyg\u00e4rtner in milden Lagen zunehmend fr\u00fcher mit dem Pflanzen beginnen.<\/p>\n","protected":false},"excerpt":{"rendered":"Bauernregeln verlieren an Bedeutung Eisheilige k\u00f6nnten dieses Jahr fr\u00fcher kommen Aktualisiert am 22.04.2026 &#8211; 18:40 UhrLesedauer: 2 Min.&hellip;\n","protected":false},"author":2,"featured_media":965191,"comment_status":"","ping_status":"","sticky":false,"template":"","format":"standard","meta":{"footnotes":"","_share_on_mastodon":"0"},"categories":[1837],"tags":[722,173877,772,3364,950,29,37015,30,3783],"class_list":["post-965190","post","type-post","status-publish","format-standard","has-post-thumbnail","category-nuernberg","tag-722","tag-bauernregel","tag-bayern","tag-de","tag-deutscher-wetterdienst","tag-deutschland","tag-eisheiligen","tag-germany","tag-nuernberg"],"share_on_mastodon":{"url":"https:\/\/pubeurope.com\/@de\/116449811339595047","error":""},"_links":{"self":[{"href":"https:\/\/www.europesays.com\/de\/wp-json\/wp\/v2\/posts\/965190","targetHints":{"allow":["GET"]}}],"collection":[{"href":"https:\/\/www.europesays.com\/de\/wp-json\/wp\/v2\/posts"}],"about":[{"href":"https:\/\/www.europesays.com\/de\/wp-json\/wp\/v2\/types\/post"}],"author":[{"embeddable":true,"href":"https:\/\/www.europesays.com\/de\/wp-json\/wp\/v2\/users\/2"}],"replies":[{"embeddable":true,"href":"https:\/\/www.europesays.com\/de\/wp-json\/wp\/v2\/comments?post=965190"}],"version-history":[{"count":0,"href":"https:\/\/www.europesays.com\/de\/wp-json\/wp\/v2\/posts\/965190\/revisions"}],"wp:featuredmedia":[{"embeddable":true,"href":"https:\/\/www.europesays.com\/de\/wp-json\/wp\/v2\/media\/965191"}],"wp:attachment":[{"href":"https:\/\/www.europesays.com\/de\/wp-json\/wp\/v2\/media?parent=965190"}],"wp:term":[{"taxonomy":"category","embeddable":true,"href":"https:\/\/www.europesays.com\/de\/wp-json\/wp\/v2\/categories?post=965190"},{"taxonomy":"post_tag","embeddable":true,"href":"https:\/\/www.europesays.com\/de\/wp-json\/wp\/v2\/tags?post=965190"}],"curies":[{"name":"wp","href":"https:\/\/api.w.org\/{rel}","templated":true}]}}