{"id":96521,"date":"2025-05-09T08:59:12","date_gmt":"2025-05-09T08:59:12","guid":{"rendered":"https:\/\/www.europesays.com\/de\/96521\/"},"modified":"2025-05-09T08:59:12","modified_gmt":"2025-05-09T08:59:12","slug":"warum-frankreich-und-polen-enger-zusammenruecken","status":"publish","type":"post","link":"https:\/\/www.europesays.com\/de\/96521\/","title":{"rendered":"Warum Frankreich und Polen enger zusammenr\u00fccken"},"content":{"rendered":"<p class=\"tspB0l0 tspB0l1\">Es war schon lange geplant, jetzt sollen die Unterschriften gesetzt werden: An diesem Freitag kommen Frankreichs Pr\u00e4sident Emmanuel Macron und Polens Regierungschef Donald Tusk in Nancy zusammen, um ein umfangreiches Freundschafts- und Sicherheitsabkommen zu unterzeichnen. <\/p>\n<p><a href=\"https:\/\/abo.tagesspiegel.de\/tagesspiegel-app?icid=single-topic_13653982___\" data-gtm-class=\"article-mzt-link\" class=\"tspB8mp\" target=\"_blank\" rel=\"noopener\">Die Tagesspiegel-App Aktuelle Nachrichten, Hintergr\u00fcnde und Analysen direkt auf Ihr Smartphone. Dazu die digitale Zeitung. Hier gratis herunterladen.  <\/a><\/p>\n<p class=\"tspB0l0\">Der Vertrag von Nancy umfasst Themen von wirtschaftlicher Zusammenarbeit \u00fcber Bildung bis hin zur m\u00f6glichen Zusammenarbeit beim Bau eines Atomkraftwerkes in Polen. Im Fokus stehen aber vor allem Sicherheit und Verteidigung. <\/p>\n<p class=\"tspB0l0\">In Zeiten anhaltender <a href=\"https:\/\/www.tagesspiegel.de\/internationales\/greift-russland-bald-nato-gebiet-an-herr-masala-es-sind-keinesfalls-alle-krafte-in-der-ukraine-gebunden-13423231.html?icid=in-text-link_13653982\" class=\"link link--internal\" data-gtm-class=\"article-text-link\" data-gtm-val=\"internal\" target=\"_blank\" rel=\"noopener\">geopolitischer Spannungen mit Belarus und Russland<\/a> ist Polen als Ostflanke der Nato ein unumg\u00e4nglicher Partner in Sachen Verteidigung \u2013 das hat auch Frankreich erkannt. <\/p>\n<p class=\"tspUez\">Empfohlener redaktioneller Inhalt<\/p>\n<p> An dieser Stelle finden Sie einen von unseren Redakteuren ausgew\u00e4hlten, externen Inhalt, der den Artikel f\u00fcr Sie mit zus\u00e4tzlichen Informationen anreichert. Sie k\u00f6nnen sich hier den externen Inhalt mit einem Klick anzeigen lassen oder wieder ausblenden. <\/p>\n<p> Externen Inhalt anzeigen <\/p>\n<p class=\"tspUe5\"> Ich bin damit einverstanden, dass mir der externe Inhalt angezeigt wird. Damit k\u00f6nnen personenbezogene Daten an Drittplattformen \u00fcbermittelt werden.  Mehr Informationen dazu erhalten Sie in den Datenschutz-Einstellungen. Diese finden Sie ganz unten auf unserer Seite im Footer, sodass Sie Ihre Einstellungen jederzeit verwalten oder widerrufen k\u00f6nnen. <\/p>\n<p> Nancy und Polen \u2013 eine gemeinsame Geschichte <\/p>\n<p class=\"tspB0l0\">Das Abkommen reiht sich in eine Serie bilateraler Vertr\u00e4ge ein, mit denen Frankreich seine Beziehungen zu europ\u00e4ischen Partnerstaaten gefestigt hat. <\/p>\n<p class=\"tspB0l0\">Historisches Vorbild bleibt der \u00c9lys\u00e9e-Vertrag von 1963, der das Fundament der <a href=\"https:\/\/www.tagesspiegel.de\/fur-die-deutsch-franzosische-freundschaft-deutschland-und-frankreich-spendieren-60000-bahntickets-9964170.html?icid=in-text-link_13653982\" class=\"link link--internal\" data-gtm-class=\"article-text-link\" data-gtm-val=\"internal\" target=\"_blank\" rel=\"noopener\">deutsch-franz\u00f6sischen Freundschaft<\/a> legte und der 2019 in Aachen modernisiert wurde. Es folgten ein Vertrag mit Italien 2021 und ein Abkommen mit Spanien 2023. <\/p>\n<p class=\"tspB0l0\">Nancy, die Stadt im Osten Frankreichs, wurde nicht zuf\u00e4llig gew\u00e4hlt \u2013 sie steht f\u00fcr die historischen Verbindungen zwischen Frankreich und Polen. <\/p>\n<p><a href=\"https:\/\/www.tagesspiegel.de\/potsdam\/brandenburg\/putin-freundliche-krafte-innerhalb-der-spd-hofreiter-entsetzt-uber-entlassung-des-brandenburger-verfassungsschutzchefs-13662799.html?icid=single-topic_13653982___\" data-gtm-class=\"article-mzt-link\" class=\"tspB8mp\" target=\"_blank\" rel=\"noopener\">\u201ePutin-freundliche Kr\u00e4fte innerhalb der SPD\u201c Hofreiter entsetzt \u00fcber Entlassung des Brandenburger Verfassungsschutzchefs <\/a><\/p>\n<p class=\"tspB0l0\">Im 18. Jahrhundert regierte dort der polnische K\u00f6nig Leszczynski Stanis\u0142aw, der nach seiner Vertreibung \u2013 beeinflusst durch russische Machtinteressen \u2013 im franz\u00f6sischen Exil zum Herzog von Lothringen wurde. <\/p>\n<p class=\"tspB0l0\">An ihn erinnert heute noch der zentrale Place Stanislas, eines der prunkvollen Herzst\u00fccke von Nancy.<\/p>\n<p><img decoding=\"async\" src=\"https:\/\/www.europesays.com\/de\/wp-content\/uploads\/2025\/05\/hotel-de-ville-town-hall-in-stanislas-place-in-nancy-france-the-hotel-de-ville-town-hall-in-s.jpeg\"   alt=\"\" aria-labelledby=\"caption-13656148\" width=\"440\" height=\"330\" loading=\"lazy\" class=\"tspBWlp\"\/> Das Rathaus von Nancy auf dem Place Stanislas. Inmitten des Platzes eine Statue des ehemaligen Exil-Herzogs. <\/p>\n<p class=\"tspA9jb\"> \u00a9 Foto: imago\/Panthermedia\/Steve Allen <\/p>\n<p class=\"tspB0l0\">Die Unterzeichnung wird franz\u00f6sischen Medienberichten zufolge in dem Nachbarort Toul stattfinden. <\/p>\n<p class=\"tspB0l0\">Dort war Anfang der 1920er Jahre eine zentrale Einreisestelle f\u00fcr polnische Arbeiter, die nach dem Ersten Weltkrieg f\u00fcr die Minenarbeit in Frankreich rekrutiert wurden. <\/p>\n<p> Europas m\u00e4chtige Mitte w\u00e4chst <\/p>\n<p class=\"tspB0l0\">Der Vertrag von Nancy ist das erste Abkommen dieser Art, das Frankreich mit einem Staat schlie\u00dft, das kein direkter Nachbar ist. <\/p>\n<p class=\"tspB0l0\">Wie der franz\u00f6sische Au\u00dfenminister Jean-Noel Barrot im Beisein des polnischen Au\u00dfenministers Rados\u0142aw Sikorski am Dienstag bei einem Botschaftertreffen sagte, soll der Kooperationsvertrag ein neues Kapitel in den polnisch-franz\u00f6sischen Beziehungen einleiten. <\/p>\n<p><a href=\"https:\/\/www.tagesspiegel.de\/politik\/erstes-telefonat-unter-regierungschefs-merz-und-trump-sprechen-uber-ende-des-handelsstreits-und-ukraine-krieg-13662220.html?icid=single-topic_13653982___\" data-gtm-class=\"article-mzt-link\" class=\"tspB8mp\" target=\"_blank\" rel=\"noopener\">Erstes Telefonat unter Regierungschefs Merz und Trump sprechen \u00fcber Ende des Handelsstreits und Ukraine-Krieg <\/a><\/p>\n<p class=\"tspB0l0\">Die franz\u00f6sische Wochenzeitung \u201eLe Point\u201c wertet diesen Schritt als Teil von Pr\u00e4sident Macrons Strategie, die europ\u00e4ischen Staaten um Frankreich herum zu einen. Das gemeinsame Abkommen ist somit auch ein Zeichen der Ankerkennung Polens als zentrale politische Kraft in Europa.<\/p>\n<p class=\"tspB0l0\">Der Vertrag von Nancy kann auch einen Neustart der polnisch-franz\u00f6sischen Beziehungen auf Augenh\u00f6he markieren. Viele Franz\u00f6sinnen und Franzosen wissen noch immer wenig bis gar nichts \u00fcber Polen. <\/p>\n<p class=\"tspB0l0\">Alte Klischees, wie das des \u201epolnischen Klempners\u201c, stehen noch immer sinnbildlich f\u00fcr vermeintliche Billigkonkurrenz und pr\u00e4gen bis heute das \u00f6ffentliche Bewusstsein in Frankreich.<\/p>\n<p> Bisher verlie\u00df sich Polen auf die USA <\/p>\n<p class=\"tspB0l0\">F\u00fcr Polen ist dieser Vertrag auch ein wichtiger Schritt in Sachen Verteidigung. Der Osteuropa-Experte der Stiftung f\u00fcr Wissenschaft und Politik, Kai Olaf-Lang, weist darauf hin, dass Polens Sicherheitspolitik bisher auf die Nato und das enge B\u00fcndnis mit den <a href=\"https:\/\/www.tagesspiegel.de\/internationales\/usa-rekrutieren-offenbar-spione-in-gronland-sie-wollen-die-menschen-auf-ihre-seite-ziehen-13655215.html?icid=in-text-link_13653982\" class=\"link link--internal\" data-gtm-class=\"article-text-link\" data-gtm-val=\"internal\" target=\"_blank\" rel=\"noopener\">USA <\/a>baut. <\/p>\n<p><img decoding=\"async\" src=\"https:\/\/www.europesays.com\/de\/wp-content\/uploads\/2025\/05\/1746781152_740_kai-olaf-download.jpeg\"   alt=\"\" width=\"80\" height=\"80\" loading=\"lazy\" class=\"tspBWlp\"\/><\/p>\n<p class=\"tspCHnp\"><strong>Kai-Olaf Lang<\/strong> ist Experte f\u00fcr Osteuropa und EU bei der Stiftung f\u00fcr Wissenschaft und Politik (SWP).<\/p>\n<p class=\"tspB0l0\">\u201eAuch wenn man in Polen beteuert, dass die USA zu ihren Sicherheitsgarantien stehen, wird die Ann\u00e4herung der Trump-Administration an Russland oder der Umgang mit der Ukraine mit Sorge beobachtet\u201c, sagt er. <\/p>\n<p class=\"tspB0l0\">Frankreich habe mit seiner Atomstreitmacht und seiner ostpolitischen Neuausrichtung nun f\u00fcr Polen eine neue Attraktivit\u00e4t.\u00a0<\/p>\n<p class=\"tspB0l0\">In Bezug auf Deutschland, sagt Lang, sei noch abzuwarten, ob ein \u00e4hnliches Abkommen wie mit Frankreich angestrebt wird.<\/p>\n<p> Das k\u00f6nnte Sie auch interessieren <a href=\"https:\/\/www.tagesspiegel.de\/internationales\/merz-in-paris-und-warschau-macrons-erwartungen-haben-sich-teilweise-schon-erfullt-13646374.html?icid=topic-list_13653982___\" data-gtm-class=\"article-mzt-link\" class=\"tspB8mp\" target=\"_blank\" rel=\"noopener\">Merz in Paris und Warschau  \u201eMacrons Erwartungen haben sich teilweise schon erf\u00fcllt\u201c <\/a><a href=\"https:\/\/www.tagesspiegel.de\/internationales\/es-gibt-sie-noch-die-achse-paris-berlin-merz-feiert-seinen-erfolg-im-bundestag--mit-macron-13386415.html?icid=topic-list_13653982___\" data-gtm-class=\"article-mzt-link\" class=\"tspB8mp\" target=\"_blank\" rel=\"noopener\">Es gibt sie noch, die Achse Paris-Berlin! Merz feiert seinen Erfolg im Bundestag \u2013 mit Macron <\/a><a href=\"https:\/\/www.tagesspiegel.de\/internationales\/historikerin-anne-applebaum-der-krieg-ist-zu-ende-wenn-die-russen-ihr-hauptziel-aufgeben--die-zerstorung-der-ukraine-13314943.html?icid=topic-list_13653982___\" data-gtm-class=\"article-mzt-link\" class=\"tspB8mp\" target=\"_blank\" rel=\"noopener\">Historikerin Anne Applebaum \u201eEin F\u00fcnftel der Bev\u00f6lkerung hat sich offen auf die Seite von Deutschlands Hauptfeind gestellt\u201c <\/a><\/p>\n<p class=\"tspB0l0\">Beim Antrittsbesuch von Kanzler Friedrich Merz am Mittwoch in Warschau war deutlich geworden, dass Polen die Alleing\u00e4nge der neuen Regierung bei den Grenzkontrollen nicht hinnehmen will. <\/p>\n<p class=\"tspB0l0\">Eine Gelegenheit, auch die deutsch-polnischen Beziehungen aufzustocken, w\u00e4re das Jubil\u00e4um des Nachbarschaftsvertrags\u00a0Mitte Juni.<\/p>\n","protected":false},"excerpt":{"rendered":"Es war schon lange geplant, jetzt sollen die Unterschriften gesetzt werden: An diesem Freitag kommen Frankreichs Pr\u00e4sident Emmanuel&hellip;\n","protected":false},"author":2,"featured_media":96522,"comment_status":"","ping_status":"","sticky":false,"template":"","format":"standard","meta":{"footnotes":""},"categories":[3974],"tags":[331,332,1157,548,663,8651,3934,3980,156,13,1156,14,15,3917,12,1358],"class_list":{"0":"post-96521","1":"post","2":"type-post","3":"status-publish","4":"format-standard","5":"has-post-thumbnail","7":"category-frankreich","8":"tag-aktuelle-nachrichten","9":"tag-aktuelle-news","10":"tag-aussenpolitik","11":"tag-eu","12":"tag-europa","13":"tag-europapolitik","14":"tag-europe","15":"tag-france","16":"tag-frankreich","17":"tag-headlines","18":"tag-militaerbuendnisse","19":"tag-nachrichten","20":"tag-news","21":"tag-polen","22":"tag-schlagzeilen","23":"tag-staatsbesuch"},"share_on_mastodon":{"url":"https:\/\/pubeurope.com\/@de\/114477057021644754","error":""},"_links":{"self":[{"href":"https:\/\/www.europesays.com\/de\/wp-json\/wp\/v2\/posts\/96521","targetHints":{"allow":["GET"]}}],"collection":[{"href":"https:\/\/www.europesays.com\/de\/wp-json\/wp\/v2\/posts"}],"about":[{"href":"https:\/\/www.europesays.com\/de\/wp-json\/wp\/v2\/types\/post"}],"author":[{"embeddable":true,"href":"https:\/\/www.europesays.com\/de\/wp-json\/wp\/v2\/users\/2"}],"replies":[{"embeddable":true,"href":"https:\/\/www.europesays.com\/de\/wp-json\/wp\/v2\/comments?post=96521"}],"version-history":[{"count":0,"href":"https:\/\/www.europesays.com\/de\/wp-json\/wp\/v2\/posts\/96521\/revisions"}],"wp:featuredmedia":[{"embeddable":true,"href":"https:\/\/www.europesays.com\/de\/wp-json\/wp\/v2\/media\/96522"}],"wp:attachment":[{"href":"https:\/\/www.europesays.com\/de\/wp-json\/wp\/v2\/media?parent=96521"}],"wp:term":[{"taxonomy":"category","embeddable":true,"href":"https:\/\/www.europesays.com\/de\/wp-json\/wp\/v2\/categories?post=96521"},{"taxonomy":"post_tag","embeddable":true,"href":"https:\/\/www.europesays.com\/de\/wp-json\/wp\/v2\/tags?post=96521"}],"curies":[{"name":"wp","href":"https:\/\/api.w.org\/{rel}","templated":true}]}}