{"id":965503,"date":"2026-04-22T21:32:15","date_gmt":"2026-04-22T21:32:15","guid":{"rendered":"https:\/\/www.europesays.com\/de\/965503\/"},"modified":"2026-04-22T21:32:15","modified_gmt":"2026-04-22T21:32:15","slug":"tuerkspor-dortmund-kassiert-gegen-1-fc-gievenbeck","status":"publish","type":"post","link":"https:\/\/www.europesays.com\/de\/965503\/","title":{"rendered":"T\u00fcrkspor Dortmund kassiert gegen 1. FC Gievenbeck"},"content":{"rendered":"<p>                                Spielinfos:<br \/>\nDatum &amp; Uhrzeit: 19.04.2026 15.00 Uhr<br \/>Austragungsort: Dortmund<br \/>Wettbewerb: Oberliga Westfalen<br \/>Spieltag: 32<\/p>\n<p>Spielbericht: T\u00fcrkspor Dortmund gegen 1. FC Gievenbeck 1:4 (1:1)<\/p>\n<p id=\"absatz2\" class=\"em_text\">Dortmund. Dieses Match d\u00fcrfte Dortmund-Trainer Cosar Coskun nicht begeistern: Im Spiel gegen Gievenbeck muss seine Aufstellung sich vor 69 Zuschauern im eigenen Stadion 1:4 geschlagen geben.<\/p>\n<p id=\"absatz3\" class=\"em_text\">Nach lediglich 23 Minuten erzielt Kerolos Makkar den ersten Treffer und bringt die Gastgeber ins Schwitzen. Der Ausgleich folgt in Spielminute 43: Diesmal setzt Ilyas Khattari den Ball ins Netz. Felix Bela Ritter trifft f\u00fcr Gievenbeck in Minute 62 und Ben Matteo Wolf in Minute 66. Es steht 3:1 f\u00fcr den 1. FC Gievenbeck.<\/p>\n<p id=\"absatz4\" class=\"em_text\">Beide Teams wechseln in der verbleibenden Spielzeit nochmal aus. Tolgahan Kaya wird eingesetzt f\u00fcr Jeyhun Hajiyev und Volkan Cetin Yildirim f\u00fcr Serdar Bing\u00f6l. Auf der Gastseite verlassen Leo Scheipers f\u00fcr Jonas Tepper und Ben Matteo Wolf f\u00fcr Benedikt Hubert Wilhelm Fallbrock den Platz.<\/p>\n<p id=\"absatz5\" class=\"em_text\">Dem Gievenbecker Team gelingt es ganz knapp vor Schluss, ein weiteres Mal zu treffen und den Abstand auszubauen. Felix Bela Ritter kann zwei Minuten vor Schlusspfiff erneut abschlie\u00dfen. Der 1. FC Gievenbeck entscheidet die Partie f\u00fcr sich. Platz sechs geh\u00f6rt ihnen. Die Dortmunder rutschten auf Platz 17 ab. Dem Team droht der Abstieg.<\/p>\n<p>Die Aufstellungen: T\u00fcrkspor Dortmund &#8211; 1. FC Gievenbeck<br \/>\nT\u00fcrkspor Dortmund: Ilyas Khattari (9), David Belenzada (4), Jeyhun Hajiyev (19), Mohamad Khani (18), Amed \u00d6ncel (17), Sezer Toy (6), Halil Can Dogan (11), Oguzhan Kefkir (38), Tolunay Isik (37), Serdar Bing\u00f6l (3), Mats Br\u00e4mer (16)<\/p>\n<p id=\"absatz6\" class=\"em_text\">FC Gievenbeck: Ben Matteo Wolf (25), Nico Eschhaus (1), Alexander Wieth\u00f6lter (9), Mika Keute (6), Louis Elias Martin (7), Kerolos Makkar (39), Felix Bela Ritter (8), Leo Scheipers (17), Niklas Beil (12), Fabian Witt (10), Henrik Winkelmann (3)<\/p>\n<p id=\"absatz7\" class=\"em_text\">Schiedsrichter: Bj\u00f6rn Sauer<\/p>\n<p id=\"absatz8\" class=\"em_text\">Assistent: Christian Liedtke<\/p>\n<p id=\"absatz9\" class=\"em_text\">Assistent: Dennis Eicker<\/p>\n<p id=\"absatz10\" class=\"em_text\" style=\"font-size: .8em;\">Die Inhalte dieses Berichts wurden automatisch auf der Basis von DFB-Daten zusammengestellt.<\/p>\n","protected":false},"excerpt":{"rendered":"Spielinfos: Datum &amp; Uhrzeit: 19.04.2026 15.00 UhrAustragungsort: DortmundWettbewerb: Oberliga WestfalenSpieltag: 32 Spielbericht: T\u00fcrkspor Dortmund gegen 1. FC Gievenbeck&hellip;\n","protected":false},"author":2,"featured_media":965504,"comment_status":"","ping_status":"","sticky":false,"template":"","format":"standard","meta":{"footnotes":"","_share_on_mastodon":"0"},"categories":[1833],"tags":[17783,67825,3364,29,217,101186,5282,30,17786,205213,734,7774,1613,1209,12006,194014,17712,7773,7765,94752,8404],"class_list":["post-965503","post","type-post","status-publish","format-standard","has-post-thumbnail","category-dortmund","tag-1-fc-gievenbeck","tag-ben-matteo-wolf","tag-de","tag-deutschland","tag-dortmund","tag-felix-bela-ritter","tag-fuball","tag-germany","tag-gievenbeck","tag-leo-scheipers","tag-meta_artikelklasse_nachricht","tag-meta_themen_sport","tag-meta_userneeds_informieremich","tag-nordrhein-westfalen","tag-oberliga","tag-serdar-bingl","tag-serie_ligaid_210198","tag-serie_ligaid_all","tag-spielinfo","tag-trkspor","tag-westfalen"],"share_on_mastodon":{"url":"https:\/\/pubeurope.com\/@de\/116450502184460592","error":""},"_links":{"self":[{"href":"https:\/\/www.europesays.com\/de\/wp-json\/wp\/v2\/posts\/965503","targetHints":{"allow":["GET"]}}],"collection":[{"href":"https:\/\/www.europesays.com\/de\/wp-json\/wp\/v2\/posts"}],"about":[{"href":"https:\/\/www.europesays.com\/de\/wp-json\/wp\/v2\/types\/post"}],"author":[{"embeddable":true,"href":"https:\/\/www.europesays.com\/de\/wp-json\/wp\/v2\/users\/2"}],"replies":[{"embeddable":true,"href":"https:\/\/www.europesays.com\/de\/wp-json\/wp\/v2\/comments?post=965503"}],"version-history":[{"count":0,"href":"https:\/\/www.europesays.com\/de\/wp-json\/wp\/v2\/posts\/965503\/revisions"}],"wp:featuredmedia":[{"embeddable":true,"href":"https:\/\/www.europesays.com\/de\/wp-json\/wp\/v2\/media\/965504"}],"wp:attachment":[{"href":"https:\/\/www.europesays.com\/de\/wp-json\/wp\/v2\/media?parent=965503"}],"wp:term":[{"taxonomy":"category","embeddable":true,"href":"https:\/\/www.europesays.com\/de\/wp-json\/wp\/v2\/categories?post=965503"},{"taxonomy":"post_tag","embeddable":true,"href":"https:\/\/www.europesays.com\/de\/wp-json\/wp\/v2\/tags?post=965503"}],"curies":[{"name":"wp","href":"https:\/\/api.w.org\/{rel}","templated":true}]}}