{"id":965541,"date":"2026-04-22T21:53:19","date_gmt":"2026-04-22T21:53:19","guid":{"rendered":"https:\/\/www.europesays.com\/de\/965541\/"},"modified":"2026-04-22T21:53:19","modified_gmt":"2026-04-22T21:53:19","slug":"margot-hellwig-in-sorge-um-stefan-mross-das-war-ja-seine-existenz","status":"publish","type":"post","link":"https:\/\/www.europesays.com\/de\/965541\/","title":{"rendered":"Margot Hellwig in Sorge um Stefan Mross: &#8222;Das war ja seine Existenz&#8220;"},"content":{"rendered":"<p>Das Ende der ARD-Show &#8222;Immer wieder sonntags&#8220; sorgt in der Branche und bei Fans f\u00fcr gro\u00dfe Unruhe. Seit 2005 steht Stefan Mross (50) als Gastgeber auf der B\u00fchne im Europa-Park \u2013 doch im September 2026 ist f\u00fcr immer Schluss. Der Sender will sparen und sich k\u00fcnftig st\u00e4rker auf j\u00fcngere Formate konzentrieren. Die <a href=\"https:\/\/www.abendzeitung-muenchen.de\/organisation\/ard\/\" rel=\"nofollow noopener\" target=\"_blank\">ARD<\/a> setzt die Kult-Sendung nach 31 Jahren ab. F\u00fcr Margot Hellwig (84) ist das ein herber Schlag. Die Volksmusik-Ikone spricht <a href=\"https:\/\/www.abendzeitung-muenchen.de\/promis\/margot-hellwig-gibt-einblick-in-ihr-leben-haus-besuch-bei-der-volksmusik-ikone-in-muenchen-art-1122071\" target=\"_blank\" rel=\"noopener nofollow\" title=\"Margot Hellwig gibt exklusiven Einblick in ihr Leben: Haus-Besuch bei der Volksmusik-Ikone in M\u00fcnchen\">am Wohnzimmertisch ihres gem\u00fctlichen Zuhauses<\/a> \u00fcber die \u00fcberraschende Absetzung der Mross-Sendung.<\/p>\n<p>Margot Hellwig: &#8222;Immer wieder sonntags&#8220; war Existenzgrundlage von Stefan Mross<\/p>\n<p>Im Gespr\u00e4ch mit der AZ findet Margot Hellwig deutliche Worte \u00fcber den Wandel: &#8222;Es gibt zu wenige TV-Shows mit Volksmusik und Schlager. Jetzt wurde auch noch &#8218;Immer wieder sonntags&#8216; abgesetzt. Das ist so bitter. Das war ja Stefan Mross&#8216; Existenz.&#8220; Hellwig sieht nicht nur eine erfolgreiche Sendung verschwinden, sondern auch eine wichtige Plattform f\u00fcr K\u00fcnstler \u2013 und eine feste Konstante im Leben von Mross. Derzeit pr\u00e4sentiert der Entertainer keine weitere Show im Fernsehen.<\/p>\n<p>Jahrzehntelange Verbindung der Volksmusik-Stars<\/p>\n<p>Margot Hellwig und Stefan Mross verbindet eine lange gemeinsame Erfolgsgeschichte. Bereits in den Neunzigern begegneten sich die beiden bei TV-Auftritten, Volksmusik-Galas und Tour-Produktionen. Auch bei &#8222;Immer wieder sonntags&#8220; war Hellwig mehrfach zu Gast. Zuletzt im Jahr 2014.<\/p>\n<p>    <img decoding=\"async\" loading=\"lazy\" src=\"https:\/\/www.europesays.com\/de\/wp-content\/uploads\/2026\/04\/1682010_stefan-mross-margot-hellwig_artikelbild-50proz_1FVTOh_CrYsAl.jpg\" alt=\"Mross-Vertraute Margot Hellwig bedauert die &quot;Immer wieder sonntags&quot;-Absetzung\" title=\"Mross-Vertraute Margot Hellwig bedauert die &quot;Immer wieder sonntags&quot;-Absetzung\" width=\"406\" height=\"610\"\/><\/p>\n<p>      Mross-Vertraute Margot Hellwig bedauert die &#8222;Immer wieder sonntags&#8220;-Absetzung<br \/>\n      \u00a9 imago\/Future Image<\/p>\n<p>    Mross-Vertraute Margot Hellwig bedauert die &#8222;Immer wieder sonntags&#8220;-Absetzung<\/p>\n<p>von imago\/Future Image <\/p>\n<p>&#8222;}&#8220;&gt; <\/p>\n<p>Maria und Margot Hellwig erlebten noch eine &#8222;finanziell gute Zeit&#8220;<\/p>\n<p>Bereits mit f\u00fcnf Jahren stand Margot Hellwig auf der B\u00fchne des Bauerntheaters Reit im Winkl. Von 1963 bis 2010 trat sie gemeinsam mit ihrer Mutter Maria (\u202090) auf. Heute blickt Margot Hellwig stolz und gelassen auf diese sehr erfolgreichen B\u00fchnenjahre zur\u00fcck: &#8222;Wir hatten noch eine tolle und vor allem finanziell gute Zeit.&#8220; Gemeint ist eine \u00c4ra, in der Volksmusik im Fernsehen und auf Festen regelm\u00e4\u00dfig stattfand \u2013 und Musikanten gut davon leben konnten. &#8222;Junge K\u00fcnstler haben es heutzutage schwer, bekannt zu werden und sich eine Karriere aufzubauen&#8220;, bedauert Hellwig im AZ-Gespr\u00e4ch. Insgesamt fehle es an Formaten, die Newcomer im TV pr\u00e4sentieren w\u00fcrden.<\/p>\n<p>     <img decoding=\"async\" loading=\"lazy\" src=\"https:\/\/www.europesays.com\/de\/wp-content\/uploads\/2026\/04\/1682012_wie-die-mutter-so-die-tochter-margot-hellwig-wird-70_artikelbild-75proz_1FVTOj_zYf5ep.jpg\" alt=\"Maria und Margot Hellwig unterhielten viele Jahrzehnte ein begeistertes Publikum.\" title=\"Maria und Margot Hellwig unterhielten viele Jahrzehnte ein begeistertes Publikum.\" width=\"609\" height=\"463\"\/><\/p>\n<p>      Maria und Margot Hellwig unterhielten viele Jahrzehnte ein begeistertes Publikum.<br \/>\n      \u00a9 dpa\/Horst Ossinger<\/p>\n<p>    Maria und Margot Hellwig unterhielten viele Jahrzehnte ein begeistertes Publikum.<\/p>\n<p>von dpa\/Horst Ossinger <\/p>\n<p>&#8222;}&#8220;&gt; <\/p>\n<p>2015 verabschiedete sich Margot Hellwig bei <a href=\"https:\/\/www.abendzeitung-muenchen.de\/person\/florian-silbereisen\/\" rel=\"nofollow noopener\" target=\"_blank\">Florian Silbereisen<\/a> offiziell von der B\u00fchne. Eine R\u00fcckkehr schlie\u00dft sie aus: &#8222;Ich kann mir kein TV-Comeback vorstellen. Seit dem Tod meines Mannes habe ich nicht mehr gesungen. Ich habe die Freude am Singen verloren.&#8220;<\/p>\n<p>     <img decoding=\"async\" loading=\"lazy\" src=\"https:\/\/www.europesays.com\/de\/wp-content\/uploads\/2026\/04\/1682013_circus-krone-weihnachts-premiere-2013-in-muenchen-am-25-12-2013_artikelbild-75proz_1FVTOl_0o.jpeg\" alt=\"Margot Hellwig pflegte bis zuletzt Ehemann Arthur Lindermayr. Als 16-j\u00e4hrige Sch\u00fclerin lernte sie den Lehrer kennen.\" title=\"Margot Hellwig pflegte bis zuletzt Ehemann Arthur Lindermayr. Als 16-j\u00e4hrige Sch\u00fclerin lernte sie den Lehrer kennen.\" width=\"609\" height=\"406\"\/><\/p>\n<p>      Margot Hellwig pflegte bis zuletzt Ehemann Arthur Lindermayr. Als 16-j\u00e4hrige Sch\u00fclerin lernte sie den Lehrer kennen.<br \/>\n      \u00a9 BrauerPhotos\/DominikBeckmann<\/p>\n<p>    Margot Hellwig pflegte bis zuletzt Ehemann Arthur Lindermayr. Als 16-j\u00e4hrige Sch\u00fclerin lernte sie den Lehrer kennen.<\/p>\n<p>von BrauerPhotos\/DominikBeckmann <\/p>\n<p>&#8222;}&#8220;&gt; <\/p>\n<p>Der Gedanke, nach einem Auftritt allein nach Hause zu kommen, sei f\u00fcr Hellwig nicht vorstellbar. Ehemann Arthur, mit dem sie 55 Jahre verheiratet war, verstarb 2016 nach langer Krankheit.<\/p>\n<p>     <img decoding=\"async\" loading=\"lazy\" src=\"https:\/\/www.europesays.com\/de\/wp-content\/uploads\/2026\/04\/1682011_imago51757526_artikelbild-75proz_1FVTOi_CqvKQM.jpg\" alt=\"Verstanden sich bestens: Das Volksmusik-Duo Maria und Margot Hellwig sowie Entertainer Florian Silbereisen.\" title=\"Verstanden sich bestens: Das Volksmusik-Duo Maria und Margot Hellwig sowie Entertainer Florian Silbereisen.\" width=\"609\" height=\"440\"\/><\/p>\n<p>      Verstanden sich bestens: Das Volksmusik-Duo Maria und Margot Hellwig sowie Entertainer Florian Silbereisen.<br \/>\n      \u00a9 imago\/star-media<\/p>\n<p>    Verstanden sich bestens: Das Volksmusik-Duo Maria und Margot Hellwig sowie Entertainer Florian Silbereisen.<\/p>\n<p>von imago\/star-media <\/p>\n<p>&#8222;}&#8220;&gt; <\/p>\n<p><a href=\"https:\/\/www.abendzeitung-muenchen.de\/promis\/keine-besuche-mehr-kontakt-zwischen-margot-hellwig-und-florian-silbereisen-abgebrochen-art-1122765\" target=\"_blank\" rel=\"noopener nofollow\" title=\"Keine Besuche mehr: Kontakt zwischen Margot Hellwig und Florian Silbereisen abgebrochen\">Mit Florian Silbereisen hat die 84-J\u00e4hrige derzeit keinen pers\u00f6nlichen Kontakt.<\/a> Vor ein paar Jahren habe Silbereisen sie aber noch einmal daheim besucht: &#8222;Das Leben, die Show und der Alltag gehen weiter. Die Zeiten haben sich auch ge\u00e4ndert. Aber Florian ist einfach auch zu besch\u00e4ftigt. Sein Pensum ist beeindruckend.&#8220;<\/p>\n<p><video id=\"streamset-270\" class=\"video-js vjs-fluid vjs-default-skin\" poster=\"\/storage\/image\/0\/1\/4\/4\/1674410_margot-hellwig-zeigt-der-az-ihr-zuhause_artikelbild-flex_1FOBgL_FxaWLc.jpg\" controls=\"\" preload=\"none\"><\/p>\n<p><\/video><\/p>\n<p>Exklusiver Einblick: Margot Hellwig begr\u00fc\u00dft die AZ in ihrem Wohnzimmer<\/p>\n<p>F\u00fcr Hellwig bleibt die Sorge um einstige Weggef\u00e4hrten wie Stefan Mross<\/p>\n<p>W\u00e4hrend Margot Hellwig <a href=\"https:\/\/www.abendzeitung-muenchen.de\/promis\/margot-hellwig-gibt-einblick-in-ihr-leben-haus-besuch-bei-der-volksmusik-ikone-in-muenchen-art-1122071\" target=\"_blank\" rel=\"noopener nofollow\" title=\"Margot Hellwig gibt exklusiven Einblick in ihr Leben: Haus-Besuch bei der Volksmusik-Ikone in M\u00fcnchen\">in ihrem M\u00fcnchner Zuhause<\/a> auf Jahrzehnte im Rampenlicht zur\u00fcckschaut, steht die Branche vor einem Wandel. Formate wie &#8222;Immer wieder sonntags&#8220; verschwinden \u2013 neue, oft digitale Konzepte r\u00fccken in den Fokus. F\u00fcr Hellwig bleibt vor allem die Sorge um einstige Weggef\u00e4hrten wie Stefan Mross \u2013 und die Frage, welchen Platz Volksmusik und Schlager k\u00fcnftig noch im Fernsehen haben werden.<\/p>\n","protected":false},"excerpt":{"rendered":"Das Ende der ARD-Show &#8222;Immer wieder sonntags&#8220; sorgt in der Branche und bei Fans f\u00fcr gro\u00dfe Unruhe. Seit&hellip;\n","protected":false},"author":2,"featured_media":965542,"comment_status":"","ping_status":"","sticky":false,"template":"","format":"standard","meta":{"footnotes":"","_share_on_mastodon":"0"},"categories":[1776],"tags":[209789,223,1801,29,214,17821,30,63942,209788,3074,1802,34261,63941,215],"class_list":["post-965541","post","type-post","status-publish","format-standard","has-post-thumbnail","category-prominente","tag-abetzung","tag-ard","tag-celebrities","tag-deutschland","tag-entertainment","tag-existenz","tag-germany","tag-immer-wieder-sonntags","tag-margot-hellwig","tag-meinung","tag-prominente","tag-sorgen","tag-stefan-mross","tag-unterhaltung"],"share_on_mastodon":{"url":"https:\/\/pubeurope.com\/@de\/116450584988839114","error":""},"_links":{"self":[{"href":"https:\/\/www.europesays.com\/de\/wp-json\/wp\/v2\/posts\/965541","targetHints":{"allow":["GET"]}}],"collection":[{"href":"https:\/\/www.europesays.com\/de\/wp-json\/wp\/v2\/posts"}],"about":[{"href":"https:\/\/www.europesays.com\/de\/wp-json\/wp\/v2\/types\/post"}],"author":[{"embeddable":true,"href":"https:\/\/www.europesays.com\/de\/wp-json\/wp\/v2\/users\/2"}],"replies":[{"embeddable":true,"href":"https:\/\/www.europesays.com\/de\/wp-json\/wp\/v2\/comments?post=965541"}],"version-history":[{"count":0,"href":"https:\/\/www.europesays.com\/de\/wp-json\/wp\/v2\/posts\/965541\/revisions"}],"wp:featuredmedia":[{"embeddable":true,"href":"https:\/\/www.europesays.com\/de\/wp-json\/wp\/v2\/media\/965542"}],"wp:attachment":[{"href":"https:\/\/www.europesays.com\/de\/wp-json\/wp\/v2\/media?parent=965541"}],"wp:term":[{"taxonomy":"category","embeddable":true,"href":"https:\/\/www.europesays.com\/de\/wp-json\/wp\/v2\/categories?post=965541"},{"taxonomy":"post_tag","embeddable":true,"href":"https:\/\/www.europesays.com\/de\/wp-json\/wp\/v2\/tags?post=965541"}],"curies":[{"name":"wp","href":"https:\/\/api.w.org\/{rel}","templated":true}]}}