{"id":965735,"date":"2026-04-22T23:49:15","date_gmt":"2026-04-22T23:49:15","guid":{"rendered":"https:\/\/www.europesays.com\/de\/965735\/"},"modified":"2026-04-22T23:49:15","modified_gmt":"2026-04-22T23:49:15","slug":"knappes-unterliegen-fuer-sc-preussen-muenster-ii-gegen-fc-eintracht-rheine","status":"publish","type":"post","link":"https:\/\/www.europesays.com\/de\/965735\/","title":{"rendered":"Knappes Unterliegen f\u00fcr SC Preu\u00dfen M\u00fcnster II gegen FC Eintracht Rheine"},"content":{"rendered":"<p>                                Spielinfos:<br \/>\nDatum &amp; Uhrzeit: 17.04.2026 19.30 Uhr<br \/>Austragungsort: M\u00fcnster<br \/>Wettbewerb: Oberliga Westfalen<br \/>Spieltag: 32<\/p>\n<p>Spielbericht: SC Preu\u00dfen M\u00fcnster II gegen FC Eintracht Rheine 2:3 (1:2)<\/p>\n<p id=\"absatz2\" class=\"em_text\">M\u00fcnster. Ein mitrei\u00dfendes Kopf-an-Kopf-Rennen bietet sich den 275 Zuschauern in der M\u00fcnsteraner LVM-Youngstars-Arena am Freitag. Der Schiedsrichter Ali Magrouda ist schwer besch\u00e4ftigt. Sage und schreibe sieben Karten verteilt der Unparteiische in dieser hitzigen Partie.<\/p>\n<p id=\"absatz3\" class=\"em_text\">Bereits kurz nach Spielbeginn landet Luca Meyer den ersten Treffer und verschafft den G\u00e4sten die F\u00fchrung (8). Der Ausgleich folgt in Minute 39: Diesmal setzt Mikail Demirhan den Ball ins Netz. F\u00fcr Treffer Nummer drei sorgt Bennet van den Berg: Wieder Rheine (1). Es ist eine Partie zum Mitfiebern. Till Hausotter trifft f\u00fcr M\u00fcnster (48). Es steht 2:2.<\/p>\n<p id=\"absatz4\" class=\"em_text\">In der verbleibenden Spielzeit versuchen die M\u00fcnsteraner durch Spieleraustausch nochmal neue Energie in die Partie zu bringen. Luca Steinfeldt ersetzt Tidiane Ba Gueye und Ben Kronenberg f\u00fcr Arbnor Hoti. Die Bem\u00fchungen bleiben jedoch vergeblich.<\/p>\n<p id=\"absatz5\" class=\"em_text\">Das letzte Tor der Partie f\u00e4llt 23 Minuten nach Wiederanspiel: Kurzerhand man\u00f6vriert Luca Meyer den Ball erneut hinter die gegnerische Linie und sichert den Triumph f\u00fcr die Mannschaft aus Rheine (68). Die M\u00fcnsteraner rutschten auf Platz f\u00fcnf ab.<\/p>\n<p id=\"absatz6\" class=\"em_text\">Tore fallen keine mehr. In Spielminute 93 handelt sich die FC Eintracht Rheine noch eine Gelbe Karte ein.<\/p>\n<p>Die Aufstellungen: SC Preu\u00dfen M\u00fcnster II &#8211; FC Eintracht Rheine<br \/>\nSC Preu\u00dfen M\u00fcnster II: Niklas Varelmann (20), Moritz Krause (2), Mikail Demirhan (23), Leander Hoppenheit (1), Leon Alexander Kayser (7), Michel Scharlau (18), Ryan Acar (29), Till Hausotter (21), Tidiane Ba Gueye (15), Arbnor Hoti (9), Ben Menke (6)<br \/>FC Eintracht Rheine: Pascal Petruschka (11), Dicle Sahin (14), Tim Johan Heger (31), Gabriel Cavar (6), Josha Felix H\u00e4usler (27), Pierre Miguel De Faria Alves Pinto (15), S\u00f6ren Wald (17), Matthias Br\u00e4uer (33), Bennet van den Berg (7), Adrian Wanner (24), Luca Meyer (25)<br \/>Schiedsrichter: Ali Magrouda<\/p>\n<p id=\"absatz7\" class=\"em_text\">Assistent: Ole Richter<\/p>\n<p id=\"absatz8\" class=\"em_text\">Assistent: Jona Siebert<\/p>\n<p id=\"absatz9\" class=\"em_text\" style=\"font-size: .8em;\">Die Inhalte dieses Berichts wurden automatisch auf der Basis von DFB-Daten zusammengestellt.<\/p>\n","protected":false},"excerpt":{"rendered":"Spielinfos: Datum &amp; Uhrzeit: 17.04.2026 19.30 UhrAustragungsort: M\u00fcnsterWettbewerb: Oberliga WestfalenSpieltag: 32 Spielbericht: SC Preu\u00dfen M\u00fcnster II gegen FC&hellip;\n","protected":false},"author":2,"featured_media":66341,"comment_status":"","ping_status":"","sticky":false,"template":"","format":"standard","meta":{"footnotes":"","_share_on_mastodon":"0"},"categories":[1843],"tags":[3364,29,29576,5282,30,207587,8405,734,7774,1613,8970,1209,12006,29962,17706,17712,7773,7765,8404],"class_list":["post-965735","post","type-post","status-publish","format-standard","has-post-thumbnail","category-muenster","tag-de","tag-deutschland","tag-fc-eintracht-rheine","tag-fuball","tag-germany","tag-luca-meyer","tag-mnster","tag-meta_artikelklasse_nachricht","tag-meta_themen_sport","tag-meta_userneeds_informieremich","tag-muenster","tag-nordrhein-westfalen","tag-oberliga","tag-rheine","tag-sc-preuen-mnster-ii","tag-serie_ligaid_210198","tag-serie_ligaid_all","tag-spielinfo","tag-westfalen"],"share_on_mastodon":{"url":"https:\/\/pubeurope.com\/@de\/116451040816891287","error":""},"_links":{"self":[{"href":"https:\/\/www.europesays.com\/de\/wp-json\/wp\/v2\/posts\/965735","targetHints":{"allow":["GET"]}}],"collection":[{"href":"https:\/\/www.europesays.com\/de\/wp-json\/wp\/v2\/posts"}],"about":[{"href":"https:\/\/www.europesays.com\/de\/wp-json\/wp\/v2\/types\/post"}],"author":[{"embeddable":true,"href":"https:\/\/www.europesays.com\/de\/wp-json\/wp\/v2\/users\/2"}],"replies":[{"embeddable":true,"href":"https:\/\/www.europesays.com\/de\/wp-json\/wp\/v2\/comments?post=965735"}],"version-history":[{"count":0,"href":"https:\/\/www.europesays.com\/de\/wp-json\/wp\/v2\/posts\/965735\/revisions"}],"wp:featuredmedia":[{"embeddable":true,"href":"https:\/\/www.europesays.com\/de\/wp-json\/wp\/v2\/media\/66341"}],"wp:attachment":[{"href":"https:\/\/www.europesays.com\/de\/wp-json\/wp\/v2\/media?parent=965735"}],"wp:term":[{"taxonomy":"category","embeddable":true,"href":"https:\/\/www.europesays.com\/de\/wp-json\/wp\/v2\/categories?post=965735"},{"taxonomy":"post_tag","embeddable":true,"href":"https:\/\/www.europesays.com\/de\/wp-json\/wp\/v2\/tags?post=965735"}],"curies":[{"name":"wp","href":"https:\/\/api.w.org\/{rel}","templated":true}]}}