{"id":965761,"date":"2026-04-23T00:04:15","date_gmt":"2026-04-23T00:04:15","guid":{"rendered":"https:\/\/www.europesays.com\/de\/965761\/"},"modified":"2026-04-23T00:04:15","modified_gmt":"2026-04-23T00:04:15","slug":"peer-steinbrueck-sieht-lage-deutschlands-als-beispiellos-und-nennt-einst-ignorierte-elefanten-im-raum","status":"publish","type":"post","link":"https:\/\/www.europesays.com\/de\/965761\/","title":{"rendered":"Peer Steinbr\u00fcck sieht Lage Deutschlands als beispiellos \u2013 und nennt einst ignorierte \u201eElefanten im Raum\u201c"},"content":{"rendered":"<p class=\"is-first-paragraph\" data-external=\"Article.FirstParagraph\">Der fr\u00fchere Bundesfinanzminister <a class=\"is-link c-block-items__link c-link--rich-text-renderer\" href=\"https:\/\/www.welt.de\/themen\/peer-steinbrueck\/\" data-internal-tracking-enabled=\"true\" data-internal-tracking=\"{&quot;action&quot;:&quot;click&quot;,&quot;label&quot;:&quot;link&quot;,&quot;name&quot;:&quot;Inline Element&quot;,&quot;data&quot;:{&quot;source&quot;:&quot;&quot;,&quot;target&quot;:&quot;https:\/\/www.welt.de\/themen\/peer-steinbrueck\/&quot;,&quot;trackingName&quot;:&quot;&quot;,&quot;trackingLabel&quot;:&quot;&quot;}}\" rel=\"nofollow noopener\" target=\"_blank\">Peer Steinbr\u00fcck<\/a> hat die gegenw\u00e4rtige Lage Deutschlands als beispiellos beschrieben und zugleich Selbstkritik an seiner eigenen Regierungsbeteiligung in der Merkel-\u00c4ra ge\u00fcbt. \u201eSolange ich zur\u00fcckdenken kann, habe ich eine solche Verdichtung von Herausforderungen nicht erlebt, und auch unvergleichlich in Erinnerung der Finanzmarktkrise 2008\/09\u201c, sagte Steinbr\u00fcck im <a class=\"is-link c-block-items__link is-external c-link--rich-text-renderer\" href=\"https:\/\/www.spiegel.de\/politik\/spitzengespraech-zur-wirtschaftskrise-peer-steinbrueck-yasmin-fahimi-und-joerg-dittrich-im-talk-a-21edde9c-fab2-4784-ad73-0803a68fe814\" target=\"_blank\" title=\"Link wird in einem neuen Tab ge\u00f6ffnet\" rel=\"nofollow noopener\" data-internal-tracking-enabled=\"true\" data-internal-tracking=\"{&quot;action&quot;:&quot;click&quot;,&quot;label&quot;:&quot;link&quot;,&quot;name&quot;:&quot;Inline Element&quot;,&quot;data&quot;:{&quot;source&quot;:&quot;&quot;,&quot;target&quot;:&quot;https:\/\/www.spiegel.de\/politik\/spitzengespraech-zur-wirtschaftskrise-peer-steinbrueck-yasmin-fahimi-und-joerg-dittrich-im-talk-a-21edde9c-fab2-4784-ad73-0803a68fe814&quot;,&quot;trackingName&quot;:&quot;&quot;,&quot;trackingLabel&quot;:&quot;&quot;}}\">\u201eSpiegel\u201c\u2011Spitzengespr\u00e4ch<\/a> mit Journalist Markus Feldenkirchen.<\/p>\n<p>Zugleich kritisierte Steinbr\u00fcck die aktuell handelnden Politiker. \u201eIch wundere mich ein bisschen, wie wenig die Politik die Dimension und die Konsequenzen dieser Zeitenwende kommuniziert hat.\u201c<\/p>\n<p>Mit Blick auf seine eigene Regierungszeit zeigte sich Steinbr\u00fcck selbstkritisch. \u201eWir waren alle diejenigen, die die gro\u00dfen Elefanten im Raum nicht sehen wollten\u201c, sagte er. Zu diesen \u201eElefanten\u201c z\u00e4hlte er \u201edie Frage der Verteidigungsf\u00e4higkeit\u201c, die fehlende Wettbewerbsf\u00e4higkeit sowie den \u201eenormen demografischen Druck auf die sozialen Sicherungssysteme und damit auch verbunden eine \u00dcberkomplexit\u00e4t dieses hohen Kulturgutes Sozialstaat\u201c. Auch die Defizite in der Digitalisierung, Infrastruktur sowie \u201ezu wenige Investitionen in Bildung\u201c seien zu lange \u00fcbersehen worden, so Steinbr\u00fcck.<\/p>\n","protected":false},"excerpt":{"rendered":"Der fr\u00fchere Bundesfinanzminister Peer Steinbr\u00fcck hat die gegenw\u00e4rtige Lage Deutschlands als beispiellos beschrieben und zugleich Selbstkritik an seiner&hellip;\n","protected":false},"author":2,"featured_media":965762,"comment_status":"","ping_status":"","sticky":false,"template":"","format":"standard","meta":{"footnotes":"","_share_on_mastodon":"0"},"categories":[5],"tags":[331,332,34097,296,3364,29,30,13,19814,14,15,110,47572,12,184,47571,45],"class_list":["post-965761","post","type-post","status-publish","format-standard","has-post-thumbnail","category-nachrichten","tag-aktuelle-nachrichten","tag-aktuelle-news","tag-angela","tag-berlin","tag-de","tag-deutschland","tag-germany","tag-headlines","tag-merkel","tag-nachrichten","tag-news","tag-newsteam","tag-peer","tag-schlagzeilen","tag-spd","tag-steinbrueck","tag-texttospeech"],"share_on_mastodon":{"url":"https:\/\/pubeurope.com\/@de\/116451099713262638","error":""},"_links":{"self":[{"href":"https:\/\/www.europesays.com\/de\/wp-json\/wp\/v2\/posts\/965761","targetHints":{"allow":["GET"]}}],"collection":[{"href":"https:\/\/www.europesays.com\/de\/wp-json\/wp\/v2\/posts"}],"about":[{"href":"https:\/\/www.europesays.com\/de\/wp-json\/wp\/v2\/types\/post"}],"author":[{"embeddable":true,"href":"https:\/\/www.europesays.com\/de\/wp-json\/wp\/v2\/users\/2"}],"replies":[{"embeddable":true,"href":"https:\/\/www.europesays.com\/de\/wp-json\/wp\/v2\/comments?post=965761"}],"version-history":[{"count":0,"href":"https:\/\/www.europesays.com\/de\/wp-json\/wp\/v2\/posts\/965761\/revisions"}],"wp:featuredmedia":[{"embeddable":true,"href":"https:\/\/www.europesays.com\/de\/wp-json\/wp\/v2\/media\/965762"}],"wp:attachment":[{"href":"https:\/\/www.europesays.com\/de\/wp-json\/wp\/v2\/media?parent=965761"}],"wp:term":[{"taxonomy":"category","embeddable":true,"href":"https:\/\/www.europesays.com\/de\/wp-json\/wp\/v2\/categories?post=965761"},{"taxonomy":"post_tag","embeddable":true,"href":"https:\/\/www.europesays.com\/de\/wp-json\/wp\/v2\/tags?post=965761"}],"curies":[{"name":"wp","href":"https:\/\/api.w.org\/{rel}","templated":true}]}}