{"id":965780,"date":"2026-04-23T00:16:23","date_gmt":"2026-04-23T00:16:23","guid":{"rendered":"https:\/\/www.europesays.com\/de\/965780\/"},"modified":"2026-04-23T00:16:23","modified_gmt":"2026-04-23T00:16:23","slug":"dresden-pflanzt-11-baeume-an-zwei-schulen","status":"publish","type":"post","link":"https:\/\/www.europesays.com\/de\/965780\/","title":{"rendered":"Dresden pflanzt 11 B\u00e4ume an zwei Schulen"},"content":{"rendered":"<p><b>Dresden. <\/b>Mehr Schatten, mehr Aufenthaltsqualit\u00e4t, mehr Klimaschutz: Mit neuen Baumpflanzungen an zwei Schulstandorten setzt die Landeshauptstadt Dresden gezielt auf ein besseres Lernumfeld f\u00fcr Sch\u00fclerinnen und Sch\u00fcler.<\/p>\n<p>An der Oberschule in Cossebaude wurden insgesamt sechs B\u00e4ume gepflanzt. Vier S\u00e4uleneichen pr\u00e4gen nun die S\u00fcdfassade des Geb\u00e4udes, zwei weitere erg\u00e4nzen den Baumbestand im Schulhof. Ziel ist es, bestehende L\u00fccken zu schlie\u00dfen und die Fl\u00e4chen langfristig aufzuwerten.<\/p>\n<p>Auch in Johannstadt-S\u00fcd hat sich das Bild ver\u00e4ndert. Am Berufsschulzentrum f\u00fcr Agrarwirtschaft und Ern\u00e4hrung in der Canalettostra\u00dfe sorgen f\u00fcnf neu gepflanzte Amberb\u00e4ume k\u00fcnftig f\u00fcr mehr Gr\u00fcn. Zus\u00e4tzlich wurden versiegelte Fl\u00e4chen ge\u00f6ffnet. Bodendeckende Pflanzen verbessern dort die Wasserspeicherung, eingefasst von einer nat\u00fcrlichen Begrenzung aus Robinienst\u00e4mmen.<\/p>\n<p>Die neuen B\u00e4ume werden ein Jahr lang intensiv gepflegt, damit sie gut anwachsen. Neben der optischen Aufwertung steht vor allem der praktische Nutzen im Fokus: In den Sommermonaten sollen die Geh\u00f6lze f\u00fcr Schatten sorgen und die Aufenthaltsqualit\u00e4t auf den Schulgel\u00e4nden deutlich verbessern.<\/p>\n","protected":false},"excerpt":{"rendered":"Dresden. Mehr Schatten, mehr Aufenthaltsqualit\u00e4t, mehr Klimaschutz: Mit neuen Baumpflanzungen an zwei Schulstandorten setzt die Landeshauptstadt Dresden gezielt&hellip;\n","protected":false},"author":2,"featured_media":965781,"comment_status":"","ping_status":"","sticky":false,"template":"","format":"standard","meta":{"footnotes":"","_share_on_mastodon":"0"},"categories":[1835],"tags":[77428,209820,3364,29,2386,141343,96171,178964,30,209819,859],"class_list":["post-965780","post","type-post","status-publish","format-standard","has-post-thumbnail","category-dresden","tag-baumpflanzung","tag-berufsschulzentrum-fr-agrarwirtschaft-und-ernhrung","tag-de","tag-deutschland","tag-dresden","tag-dresden-news","tag-dresden-cossebaude","tag-dresden-johannstadt","tag-germany","tag-oberschule-cossebaude","tag-sachsen"],"share_on_mastodon":{"url":"https:\/\/pubeurope.com\/@de\/116451146971627731","error":""},"_links":{"self":[{"href":"https:\/\/www.europesays.com\/de\/wp-json\/wp\/v2\/posts\/965780","targetHints":{"allow":["GET"]}}],"collection":[{"href":"https:\/\/www.europesays.com\/de\/wp-json\/wp\/v2\/posts"}],"about":[{"href":"https:\/\/www.europesays.com\/de\/wp-json\/wp\/v2\/types\/post"}],"author":[{"embeddable":true,"href":"https:\/\/www.europesays.com\/de\/wp-json\/wp\/v2\/users\/2"}],"replies":[{"embeddable":true,"href":"https:\/\/www.europesays.com\/de\/wp-json\/wp\/v2\/comments?post=965780"}],"version-history":[{"count":0,"href":"https:\/\/www.europesays.com\/de\/wp-json\/wp\/v2\/posts\/965780\/revisions"}],"wp:featuredmedia":[{"embeddable":true,"href":"https:\/\/www.europesays.com\/de\/wp-json\/wp\/v2\/media\/965781"}],"wp:attachment":[{"href":"https:\/\/www.europesays.com\/de\/wp-json\/wp\/v2\/media?parent=965780"}],"wp:term":[{"taxonomy":"category","embeddable":true,"href":"https:\/\/www.europesays.com\/de\/wp-json\/wp\/v2\/categories?post=965780"},{"taxonomy":"post_tag","embeddable":true,"href":"https:\/\/www.europesays.com\/de\/wp-json\/wp\/v2\/tags?post=965780"}],"curies":[{"name":"wp","href":"https:\/\/api.w.org\/{rel}","templated":true}]}}